






{"id":23610,"date":"2021-01-06T10:28:42","date_gmt":"2021-01-06T01:28:42","guid":{"rendered":"https:\/\/guide.fire-emblem-heroes.com\/?p=23610"},"modified":"2021-02-01T16:35:36","modified_gmt":"2021-02-01T07:35:36","slug":"04004001000613-2","status":"publish","type":"post","link":"https:\/\/guide.fire-emblem-heroes.com\/es-ES\/04004001000613-2\/","title":{"rendered":"<span class=\"character_nick\">Nativo de Iz<\/span><span class=\"character_name\">Ronan<\/span>"},"content":{"rendered":"<main id=\"CHARA_381\" class=\"main_page character\">\r\n            <article>\r\n                <section class=\"sec sec_character\">\r\n                    <ul class=\"sec_ul sec_ul--character slick-box\">\r\n                        <li class=\"sec_li sec_li--character\">\r\n                            <img decoding=\"async\" src=\"https:\/\/guide.fire-emblem-heroes.com\/wp-content\/uploads\/ronan_villager_of_iz_slide01.png\" alt=\"\" \/>\r\n                        <\/li>\r\n                        <li class=\"sec_li sec_li--character\">\r\n                            <img decoding=\"async\" src=\"https:\/\/guide.fire-emblem-heroes.com\/wp-content\/uploads\/ronan_villager_of_iz_slide02.png\" alt=\"\" \/>\r\n                        <\/li>\r\n                        <li class=\"sec_li sec_li--character\">\r\n                            <img decoding=\"async\" src=\"https:\/\/guide.fire-emblem-heroes.com\/wp-content\/uploads\/ronan_villager_of_iz_slide03.png\" alt=\"\" \/>\r\n                        <\/li>\r\n                        <li class=\"sec_li sec_li--character\">\r\n                            <img decoding=\"async\" src=\"https:\/\/guide.fire-emblem-heroes.com\/wp-content\/uploads\/ronan_villager_of_iz_slide04.png\" alt=\"\" \/>\r\n                        <\/li>\r\n                    <\/ul>\r\n                    <div class=\"sec_charainfoarea flex\">\r\n                        <div class=\"sec_gif\"><img loading=\"lazy\" decoding=\"async\" src=\"https:\/\/guide.fire-emblem-heroes.com\/wp-content\/uploads\/ronan_villager_of_iz.png\" alt=\"\" width=\"210\" height=\"190\"\/><\/div>\r\n                        <div class=\"sec_charainfo\">\r\n                            <p id=\"CHARA_381_002\" class=\"sec_characate sec_characate--heroes\">H\u00e9roes<\/p>\r\n                            <p id=\"CHARA_381_003\" class=\"sec_charanick\">Nativo de Iz<\/p>\r\n                            <p id=\"CHARA_381_004\" class=\"sec_charaname\">Ronan<\/p>\r\n                            <p id=\"CHARA_381_005\" class=\"sec_charaappearancetxt\">Aparece en<\/p>\r\n                            <p id=\"CHARA_381_006\" class=\"sec_charaappearancetxt\">Fire Emblem: Thracia 776<\/p>\r\n                        <\/div>\r\n                    <\/div>\r\n                <\/section>\r\n            <\/article>\r\n            <article>\r\n                <section class=\"sec sec_characterarea\">\r\n                    <div class=\"sec_h2chara\">\r\n                        <p id=\"CHARA_381_007\" class=\"sec_h2charattl\">\u00a1Presentaci\u00f3n de personajes con Sharena!<\/p>\r\n                        <h2 id=\"CHARA_381_008\" class=\"sec_h2charatxt\">Nativo de Iz Ronan<\/h2>\r\n                    <\/div>\r\n                    <dl class=\"sec_dl flex\">\r\n                        <dt id=\"CHARA_381_009\" class=\"sec_dt\">Ronan es un cazador de Iz, una peque\u00f1a aldea de Thracia. Es un h\u00e9roe de esp\u00edritu sincero que tiene un profundo sentido de la justicia.<\/dt>\r\n                        <dd class=\"sec_dd\">\r\n                            <a href=\"https:\/\/guide.fire-emblem-heroes.com\/wp-content\/uploads\/ronan_villager_of_iz_pop01.png\" class=\"popup-image\">\r\n                                <img decoding=\"async\" src=\"https:\/\/guide.fire-emblem-heroes.com\/wp-content\/uploads\/ronan_villager_of_iz_info01.png\" alt=\"\" \/>\r\n                            <\/a>\r\n                        <\/dd>\r\n                        <dt id=\"CHARA_381_010\" class=\"sec_dt\">Su aldea era el objetivo preferido de unos despiadados piratas que ten\u00edan atemorizado a todos los habitantes. Sin embargo, un d\u00eda a Ronan se le acab\u00f3 la paciencia e, incapaz de soportarlo ni un minuto m\u00e1s, decidi\u00f3 enfrentarse a ellos.<\/dt>\r\n                        <dd class=\"sec_dd\">\r\n                            <a href=\"https:\/\/guide.fire-emblem-heroes.com\/wp-content\/uploads\/ronan_villager_of_iz_pop02.png\" class=\"popup-image\">\r\n                                <img decoding=\"async\" src=\"https:\/\/guide.fire-emblem-heroes.com\/wp-content\/uploads\/ronan_villager_of_iz_info02.png\" alt=\"\" \/>\r\n                            <\/a>\r\n                        <\/dd>\r\n                        <dt id=\"CHARA_381_011\" class=\"sec_dt\">Por fortuna, los Valientes de Fiana llegaron en ese momento a Iz como ca\u00eddos del cielo tambi\u00e9n para detener a los piratas. Ronan se uni\u00f3 a ellos y luch\u00f3 con gran valent\u00eda en la batalla contra los malhechores.<\/dt>\r\n                        <dd class=\"sec_dd\">\r\n                            <a href=\"https:\/\/guide.fire-emblem-heroes.com\/wp-content\/uploads\/ronan_villager_of_iz_pop03.png\" class=\"popup-image\">\r\n                                <img decoding=\"async\" src=\"https:\/\/guide.fire-emblem-heroes.com\/wp-content\/uploads\/ronan_villager_of_iz_info03.png\" alt=\"\" \/>\r\n                            <\/a>\r\n                        <\/dd>\r\n                        <dt id=\"CHARA_381_012\" class=\"sec_dt\">Cuando acabaron con la amenaza de los piratas, Ronan decidi\u00f3 quedarse con los Valientes para luchar por la paz de su hogar.<\/dt>\r\n                        <dd class=\"sec_dd\">\r\n                            <a href=\"https:\/\/guide.fire-emblem-heroes.com\/wp-content\/uploads\/ronan_villager_of_iz_pop04.png\" class=\"popup-image\">\r\n                                <img decoding=\"async\" src=\"https:\/\/guide.fire-emblem-heroes.com\/wp-content\/uploads\/ronan_villager_of_iz_info04.png\" alt=\"\" \/>\r\n                            <\/a>\r\n                        <\/dd>\r\n                    <\/dl>\r\n                    <h3 id=\"CHARA_381_013\" class=\"sec_h3charatxt\">Personajes con los que tiene relaci\u00f3n<\/h3>\r\n                    <h4 id=\"CHARA_381_014\" class=\"sec_h4charatxt\">Leif<\/h4>\r\n                    <p id=\"CHARA_381_015\" class=\"sec_charatxt\">Hijo de Quan y pr\u00edncipe de Leonster. Se escond\u00eda en Fiana, pero decidi\u00f3 tomar partido cuando las fuerzas imperiales atacaron. Ayud\u00f3 a derrotar a los piratas que asolaban la aldea de Ronan.<\/p>\r\n                    <h4 id=\"CHARA_381_016\" class=\"sec_h4charatxt\">Eyvel<\/h4>\r\n                    <p id=\"CHARA_381_017\" class=\"sec_charatxt\">Se\u00f1ora de Fiana y l\u00edder de los Valientes de Fiana. Acogi\u00f3 a Leif y compa\u00f1\u00eda cuando estos escapaban del imperio de Grannvale. Tambi\u00e9n ayud\u00f3 a derrotar a los piratas que asolaban la aldea de Ronan.<\/p>\r\n                <\/section>\r\n            <\/article>\r\n        <\/main>","protected":false},"excerpt":{"rendered":"H\u00e9roes Nativo de Iz Ronan Aparece en Fire Emblem: Thracia 776 \u00a1Presentaci\u00f3n de personajes con Sharena! Nativo de Iz Ronan Ronan es un cazador de Iz, una peque\u00f1a aldea de Thracia. Es un h\u00e9roe de esp\u00edritu sincero que tiene un profundo sentido de la justicia. Su aldea era el objetivo preferido de unos despiadados piratas [&hellip;]","protected":false},"author":1,"featured_media":23716,"comment_status":"closed","ping_status":"closed","sticky":false,"template":"","format":"standard","meta":{"advanced_seo_description":"","jetpack_seo_html_title":"","jetpack_seo_noindex":false,"_jetpack_newsletter_access":"","_jetpack_dont_email_post_to_subs":false,"_jetpack_newsletter_tier_id":0,"_jetpack_memberships_contains_paywalled_content":false,"_locale":"es_ES","_original_post":"https:\/\/guide.fire-emblem-heroes.com\/?p=23604","_jetpack_memberships_contains_paid_content":false,"footnotes":"","jetpack_publicize_message":"","jetpack_publicize_feature_enabled":true,"jetpack_social_post_already_shared":true,"jetpack_social_options":{"image_generator_settings":{"template":"highway","default_image_id":0,"font":"","enabled":false},"version":2},"_wpas_customize_per_network":false,"jetpack_post_was_ever_published":false},"categories":[1384,1438,1415,1390],"tags":[1422],"class_list":["post-23610","post","type-post","status-publish","format-standard","has-post-thumbnail","hentry","category-character","category-ex_works_thracia_776","category-heroes","category-stay_heroes","tag-heroes-2","es-ES"],"jetpack_publicize_connections":[],"jetpack_featured_media_url":"https:\/\/guide.fire-emblem-heroes.com\/wp-content\/uploads\/ronan_villager_of_iz.png","jetpack_sharing_enabled":false,"jetpack_shortlink":"https:\/\/wp.me\/pa0Mj3-68O","jetpack_likes_enabled":false,"amp_enabled":false,"_links":{"self":[{"href":"https:\/\/guide.fire-emblem-heroes.com\/wp-json\/wp\/v2\/posts\/23610","targetHints":{"allow":["GET"]}}],"collection":[{"href":"https:\/\/guide.fire-emblem-heroes.com\/wp-json\/wp\/v2\/posts"}],"about":[{"href":"https:\/\/guide.fire-emblem-heroes.com\/wp-json\/wp\/v2\/types\/post"}],"author":[{"embeddable":true,"href":"https:\/\/guide.fire-emblem-heroes.com\/wp-json\/wp\/v2\/users\/1"}],"replies":[{"embeddable":true,"href":"https:\/\/guide.fire-emblem-heroes.com\/wp-json\/wp\/v2\/comments?post=23610"}],"version-history":[{"count":1,"href":"https:\/\/guide.fire-emblem-heroes.com\/wp-json\/wp\/v2\/posts\/23610\/revisions"}],"predecessor-version":[{"id":23620,"href":"https:\/\/guide.fire-emblem-heroes.com\/wp-json\/wp\/v2\/posts\/23610\/revisions\/23620"}],"wp:featuredmedia":[{"embeddable":true,"href":"https:\/\/guide.fire-emblem-heroes.com\/wp-json\/wp\/v2\/media\/23716"}],"wp:attachment":[{"href":"https:\/\/guide.fire-emblem-heroes.com\/wp-json\/wp\/v2\/media?parent=23610"}],"wp:term":[{"taxonomy":"category","embeddable":true,"href":"https:\/\/guide.fire-emblem-heroes.com\/wp-json\/wp\/v2\/categories?post=23610"},{"taxonomy":"post_tag","embeddable":true,"href":"https:\/\/guide.fire-emblem-heroes.com\/wp-json\/wp\/v2\/tags?post=23610"}],"curies":[{"name":"wp","href":"https:\/\/api.w.org\/{rel}","templated":true}]}}