






{"id":24608,"date":"2021-02-24T11:55:52","date_gmt":"2021-02-24T02:55:52","guid":{"rendered":"https:\/\/guide.fire-emblem-heroes.com\/?p=24608"},"modified":"2021-02-25T13:05:06","modified_gmt":"2021-02-25T04:05:06","slug":"09009011000207-2","status":"publish","type":"post","link":"https:\/\/guide.fire-emblem-heroes.com\/es-ES\/09009011000207-2\/","title":{"rendered":"<span class=\"character_nick\">General Negro<\/span><span class=\"character_name\">Zelgius<\/span>"},"content":{"rendered":"<main id=\"CHARA_406\" class=\"main_page character\">\r\n    <article>\r\n        <section class=\"sec sec_character\">\r\n            <ul class=\"sec_ul sec_ul--character slick-box \">\r\n                <li class=\"sec_li sec_li--character\">\r\n                    <img decoding=\"async\" src=\"https:\/\/guide.fire-emblem-heroes.com\/wp-content\/uploads\/zelgius_jet-black_general_slide01.png\" alt=\"\" \/>\r\n                <\/li>\r\n                <li class=\"sec_li sec_li--character\">\r\n                    <img decoding=\"async\" src=\"https:\/\/guide.fire-emblem-heroes.com\/wp-content\/uploads\/zelgius_jet-black_general_slide02.png\" alt=\"\" \/>\r\n                <\/li>\r\n                <li class=\"sec_li sec_li--character\">\r\n                    <img decoding=\"async\" src=\"https:\/\/guide.fire-emblem-heroes.com\/wp-content\/uploads\/zelgius_jet-black_general_slide03.png\" alt=\"\" \/>\r\n                <\/li>\r\n                <li class=\"sec_li sec_li--character\">\r\n                    <img decoding=\"async\" src=\"https:\/\/guide.fire-emblem-heroes.com\/wp-content\/uploads\/zelgius_jet-black_general_slide04.png\" alt=\"\" \/>\r\n                <\/li>\r\n            <\/ul>\r\n            <div class=\"sec_charainfoarea flex\">\r\n                <div class=\"sec_gif\"><img loading=\"lazy\" decoding=\"async\" src=\"https:\/\/guide.fire-emblem-heroes.com\/wp-content\/uploads\/zelgius_jet-black_general.png\" alt=\"\" width=\"210\" height=\"190\"\/><\/div>\r\n                <div class=\"sec_charainfo\">\r\n                    <p id=\"CHARA_406_002\" class=\"sec_characate sec_characate--heroes\">H\u00e9roes<\/p>\r\n                    <p id=\"CHARA_406_003\" class=\"sec_charanick\">General Negro<\/p>\r\n                    <p id=\"CHARA_406_004\" class=\"sec_charaname\">Zelgius<\/p>\r\n                    <p id=\"CHARA_406_005\" class=\"sec_charaappearancetxt\">Aparece en<\/p>\r\n                    <p id=\"CHARA_406_006\" class=\"sec_charaappearancetxt\">Fire Emblem: Radiant Dawn<\/p>\r\n                <\/div>\r\n            <\/div>\r\n        <\/section>\r\n    <\/article>\r\n    <article>\r\n        <section class=\"sec sec_characterarea\">\r\n            <div class=\"sec_h2chara\">\r\n                <p id=\"CHARA_406_007\" class=\"sec_h2charattl\">\u00a1Presentaci\u00f3n de personajes con Sharena!<\/p>\r\n                <h2 id=\"CHARA_406_008\" class=\"sec_h2charatxt\">General Negro Zelgius<\/h2>\r\n            <\/div>\r\n            <dl class=\"sec_dl flex\">\r\n                <dt id=\"CHARA_406_009\" class=\"sec_dt\">Zelgius, duque de Kadohl, es el mejor general de Begnion. De hecho, \u00a1algunos incluso dicen que es el mejor de todo Tellius!<\/dt>\r\n                <dd class=\"sec_dd\">\r\n                    <a href=\"https:\/\/guide.fire-emblem-heroes.com\/wp-content\/uploads\/zelgius_jet-black_general_pop01.png\" class=\"popup-image\">\r\n                        <img decoding=\"async\" src=\"https:\/\/guide.fire-emblem-heroes.com\/wp-content\/uploads\/zelgius_jet-black_general_info01.png\" alt=\"\" \/>\r\n                    <\/a>\r\n                <\/dd>\r\n                <dt id=\"CHARA_406_010\" class=\"sec_dt\">Zelgius dirigi\u00f3 un ej\u00e9rcito para apoyar a Crimea durante la guerra contra Daein. Tres a\u00f1os m\u00e1s tarde, asumi\u00f3 el mando de las fuerzas de Begnion contra la alianza laguz.<\/dt>\r\n                <dd class=\"sec_dd\">\r\n                    <a href=\"https:\/\/guide.fire-emblem-heroes.com\/wp-content\/uploads\/zelgius_jet-black_general_pop02.png\" class=\"popup-image\">\r\n                        <img decoding=\"async\" src=\"https:\/\/guide.fire-emblem-heroes.com\/wp-content\/uploads\/zelgius_jet-black_general_info02.png\" alt=\"\" \/>\r\n                    <\/a>\r\n                <\/dd>\r\n                <dt id=\"CHARA_406_011\" class=\"sec_dt\">Adem\u00e1s de su reputaci\u00f3n como l\u00edder, Zelgius tambi\u00e9n es muy celebrado por su manejo de la espada. Hay quien lo considera el mejor espadach\u00edn de todo el continente. Se enfrent\u00f3 a la realeza laguz, incluso temiendo por su propia vida, pero, finalmente, se alz\u00f3 victorioso.<\/dt>\r\n                <dd class=\"sec_dd\">\r\n                    <a href=\"https:\/\/guide.fire-emblem-heroes.com\/wp-content\/uploads\/zelgius_jet-black_general_pop03.png\" class=\"popup-image\">\r\n                        <img decoding=\"async\" src=\"https:\/\/guide.fire-emblem-heroes.com\/wp-content\/uploads\/zelgius_jet-black_general_info03.png\" alt=\"\" \/>\r\n                    <\/a>\r\n                <\/dd>\r\n                <dt id=\"CHARA_406_012\" class=\"sec_dt\">Por cierto, si os pregunt\u00e1is cu\u00e1l es su motivaci\u00f3n, parece ser que pretende superar a su antiguo mentor&#8230; No s\u00e9 muy bien qui\u00e9n era, pero, vistas las haza\u00f1as de Zelgius hasta ahora, no creo que su sue\u00f1o sea imposible de alcanzar. \u00a1Sigue as\u00ed, Zelgius! \u00a1Alg\u00fan d\u00eda lo lograr\u00e1s!<\/dt>\r\n                <dd class=\"sec_dd\">\r\n                    <a href=\"https:\/\/guide.fire-emblem-heroes.com\/wp-content\/uploads\/zelgius_jet-black_general_pop04.png\" class=\"popup-image\">\r\n                        <img decoding=\"async\" src=\"https:\/\/guide.fire-emblem-heroes.com\/wp-content\/uploads\/zelgius_jet-black_general_info04.png\" alt=\"\" \/>\r\n                    <\/a>\r\n                <\/dd>\r\n            <\/dl>\r\n            <h3 id=\"CHARA_406_013\" class=\"sec_h3charatxt\">Personajes con los que tiene relaci\u00f3n<\/h3>\r\n            <h4 id=\"CHARA_406_014\" class=\"sec_h4charatxt\">Sephiran<\/h4>\r\n            <p id=\"CHARA_406_015\" class=\"sec_charatxt\">Miembro influyente del senado de Begnion y primer ministro de la emperatriz Sanaki. Hace gala de excelentes habilidades y Zelgius llega a estar a sus \u00f3rdenes en varias ocasiones.<\/p>\r\n        <\/section>\r\n    <\/article>\r\n<\/main>","protected":false},"excerpt":{"rendered":"H\u00e9roes General Negro Zelgius Aparece en Fire Emblem: Radiant Dawn \u00a1Presentaci\u00f3n de personajes con Sharena! General Negro Zelgius Zelgius, duque de Kadohl, es el mejor general de Begnion. De hecho, \u00a1algunos incluso dicen que es el mejor de todo Tellius! Zelgius dirigi\u00f3 un ej\u00e9rcito para apoyar a Crimea durante la guerra contra Daein. Tres a\u00f1os [&hellip;]","protected":false},"author":1,"featured_media":24711,"comment_status":"closed","ping_status":"closed","sticky":false,"template":"","format":"standard","meta":{"advanced_seo_description":"","jetpack_seo_html_title":"","jetpack_seo_noindex":false,"_jetpack_newsletter_access":"","_jetpack_dont_email_post_to_subs":false,"_jetpack_newsletter_tier_id":0,"_jetpack_memberships_contains_paywalled_content":false,"_locale":"es_ES","_original_post":"https:\/\/guide.fire-emblem-heroes.com\/?p=24602","_jetpack_memberships_contains_paid_content":false,"footnotes":"","jetpack_publicize_message":"","jetpack_publicize_feature_enabled":true,"jetpack_social_post_already_shared":true,"jetpack_social_options":{"image_generator_settings":{"template":"highway","default_image_id":0,"font":"","enabled":false},"version":2},"_wpas_customize_per_network":false,"jetpack_post_was_ever_published":false},"categories":[1384,1415,1390,1430],"tags":[1422],"class_list":["post-24608","post","type-post","status-publish","format-standard","has-post-thumbnail","hentry","category-character","category-heroes","category-stay_heroes","category-ex_works_radiant_dawn","tag-heroes-2","es-ES"],"jetpack_publicize_connections":[],"jetpack_featured_media_url":"https:\/\/guide.fire-emblem-heroes.com\/wp-content\/uploads\/zelgius_jet-black_general.png","jetpack_sharing_enabled":false,"jetpack_shortlink":"https:\/\/wp.me\/pa0Mj3-6oU","jetpack_likes_enabled":false,"amp_enabled":false,"_links":{"self":[{"href":"https:\/\/guide.fire-emblem-heroes.com\/wp-json\/wp\/v2\/posts\/24608","targetHints":{"allow":["GET"]}}],"collection":[{"href":"https:\/\/guide.fire-emblem-heroes.com\/wp-json\/wp\/v2\/posts"}],"about":[{"href":"https:\/\/guide.fire-emblem-heroes.com\/wp-json\/wp\/v2\/types\/post"}],"author":[{"embeddable":true,"href":"https:\/\/guide.fire-emblem-heroes.com\/wp-json\/wp\/v2\/users\/1"}],"replies":[{"embeddable":true,"href":"https:\/\/guide.fire-emblem-heroes.com\/wp-json\/wp\/v2\/comments?post=24608"}],"version-history":[{"count":1,"href":"https:\/\/guide.fire-emblem-heroes.com\/wp-json\/wp\/v2\/posts\/24608\/revisions"}],"predecessor-version":[{"id":24623,"href":"https:\/\/guide.fire-emblem-heroes.com\/wp-json\/wp\/v2\/posts\/24608\/revisions\/24623"}],"wp:featuredmedia":[{"embeddable":true,"href":"https:\/\/guide.fire-emblem-heroes.com\/wp-json\/wp\/v2\/media\/24711"}],"wp:attachment":[{"href":"https:\/\/guide.fire-emblem-heroes.com\/wp-json\/wp\/v2\/media?parent=24608"}],"wp:term":[{"taxonomy":"category","embeddable":true,"href":"https:\/\/guide.fire-emblem-heroes.com\/wp-json\/wp\/v2\/categories?post=24608"},{"taxonomy":"post_tag","embeddable":true,"href":"https:\/\/guide.fire-emblem-heroes.com\/wp-json\/wp\/v2\/tags?post=24608"}],"curies":[{"name":"wp","href":"https:\/\/api.w.org\/{rel}","templated":true}]}}