






{"id":28288,"date":"2021-08-27T11:16:03","date_gmt":"2021-08-27T02:16:03","guid":{"rendered":"https:\/\/guide.fire-emblem-heroes.com\/?p=28288"},"modified":"2021-08-30T12:56:24","modified_gmt":"2021-08-30T03:56:24","slug":"03079002000246-2","status":"publish","type":"post","link":"https:\/\/guide.fire-emblem-heroes.com\/es-ES\/03079002000246-2\/","title":{"rendered":"<span class=\"character_nick\">Caballero oscuro<\/span><span class=\"character_name\">Ares<\/span>"},"content":{"rendered":"<main id=\"CHARA_501\" class=\"main_page character\">\r\n            <article>\r\n                <section class=\"sec sec_character\">\r\n                    <ul class=\"sec_ul sec_ul--character slick-box\">\r\n                        <li class=\"sec_li sec_li--character\">\r\n                            <img decoding=\"async\" src=\"https:\/\/guide.fire-emblem-heroes.com\/wp-content\/uploads\/aless_black_knight_slide01.png\" alt=\"\" \/>\r\n                        <\/li>\r\n                        <li class=\"sec_li sec_li--character\">\r\n                            <img decoding=\"async\" src=\"https:\/\/guide.fire-emblem-heroes.com\/wp-content\/uploads\/aless_black_knight_slide02.png\" alt=\"\" \/>\r\n                        <\/li>\r\n                        <li class=\"sec_li sec_li--character\">\r\n                            <img decoding=\"async\" src=\"https:\/\/guide.fire-emblem-heroes.com\/wp-content\/uploads\/aless_black_knight_slide03.png\" alt=\"\" \/>\r\n                        <\/li>\r\n                        <li class=\"sec_li sec_li--character\">\r\n                            <img decoding=\"async\" src=\"https:\/\/guide.fire-emblem-heroes.com\/wp-content\/uploads\/aless_black_knight_slide04.png\" alt=\"\" \/>\r\n                        <\/li>\r\n                    <\/ul>\r\n                    <div class=\"sec_charainfoarea flex\">\r\n                        <div class=\"sec_gif\"><img loading=\"lazy\" decoding=\"async\" src=\"https:\/\/guide.fire-emblem-heroes.com\/wp-content\/uploads\/aless_black_knight.png\" alt=\"\" width=\"210\" height=\"190\"\/><\/div>\r\n                        <div class=\"sec_charainfo\">\r\n                            <p id=\"CHARA_501_002\" class=\"sec_characate sec_characate--heroes\">H\u00e9roes<\/p>\r\n                            <p id=\"CHARA_501_003\" class=\"sec_charanick\">Caballero oscuro<\/p>\r\n                            <p id=\"CHARA_501_004\" class=\"sec_charaname\">Ares<\/p>\r\n                            <p id=\"CHARA_501_005\" class=\"sec_charaappearancetxt\">Aparece en<\/p>\r\n                            <p id=\"CHARA_501_006\" class=\"sec_charaappearancetxt\">Fire Emblem: Genealogy of the Holy War<\/p>\r\n                        <\/div>\r\n                    <\/div>\r\n                <\/section>\r\n            <\/article>\r\n            <article>\r\n                <section class=\"sec sec_characterarea\">\r\n                    <div class=\"sec_h2chara\">\r\n                        <p id=\"CHARA_501_007\" class=\"sec_h2charattl\">\u00a1Presentaci\u00f3n de personajes con Sharena!<\/p>\r\n                        <h2 id=\"CHARA_501_008\" class=\"sec_h2charatxt\">Caballero oscuro Ares<\/h2>\r\n                    <\/div>\r\n                    <dl class=\"sec_dl flex\">\r\n                        <dt id=\"CHARA_501_009\" class=\"sec_dt\">Ares es hijo de Eldigan, el rey de Nordion. Tambi\u00e9n es conocido como el caballero oscuro y desciende del cruzado Ho\u00f0r, condici\u00f3n que le permite blandir Mistilteinn, la Hoja Diab\u00f3lica.<\/dt>\r\n                        <dd class=\"sec_dd\">\r\n                            <a href=\"https:\/\/guide.fire-emblem-heroes.com\/wp-content\/uploads\/aless_black_knight_pop01.png\" class=\"popup-image\">\r\n                                <img decoding=\"async\" src=\"https:\/\/guide.fire-emblem-heroes.com\/wp-content\/uploads\/aless_black_knight_info01.png\" alt=\"\" \/>\r\n                            <\/a>\r\n                        <\/dd>\r\n                        <dt id=\"CHARA_501_010\" class=\"sec_dt\">Ares perdi\u00f3 a sus padres de peque\u00f1o. M\u00e1s tarde se uni\u00f3 a un grupo de mercenarios junto al que luch\u00f3 en incontables batallas por todo el continente. Dotado de gran destreza, pronto se convirti\u00f3 en un experto caballero.<\/dt>\r\n                        <dd class=\"sec_dd\">\r\n                            <a href=\"https:\/\/guide.fire-emblem-heroes.com\/wp-content\/uploads\/aless_black_knight_pop02.png\" class=\"popup-image\">\r\n                                <img decoding=\"async\" src=\"https:\/\/guide.fire-emblem-heroes.com\/wp-content\/uploads\/aless_black_knight_info02.png\" alt=\"\" \/>\r\n                            <\/a>\r\n                        <\/dd>\r\n                        <dt id=\"CHARA_501_011\" class=\"sec_dt\">Cuando su capit\u00e1n le comunic\u00f3 que el gobernante de Dahna ten\u00eda prisionera a su buena amiga Lene, cort\u00f3 todos los lazos con los mercenarios y se rebel\u00f3. Decidi\u00f3 unirse al ej\u00e9rcito de Seliph y luchar contra el imperio de Grannvale.<\/dt>\r\n                        <dd class=\"sec_dd\">\r\n                            <a href=\"https:\/\/guide.fire-emblem-heroes.com\/wp-content\/uploads\/aless_black_knight_pop03.png\" class=\"popup-image\">\r\n                                <img decoding=\"async\" src=\"https:\/\/guide.fire-emblem-heroes.com\/wp-content\/uploads\/aless_black_knight_info03.png\" alt=\"\" \/>\r\n                            <\/a>\r\n                        <\/dd>\r\n                        <dt id=\"CHARA_501_012\" class=\"sec_dt\">Ares, extraordinariamente h\u00e1bil con la espada y con un arma legendaria a su servicio, era del todo invencible en el campo de batalla. \u00a1Era como una rencarnaci\u00f3n de sus ancestros!<\/dt>\r\n                        <dd class=\"sec_dd\">\r\n                            <a href=\"https:\/\/guide.fire-emblem-heroes.com\/wp-content\/uploads\/aless_black_knight_pop04.png\" class=\"popup-image\">\r\n                                <img decoding=\"async\" src=\"https:\/\/guide.fire-emblem-heroes.com\/wp-content\/uploads\/aless_black_knight_info04.png\" alt=\"\" \/>\r\n                            <\/a>\r\n                        <\/dd>\r\n                    <\/dl>\r\n                    <h3 id=\"CHARA_501_013\" class=\"sec_h3charatxt\">Personajes con los que tiene relaci\u00f3n<\/h3>\r\n                    <h4 id=\"CHARA_501_014\" class=\"sec_h4charatxt\">Eldigan<\/h4>\r\n                    <p id=\"CHARA_501_015\" class=\"sec_charatxt\">Leal a su patria como nadie, el se\u00f1or de Nordion \u2014y hermano mayor de Lachesis\u2014 blande la legendaria Hoja Diab\u00f3lica. Es el padre de Ares.<\/p>\r\n                    <h4 id=\"CHARA_501_016\" class=\"sec_h4charatxt\">Seliph<\/h4>\r\n                    <p id=\"CHARA_501_017\" class=\"sec_charatxt\">Aunque en su d\u00eda salv\u00f3 a todo un continente, al heredero de la espada sagrada Tyrfing no le gusta luchar. Es hermanastro de Julia. Sus padres eran buenos amigos de los padres de Ares.<\/p>\r\n                    <h4 id=\"CHARA_501_018\" class=\"sec_h4charatxt\">Lene<\/h4>\r\n                    <p id=\"CHARA_501_019\" class=\"sec_charatxt\">Bailarina y descendiente del sumo sacerdote Bragi. Comprende c\u00f3mo funciona el mundo, pero no deja que eso la afecte. Ares la salv\u00f3 cuando estaba en peligro.<\/p>\r\n                <\/section>\r\n            <\/article>\r\n        <\/main>","protected":false},"excerpt":{"rendered":"H\u00e9roes Caballero oscuro Ares Aparece en Fire Emblem: Genealogy of the Holy War \u00a1Presentaci\u00f3n de personajes con Sharena! Caballero oscuro Ares Ares es hijo de Eldigan, el rey de Nordion. Tambi\u00e9n es conocido como el caballero oscuro y desciende del cruzado Ho\u00f0r, condici\u00f3n que le permite blandir Mistilteinn, la Hoja Diab\u00f3lica. Ares perdi\u00f3 a sus [&hellip;]","protected":false},"author":1,"featured_media":28378,"comment_status":"closed","ping_status":"closed","sticky":false,"template":"","format":"standard","meta":{"advanced_seo_description":"","jetpack_seo_html_title":"","jetpack_seo_noindex":false,"_jetpack_newsletter_access":"","_jetpack_dont_email_post_to_subs":false,"_jetpack_newsletter_tier_id":0,"_jetpack_memberships_contains_paywalled_content":false,"_locale":"es_ES","_original_post":"https:\/\/guide.fire-emblem-heroes.com\/?p=28282","_jetpack_memberships_contains_paid_content":false,"footnotes":"","jetpack_publicize_message":"","jetpack_publicize_feature_enabled":true,"jetpack_social_post_already_shared":true,"jetpack_social_options":{"image_generator_settings":{"template":"highway","default_image_id":0,"font":"","enabled":false},"version":2},"_wpas_customize_per_network":false,"jetpack_post_was_ever_published":false},"categories":[1384,1436,1415,1390],"tags":[1422],"class_list":["post-28288","post","type-post","status-publish","format-standard","has-post-thumbnail","hentry","category-character","category-ex_works_genealogy_of_the_holy_war","category-heroes","category-stay_heroes","tag-heroes-2","es-ES"],"jetpack_publicize_connections":[],"jetpack_featured_media_url":"https:\/\/guide.fire-emblem-heroes.com\/wp-content\/uploads\/aless_black_knight.png","jetpack_sharing_enabled":false,"jetpack_shortlink":"https:\/\/wp.me\/pa0Mj3-7mg","jetpack_likes_enabled":false,"amp_enabled":false,"_links":{"self":[{"href":"https:\/\/guide.fire-emblem-heroes.com\/wp-json\/wp\/v2\/posts\/28288","targetHints":{"allow":["GET"]}}],"collection":[{"href":"https:\/\/guide.fire-emblem-heroes.com\/wp-json\/wp\/v2\/posts"}],"about":[{"href":"https:\/\/guide.fire-emblem-heroes.com\/wp-json\/wp\/v2\/types\/post"}],"author":[{"embeddable":true,"href":"https:\/\/guide.fire-emblem-heroes.com\/wp-json\/wp\/v2\/users\/1"}],"replies":[{"embeddable":true,"href":"https:\/\/guide.fire-emblem-heroes.com\/wp-json\/wp\/v2\/comments?post=28288"}],"version-history":[{"count":1,"href":"https:\/\/guide.fire-emblem-heroes.com\/wp-json\/wp\/v2\/posts\/28288\/revisions"}],"predecessor-version":[{"id":28297,"href":"https:\/\/guide.fire-emblem-heroes.com\/wp-json\/wp\/v2\/posts\/28288\/revisions\/28297"}],"wp:featuredmedia":[{"embeddable":true,"href":"https:\/\/guide.fire-emblem-heroes.com\/wp-json\/wp\/v2\/media\/28378"}],"wp:attachment":[{"href":"https:\/\/guide.fire-emblem-heroes.com\/wp-json\/wp\/v2\/media?parent=28288"}],"wp:term":[{"taxonomy":"category","embeddable":true,"href":"https:\/\/guide.fire-emblem-heroes.com\/wp-json\/wp\/v2\/categories?post=28288"},{"taxonomy":"post_tag","embeddable":true,"href":"https:\/\/guide.fire-emblem-heroes.com\/wp-json\/wp\/v2\/tags?post=28288"}],"curies":[{"name":"wp","href":"https:\/\/api.w.org\/{rel}","templated":true}]}}