






{"id":28472,"date":"2021-09-03T13:06:47","date_gmt":"2021-09-03T04:06:47","guid":{"rendered":"https:\/\/guide.fire-emblem-heroes.com\/?p=28472"},"modified":"2021-09-17T16:32:57","modified_gmt":"2021-09-17T07:32:57","slug":"04001003000705-2","status":"publish","type":"post","link":"https:\/\/guide.fire-emblem-heroes.com\/es-ES\/04001003000705-2\/","title":{"rendered":"<span class=\"character_nick\">Hija de Mistilteinn<\/span><span class=\"character_name\">Nanna<\/span>"},"content":{"rendered":"<main id=\"CHARA_506\" class=\"main_page character\">\r\n            <article>\r\n                <section class=\"sec sec_character\">\r\n                    <ul class=\"sec_ul sec_ul--character slick-box\">\r\n                        <li class=\"sec_li sec_li--character\">\r\n                            <img decoding=\"async\" src=\"https:\/\/guide.fire-emblem-heroes.com\/wp-content\/uploads\/nanna_mystletainn_scion_slide01.png\" alt=\"\" \/>\r\n                        <\/li>\r\n                        <li class=\"sec_li sec_li--character\">\r\n                            <img decoding=\"async\" src=\"https:\/\/guide.fire-emblem-heroes.com\/wp-content\/uploads\/nanna_mystletainn_scion_slide02.png\" alt=\"\" \/>\r\n                        <\/li>\r\n                        <li class=\"sec_li sec_li--character\">\r\n                            <img decoding=\"async\" src=\"https:\/\/guide.fire-emblem-heroes.com\/wp-content\/uploads\/nanna_mystletainn_scion_slide03.png\" alt=\"\" \/>\r\n                        <\/li>\r\n                        <li class=\"sec_li sec_li--character\">\r\n                            <img decoding=\"async\" src=\"https:\/\/guide.fire-emblem-heroes.com\/wp-content\/uploads\/nanna_mystletainn_scion_slide04.png\" alt=\"\" \/>\r\n                        <\/li>\r\n                    <\/ul>\r\n                    <div class=\"sec_charainfoarea flex\">\r\n                        <div class=\"sec_gif\"><img loading=\"lazy\" decoding=\"async\" src=\"https:\/\/guide.fire-emblem-heroes.com\/wp-content\/uploads\/nanna_mystletainn_scion.png\" alt=\"\" width=\"210\" height=\"190\"\/><\/div>\r\n                        <div class=\"sec_charainfo\">\r\n                            <p id=\"CHARA_506_002\" class=\"sec_characate sec_characate--special_heroes\">H\u00e9roes especiales<\/p>\r\n                            <p id=\"CHARA_506_003\" class=\"sec_charanick\">Hija de Mistilteinn<\/p>\r\n                            <p id=\"CHARA_506_004\" class=\"sec_charaname\">Nanna<\/p>\r\n                            <p id=\"CHARA_506_005\" class=\"sec_charaappearancetxt\">Aparece en<\/p>\r\n                            <p id=\"CHARA_506_006\" class=\"sec_charaappearancetxt\">Fire Emblem: Thracia 776<\/p>\r\n                        <\/div>\r\n                    <\/div>\r\n                <\/section>\r\n            <\/article>\r\n            <article>\r\n                <section class=\"sec sec_characterarea\">\r\n                    <div class=\"sec_h2chara\">\r\n                        <p id=\"CHARA_506_007\" class=\"sec_h2charattl\">\u00a1Presentaci\u00f3n de personajes con Sharena!<\/p>\r\n                        <h2 id=\"CHARA_506_008\" class=\"sec_h2charatxt\">Hija de Mistilteinn Nanna<\/h2>\r\n                    <\/div>\r\n                    <dl class=\"sec_dl flex\">\r\n                        <dt id=\"CHARA_506_009\" class=\"sec_dt\">\u00a1Aqu\u00ed tenemos a Nanna, que ha venido hoy a la celebraci\u00f3n del D\u00eda de los Doce con un traje totalmente fascinante! \u00a1Adem\u00e1s de ser la princesa de Nordion, es descendiente de Ho\u00f0r, uno de los doce cruzados!<\/dt>\r\n                        <dd class=\"sec_dd\">\r\n                            <a href=\"https:\/\/guide.fire-emblem-heroes.com\/wp-content\/uploads\/nanna_mystletainn_scion_pop01.png\" class=\"popup-image\">\r\n                                <img decoding=\"async\" src=\"https:\/\/guide.fire-emblem-heroes.com\/wp-content\/uploads\/nanna_mystletainn_scion_info01.png\" alt=\"\" \/>\r\n                            <\/a>\r\n                        <\/dd>\r\n                        <dt id=\"CHARA_506_010\" class=\"sec_dt\">La reputaci\u00f3n de Ho\u00f0r, tambi\u00e9n conocido como el caballero negro, ha servido de inspiraci\u00f3n para el traje de Nanna. \u00a1Me encanta el contraste de los tonos oscuros con su preciosa melena rubia!<\/dt>\r\n                        <dd class=\"sec_dd\">\r\n                            <a href=\"https:\/\/guide.fire-emblem-heroes.com\/wp-content\/uploads\/nanna_mystletainn_scion_pop02.png\" class=\"popup-image\">\r\n                                <img decoding=\"async\" src=\"https:\/\/guide.fire-emblem-heroes.com\/wp-content\/uploads\/nanna_mystletainn_scion_info02.png\" alt=\"\" \/>\r\n                            <\/a>\r\n                        <\/dd>\r\n                        <dt id=\"CHARA_506_011\" class=\"sec_dt\">\u00a1Por cierto, el bast\u00f3n que lleva tambi\u00e9n est\u00e1 inspirado en la legendaria Hoja Diab\u00f3lica de Ho\u00f0r, la Mistilteinn!<\/dt>\r\n                        <dd class=\"sec_dd\">\r\n                            <a href=\"https:\/\/guide.fire-emblem-heroes.com\/wp-content\/uploads\/nanna_mystletainn_scion_pop03.png\" class=\"popup-image\">\r\n                                <img decoding=\"async\" src=\"https:\/\/guide.fire-emblem-heroes.com\/wp-content\/uploads\/nanna_mystletainn_scion_info03.png\" alt=\"\" \/>\r\n                            <\/a>\r\n                        <\/dd>\r\n                        <dt id=\"CHARA_506_012\" class=\"sec_dt\">Nanna est\u00e1 muy elegante hoy, aunque no es ninguna sorpresa teniendo en cuenta que por sus venas corre la sangre del caballero negro. \u00a1Sin duda aportar\u00e1 un toque de nobleza a la fiesta!<\/dt>\r\n                        <dd class=\"sec_dd\">\r\n                            <a href=\"https:\/\/guide.fire-emblem-heroes.com\/wp-content\/uploads\/nanna_mystletainn_scion_pop04.png\" class=\"popup-image\">\r\n                                <img decoding=\"async\" src=\"https:\/\/guide.fire-emblem-heroes.com\/wp-content\/uploads\/nanna_mystletainn_scion_info04.png\" alt=\"\" \/>\r\n                            <\/a>\r\n                        <\/dd>\r\n                    <\/dl>\r\n                    <h3 id=\"CHARA_506_013\" class=\"sec_h3charatxt\">Personajes con los que tiene relaci\u00f3n<\/h3>\r\n                    <h4 id=\"CHARA_506_014\" class=\"sec_h4charatxt\">Lachesis<\/h4>\r\n                    <p id=\"CHARA_506_015\" class=\"sec_charatxt\">Para la se\u00f1ora de la Casa de Nordion no hay hombre que est\u00e9 a la altura de su hermano, Eldigan, a quien reverencia. Madre de Nanna.<\/p>\r\n                    <h4 id=\"CHARA_506_016\" class=\"sec_h4charatxt\">Leif<\/h4>\r\n                    <p id=\"CHARA_506_017\" class=\"sec_charatxt\">Hijo de Quan y pr\u00edncipe de Leonster. Se escond\u00eda en Fiana, pero decidi\u00f3 tomar partido cuando las fuerzas imperiales atacaron. Amigo de la infancia de Nanna.<\/p>\r\n                    <h4 id=\"CHARA_506_018\" class=\"sec_h4charatxt\">Ares<\/h4>\r\n                    <p id=\"CHARA_506_019\" class=\"sec_charatxt\">Hijo de Eldigan y heredero de Mistilteinn. Tras la muerte de sus padres, se ali\u00f3 con un jefe mercenario llamado Javarro. Primo de Nanna.<\/p>\r\n                <\/section>\r\n            <\/article>\r\n        <\/main>","protected":false},"excerpt":{"rendered":"H\u00e9roes especiales Hija de Mistilteinn Nanna Aparece en Fire Emblem: Thracia 776 \u00a1Presentaci\u00f3n de personajes con Sharena! Hija de Mistilteinn Nanna \u00a1Aqu\u00ed tenemos a Nanna, que ha venido hoy a la celebraci\u00f3n del D\u00eda de los Doce con un traje totalmente fascinante! \u00a1Adem\u00e1s de ser la princesa de Nordion, es descendiente de Ho\u00f0r, uno de [&hellip;]","protected":false},"author":1,"featured_media":28610,"comment_status":"closed","ping_status":"closed","sticky":false,"template":"","format":"standard","meta":{"advanced_seo_description":"","jetpack_seo_html_title":"","jetpack_seo_noindex":false,"_jetpack_newsletter_access":"","_jetpack_dont_email_post_to_subs":false,"_jetpack_newsletter_tier_id":0,"_jetpack_memberships_contains_paywalled_content":false,"_locale":"es_ES","_original_post":"https:\/\/guide.fire-emblem-heroes.com\/?p=28466","_jetpack_memberships_contains_paid_content":false,"footnotes":"","jetpack_publicize_message":"","jetpack_publicize_feature_enabled":true,"jetpack_social_post_already_shared":true,"jetpack_social_options":{"image_generator_settings":{"template":"highway","default_image_id":0,"font":"","enabled":false},"version":2},"_wpas_customize_per_network":false,"jetpack_post_was_ever_published":false},"categories":[1384,1438,1405,1390],"tags":[1409],"class_list":["post-28472","post","type-post","status-publish","format-standard","has-post-thumbnail","hentry","category-character","category-ex_works_thracia_776","category-special_heroes","category-stay_heroes","tag-heroes-especiales","es-ES"],"jetpack_publicize_connections":[],"jetpack_featured_media_url":"https:\/\/guide.fire-emblem-heroes.com\/wp-content\/uploads\/nanna_mystletainn_scion.png","jetpack_sharing_enabled":false,"jetpack_shortlink":"https:\/\/wp.me\/pa0Mj3-7pe","jetpack_likes_enabled":false,"amp_enabled":false,"_links":{"self":[{"href":"https:\/\/guide.fire-emblem-heroes.com\/wp-json\/wp\/v2\/posts\/28472","targetHints":{"allow":["GET"]}}],"collection":[{"href":"https:\/\/guide.fire-emblem-heroes.com\/wp-json\/wp\/v2\/posts"}],"about":[{"href":"https:\/\/guide.fire-emblem-heroes.com\/wp-json\/wp\/v2\/types\/post"}],"author":[{"embeddable":true,"href":"https:\/\/guide.fire-emblem-heroes.com\/wp-json\/wp\/v2\/users\/1"}],"replies":[{"embeddable":true,"href":"https:\/\/guide.fire-emblem-heroes.com\/wp-json\/wp\/v2\/comments?post=28472"}],"version-history":[{"count":1,"href":"https:\/\/guide.fire-emblem-heroes.com\/wp-json\/wp\/v2\/posts\/28472\/revisions"}],"predecessor-version":[{"id":28482,"href":"https:\/\/guide.fire-emblem-heroes.com\/wp-json\/wp\/v2\/posts\/28472\/revisions\/28482"}],"wp:featuredmedia":[{"embeddable":true,"href":"https:\/\/guide.fire-emblem-heroes.com\/wp-json\/wp\/v2\/media\/28610"}],"wp:attachment":[{"href":"https:\/\/guide.fire-emblem-heroes.com\/wp-json\/wp\/v2\/media?parent=28472"}],"wp:term":[{"taxonomy":"category","embeddable":true,"href":"https:\/\/guide.fire-emblem-heroes.com\/wp-json\/wp\/v2\/categories?post=28472"},{"taxonomy":"post_tag","embeddable":true,"href":"https:\/\/guide.fire-emblem-heroes.com\/wp-json\/wp\/v2\/tags?post=28472"}],"curies":[{"name":"wp","href":"https:\/\/api.w.org\/{rel}","templated":true}]}}