






{"id":30133,"date":"2021-11-26T12:15:28","date_gmt":"2021-11-26T03:15:28","guid":{"rendered":"https:\/\/guide.fire-emblem-heroes.com\/?p=30133"},"modified":"2021-12-28T13:35:32","modified_gmt":"2021-12-28T04:35:32","slug":"00005009000736-2","status":"publish","type":"post","link":"https:\/\/guide.fire-emblem-heroes.com\/es-ES\/00005009000736-2\/","title":{"rendered":"<span class=\"character_nick\">Joven sabia<\/span><span class=\"character_name\">Eitri<\/span>"},"content":{"rendered":"<main id=\"CHARA_548\" class=\"main_page character\">\r\n            <article>\r\n                <section class=\"sec sec_character\">\r\n                    <ul class=\"sec_ul sec_ul--character slick-box\">\r\n                        <li class=\"sec_li sec_li--character\">\r\n                            <img decoding=\"async\" src=\"https:\/\/guide.fire-emblem-heroes.com\/wp-content\/uploads\/eitri_youthful_sage_slide01.png\" alt=\"\" \/>\r\n                        <\/li>\r\n                        <li class=\"sec_li sec_li--character\">\r\n                            <img decoding=\"async\" src=\"https:\/\/guide.fire-emblem-heroes.com\/wp-content\/uploads\/eitri_youthful_sage_slide02.png\" alt=\"\" \/>\r\n                        <\/li>\r\n                        <li class=\"sec_li sec_li--character\">\r\n                            <img decoding=\"async\" src=\"https:\/\/guide.fire-emblem-heroes.com\/wp-content\/uploads\/eitri_youthful_sage_slide03.png\" alt=\"\" \/>\r\n                        <\/li>\r\n                        <li class=\"sec_li sec_li--character\">\r\n                            <img decoding=\"async\" src=\"https:\/\/guide.fire-emblem-heroes.com\/wp-content\/uploads\/eitri_youthful_sage_slide04.png\" alt=\"\" \/>\r\n                        <\/li>\r\n                    <\/ul>\r\n                    <div class=\"sec_charainfoarea flex\">\r\n                        <div class=\"sec_gif\"><img loading=\"lazy\" decoding=\"async\" src=\"https:\/\/guide.fire-emblem-heroes.com\/wp-content\/uploads\/eitri_youthful_sage.png\" alt=\"\" width=\"210\" height=\"190\"\/><\/div>\r\n                        <div class=\"sec_charainfo\">\r\n                            <p id=\"CHARA_548_002\" class=\"sec_characate sec_characate--legendary_heroes\">H\u00e9roes legendarios<\/p>\r\n                            <p id=\"CHARA_548_003\" class=\"sec_charanick\">Joven sabia<\/p>\r\n                            <p id=\"CHARA_548_004\" class=\"sec_charaname\">Eitri<\/p>\r\n                            <p id=\"CHARA_548_005\" class=\"sec_charaappearancetxt\">Aparece en<\/p>\r\n                            <p id=\"CHARA_548_006\" class=\"sec_charaappearancetxt\">Fire Emblem Heroes<\/p>\r\n                        <\/div>\r\n                    <\/div>\r\n                <\/section>\r\n            <\/article>\r\n            <article>\r\n                <section class=\"sec sec_characterarea\">\r\n                    <div class=\"sec_h2chara\">\r\n                        <p id=\"CHARA_548_007\" class=\"sec_h2charattl\">\u00a1Presentaci\u00f3n de personajes con Sharena!<\/p>\r\n                        <h2 id=\"CHARA_548_008\" class=\"sec_h2charatxt\">Joven sabia Eitri<\/h2>\r\n                    <\/div>\r\n                    <dl class=\"sec_dl flex\">\r\n                        <dt id=\"CHARA_548_009\" class=\"sec_dt\">La adorable Eitri es una de las eruditas m\u00e1s reputadas de Ni\u00f0avellir. \u00a1Nadie sabe de sei\u00f0j\u00e1rn tanto como ella!<\/dt>\r\n                        <dd class=\"sec_dd\">\r\n                            <a href=\"https:\/\/guide.fire-emblem-heroes.com\/wp-content\/uploads\/eitri_youthful_sage_pop01.png\" class=\"popup-image\">\r\n                                <img decoding=\"async\" src=\"https:\/\/guide.fire-emblem-heroes.com\/wp-content\/uploads\/eitri_youthful_sage_info01.png\" alt=\"\" \/>\r\n                            <\/a>\r\n                        <\/dd>\r\n                        <dt id=\"CHARA_548_010\" class=\"sec_dt\">Eitri se pasa el d\u00eda investigando en un rinc\u00f3n apartado de Ni\u00f0avellir conocido como el bosque de la sabia. Cuando fuimos a verla, recibimos una bienvenida espectacular&#8230; \u00a1El bosque estaba plagado de trampas!<\/dt>\r\n                        <dd class=\"sec_dd\">\r\n                            <a href=\"https:\/\/guide.fire-emblem-heroes.com\/wp-content\/uploads\/eitri_youthful_sage_pop02.png\" class=\"popup-image\">\r\n                                <img decoding=\"async\" src=\"https:\/\/guide.fire-emblem-heroes.com\/wp-content\/uploads\/eitri_youthful_sage_info02.png\" alt=\"\" \/>\r\n                            <\/a>\r\n                        <\/dd>\r\n                        <dt id=\"CHARA_548_011\" class=\"sec_dt\">Reginn acudi\u00f3 a Eitri para que la ayudara a frustrar la invasi\u00f3n de Fafnir. Ella accedi\u00f3 entonces a idear un plan para derrotarlo, siempre y cuando le llev\u00e1ramos la espada m\u00e1gica Gramr.<\/dt>\r\n                        <dd class=\"sec_dd\">\r\n                            <a href=\"https:\/\/guide.fire-emblem-heroes.com\/wp-content\/uploads\/eitri_youthful_sage_pop03.png\" class=\"popup-image\">\r\n                                <img decoding=\"async\" src=\"https:\/\/guide.fire-emblem-heroes.com\/wp-content\/uploads\/eitri_youthful_sage_info03.png\" alt=\"\" \/>\r\n                            <\/a>\r\n                        <\/dd>\r\n                        <dt id=\"CHARA_548_012\" class=\"sec_dt\">Los conocimientos de Eitri sobre sei\u00f0j\u00e1rn van a ser m\u00e1s que necesarios si queremos a impedir que Fafnir siga invadiendo reinos. Tenemos que conseguir que nos ayude, no solo por nosotros, \u00a1sino por el bien de todo Ni\u00f0avellir!<\/dt>\r\n                        <dd class=\"sec_dd\">\r\n                            <a href=\"https:\/\/guide.fire-emblem-heroes.com\/wp-content\/uploads\/eitri_youthful_sage_pop04.png\" class=\"popup-image\">\r\n                                <img decoding=\"async\" src=\"https:\/\/guide.fire-emblem-heroes.com\/wp-content\/uploads\/eitri_youthful_sage_info04.png\" alt=\"\" \/>\r\n                            <\/a>\r\n                        <\/dd>\r\n                    <\/dl>\r\n                    <h3 id=\"CHARA_548_013\" class=\"sec_h3charatxt\">Personajes con los que tiene relaci\u00f3n<\/h3>\r\n                    <h4 id=\"CHARA_548_014\" class=\"sec_h4charatxt\">Reginn<\/h4>\r\n                    <p id=\"CHARA_548_015\" class=\"sec_charatxt\">Hermana adoptiva del rey Fafnir de Ni\u00f0avellir. Ha decidido cooperar con Askr para detener los cambios que sufre su hermano. Le pide ayuda a Eitri para frenar a Fafnir.<\/p>\r\n                    <h4 id=\"CHARA_548_016\" class=\"sec_h4charatxt\">Fafnir<\/h4>\r\n                    <p id=\"CHARA_548_017\" class=\"sec_charatxt\">Rey de Ni\u00f0avellir que empez\u00f3 siendo un soldado raso. No recuerda nada de su pasado, pero Eitri parece saber algo al respecto.<\/p>\r\n                <\/section>\r\n            <\/article>\r\n        <\/main>","protected":false},"excerpt":{"rendered":"H\u00e9roes legendarios Joven sabia Eitri Aparece en Fire Emblem Heroes \u00a1Presentaci\u00f3n de personajes con Sharena! Joven sabia Eitri La adorable Eitri es una de las eruditas m\u00e1s reputadas de Ni\u00f0avellir. \u00a1Nadie sabe de sei\u00f0j\u00e1rn tanto como ella! Eitri se pasa el d\u00eda investigando en un rinc\u00f3n apartado de Ni\u00f0avellir conocido como el bosque de la [&hellip;]","protected":false},"author":1,"featured_media":30225,"comment_status":"closed","ping_status":"closed","sticky":false,"template":"","format":"standard","meta":{"advanced_seo_description":"","jetpack_seo_html_title":"","jetpack_seo_noindex":false,"_jetpack_newsletter_access":"","_jetpack_dont_email_post_to_subs":false,"_jetpack_newsletter_tier_id":0,"_jetpack_memberships_contains_paywalled_content":false,"_locale":"es_ES","_original_post":"https:\/\/guide.fire-emblem-heroes.com\/?p=30127","_jetpack_memberships_contains_paid_content":false,"footnotes":"","jetpack_publicize_message":"","jetpack_publicize_feature_enabled":true,"jetpack_social_post_already_shared":true,"jetpack_social_options":{"image_generator_settings":{"template":"highway","default_image_id":0,"font":"","enabled":false},"version":2},"_wpas_customize_per_network":false,"jetpack_post_was_ever_published":false},"categories":[1384,1423,1390,1388],"tags":[1395],"class_list":["post-30133","post","type-post","status-publish","format-standard","has-post-thumbnail","hentry","category-character","category-ex_works_heroes","category-stay_heroes","category-legendary_heroes","tag-heroes-legendarios","es-ES"],"jetpack_publicize_connections":[],"jetpack_featured_media_url":"https:\/\/guide.fire-emblem-heroes.com\/wp-content\/uploads\/eitri_youthful_sage.png","jetpack_sharing_enabled":false,"jetpack_shortlink":"https:\/\/wp.me\/pa0Mj3-7Q1","jetpack_likes_enabled":false,"amp_enabled":false,"_links":{"self":[{"href":"https:\/\/guide.fire-emblem-heroes.com\/wp-json\/wp\/v2\/posts\/30133","targetHints":{"allow":["GET"]}}],"collection":[{"href":"https:\/\/guide.fire-emblem-heroes.com\/wp-json\/wp\/v2\/posts"}],"about":[{"href":"https:\/\/guide.fire-emblem-heroes.com\/wp-json\/wp\/v2\/types\/post"}],"author":[{"embeddable":true,"href":"https:\/\/guide.fire-emblem-heroes.com\/wp-json\/wp\/v2\/users\/1"}],"replies":[{"embeddable":true,"href":"https:\/\/guide.fire-emblem-heroes.com\/wp-json\/wp\/v2\/comments?post=30133"}],"version-history":[{"count":2,"href":"https:\/\/guide.fire-emblem-heroes.com\/wp-json\/wp\/v2\/posts\/30133\/revisions"}],"predecessor-version":[{"id":31119,"href":"https:\/\/guide.fire-emblem-heroes.com\/wp-json\/wp\/v2\/posts\/30133\/revisions\/31119"}],"wp:featuredmedia":[{"embeddable":true,"href":"https:\/\/guide.fire-emblem-heroes.com\/wp-json\/wp\/v2\/media\/30225"}],"wp:attachment":[{"href":"https:\/\/guide.fire-emblem-heroes.com\/wp-json\/wp\/v2\/media?parent=30133"}],"wp:term":[{"taxonomy":"category","embeddable":true,"href":"https:\/\/guide.fire-emblem-heroes.com\/wp-json\/wp\/v2\/categories?post=30133"},{"taxonomy":"post_tag","embeddable":true,"href":"https:\/\/guide.fire-emblem-heroes.com\/wp-json\/wp\/v2\/tags?post=30133"}],"curies":[{"name":"wp","href":"https:\/\/api.w.org\/{rel}","templated":true}]}}