






{"id":30594,"date":"2021-12-14T10:42:51","date_gmt":"2021-12-14T01:42:51","guid":{"rendered":"https:\/\/guide.fire-emblem-heroes.com\/?p=30594"},"modified":"2022-01-14T17:06:38","modified_gmt":"2022-01-14T08:06:38","slug":"07001022000746-2","status":"publish","type":"post","link":"https:\/\/guide.fire-emblem-heroes.com\/es-ES\/07001022000746-2\/","title":{"rendered":"<span class=\"character_nick\">Santo arg\u00e9nteo<\/span><span class=\"character_name\">Artur<\/span>"},"content":{"rendered":"<main id=\"CHARA_559\" class=\"main_page character\">\r\n            <article>\r\n                <section class=\"sec sec_character\">\r\n                    <ul class=\"sec_ul sec_ul--character slick-box\">\r\n                        <li class=\"sec_li sec_li--character\">\r\n                            <img decoding=\"async\" src=\"https:\/\/guide.fire-emblem-heroes.com\/wp-content\/uploads\/asley_silver_saint_slide01.png\" alt=\"\" \/>\r\n                        <\/li>\r\n                        <li class=\"sec_li sec_li--character\">\r\n                            <img decoding=\"async\" src=\"https:\/\/guide.fire-emblem-heroes.com\/wp-content\/uploads\/asley_silver_saint_slide02.png\" alt=\"\" \/>\r\n                        <\/li>\r\n                        <li class=\"sec_li sec_li--character\">\r\n                            <img decoding=\"async\" src=\"https:\/\/guide.fire-emblem-heroes.com\/wp-content\/uploads\/asley_silver_saint_slide03.png\" alt=\"\" \/>\r\n                        <\/li>\r\n                        <li class=\"sec_li sec_li--character\">\r\n                            <img decoding=\"async\" src=\"https:\/\/guide.fire-emblem-heroes.com\/wp-content\/uploads\/asley_silver_saint_slide04.png\" alt=\"\" \/>\r\n                        <\/li>\r\n                    <\/ul>\r\n                    <div class=\"sec_charainfoarea flex\">\r\n                        <div class=\"sec_gif\"><img loading=\"lazy\" decoding=\"async\" src=\"https:\/\/guide.fire-emblem-heroes.com\/wp-content\/uploads\/asley_silver_saint.png\" alt=\"\" width=\"210\" height=\"190\"\/><\/div>\r\n                        <div class=\"sec_charainfo\">\r\n                            <p id=\"CHARA_559_002\" class=\"sec_characate sec_characate--special_heroes\">H\u00e9roes especiales<\/p>\r\n                            <p id=\"CHARA_559_003\" class=\"sec_charanick\">Santo arg\u00e9nteo<\/p>\r\n                            <p id=\"CHARA_559_004\" class=\"sec_charaname\">Artur<\/p>\r\n                            <p id=\"CHARA_559_005\" class=\"sec_charaappearancetxt\">Aparece en<\/p>\r\n                            <p id=\"CHARA_559_006\" class=\"sec_charaappearancetxt\">Fire Emblem: The Sacred Stones<\/p>\r\n                        <\/div>\r\n                    <\/div>\r\n                <\/section>\r\n            <\/article>\r\n            <article>\r\n                <section class=\"sec sec_characterarea\">\r\n                    <div class=\"sec_h2chara\">\r\n                        <p id=\"CHARA_559_007\" class=\"sec_h2charattl\">\u00a1Presentaci\u00f3n de personajes con Sharena!<\/p>\r\n                        <h2 id=\"CHARA_559_008\" class=\"sec_h2charatxt\">Santo arg\u00e9nteo Artur<\/h2>\r\n                    <\/div>\r\n                    <dl class=\"sec_dl flex\">\r\n                        <dt id=\"CHARA_559_009\" class=\"sec_dt\">\u00a1Artur no se quiere perder el festival de invierno! Este monje de Renais se ha propuesto acabar con los monstruos del pa\u00eds. \u00a1Hoy, sin embargo, se ha tomado un descanso para celebrar el invierno con nosotros!<\/dt>\r\n                        <dd class=\"sec_dd\">\r\n                            <a href=\"https:\/\/guide.fire-emblem-heroes.com\/wp-content\/uploads\/asley_silver_saint_pop01.png\" class=\"popup-image\">\r\n                                <img decoding=\"async\" src=\"https:\/\/guide.fire-emblem-heroes.com\/wp-content\/uploads\/asley_silver_saint_info01.png\" alt=\"\" \/>\r\n                            <\/a>\r\n                        <\/dd>\r\n                        <dt id=\"CHARA_559_010\" class=\"sec_dt\">Para esta fecha tan se\u00f1alada ha elegido una fabulosa capa roja; \u00a1menudo estilo tiene! El interior blanco brillante de la capa hace juego con su bufanda, lo que realza todo el conjunto. Pero eso no va a distraerme: \u00a1tengo la mirada puesta en la bolsa llena de regalos!<\/dt>\r\n                        <dd class=\"sec_dd\">\r\n                            <a href=\"https:\/\/guide.fire-emblem-heroes.com\/wp-content\/uploads\/asley_silver_saint_pop02.png\" class=\"popup-image\">\r\n                                <img decoding=\"async\" src=\"https:\/\/guide.fire-emblem-heroes.com\/wp-content\/uploads\/asley_silver_saint_info02.png\" alt=\"\" \/>\r\n                            <\/a>\r\n                        <\/dd>\r\n                        <dt id=\"CHARA_559_011\" class=\"sec_dt\">Vamos a dejar eso de momento para centrarnos mejor en la figurita de la bola de nieve. \u00bfTe suena de algo? \u00a1Claro que s\u00ed! \u00a1Es Grong, el fiel wyvern de Cormag!<\/dt>\r\n                        <dd class=\"sec_dd\">\r\n                            <a href=\"https:\/\/guide.fire-emblem-heroes.com\/wp-content\/uploads\/asley_silver_saint_pop03.png\" class=\"popup-image\">\r\n                                <img decoding=\"async\" src=\"https:\/\/guide.fire-emblem-heroes.com\/wp-content\/uploads\/asley_silver_saint_info03.png\" alt=\"\" \/>\r\n                            <\/a>\r\n                        <\/dd>\r\n                        <dt id=\"CHARA_559_012\" class=\"sec_dt\">Me han dicho que Lute, la vieja amiga de Artur, tambi\u00e9n va a asistir. \u00a1Espero que puedan ponerse al d\u00eda mientras disfrutan con la nieve en el festival de invierno de Askr!<\/dt>\r\n                        <dd class=\"sec_dd\">\r\n                            <a href=\"https:\/\/guide.fire-emblem-heroes.com\/wp-content\/uploads\/asley_silver_saint_pop04.png\" class=\"popup-image\">\r\n                                <img decoding=\"async\" src=\"https:\/\/guide.fire-emblem-heroes.com\/wp-content\/uploads\/asley_silver_saint_info04.png\" alt=\"\" \/>\r\n                            <\/a>\r\n                        <\/dd>\r\n                    <\/dl>\r\n                    <h3 id=\"CHARA_559_013\" class=\"sec_h3charatxt\">Personajes con los que tiene relaci\u00f3n<\/h3>\r\n                    <h4 id=\"CHARA_559_014\" class=\"sec_h4charatxt\">Lute<\/h4>\r\n                    <p id=\"CHARA_559_015\" class=\"sec_charatxt\">Joven hechicera de Renais de lo m\u00e1s temperamental y amiga de la infancia de Artur. Conf\u00eda mucho en sus habilidades.<\/p>\r\n                    <h4 id=\"CHARA_559_016\" class=\"sec_h4charatxt\">Cormag<\/h4>\r\n                    <p id=\"CHARA_559_017\" class=\"sec_charatxt\">Jinete wyvern de Grado y hermano peque\u00f1o de \u00abGranate\u00bb, el general Glen. Aunque abandon\u00f3 las filas del ej\u00e9rcito, sigue luchando por amor y devoci\u00f3n a su patria. Su wyvern ha hecho buenas migas con Artur.<\/p>\r\n                <\/section>\r\n            <\/article>\r\n        <\/main>","protected":false},"excerpt":{"rendered":"H\u00e9roes especiales Santo arg\u00e9nteo Artur Aparece en Fire Emblem: The Sacred Stones \u00a1Presentaci\u00f3n de personajes con Sharena! Santo arg\u00e9nteo Artur \u00a1Artur no se quiere perder el festival de invierno! Este monje de Renais se ha propuesto acabar con los monstruos del pa\u00eds. \u00a1Hoy, sin embargo, se ha tomado un descanso para celebrar el invierno con [&hellip;]","protected":false},"author":1,"featured_media":30677,"comment_status":"closed","ping_status":"closed","sticky":false,"template":"","format":"standard","meta":{"advanced_seo_description":"","jetpack_seo_html_title":"","jetpack_seo_noindex":false,"_jetpack_newsletter_access":"","_jetpack_dont_email_post_to_subs":false,"_jetpack_newsletter_tier_id":0,"_jetpack_memberships_contains_paywalled_content":false,"_locale":"es_ES","_original_post":"https:\/\/guide.fire-emblem-heroes.com\/?p=30588","_jetpack_memberships_contains_paid_content":false,"footnotes":"","jetpack_publicize_message":"","jetpack_publicize_feature_enabled":true,"jetpack_social_post_already_shared":true,"jetpack_social_options":{"image_generator_settings":{"template":"highway","default_image_id":0,"font":"","enabled":false},"version":2},"_wpas_customize_per_network":false,"jetpack_post_was_ever_published":false},"categories":[1384,1428,1405,1390],"tags":[1409],"class_list":["post-30594","post","type-post","status-publish","format-standard","has-post-thumbnail","hentry","category-character","category-ex_works_the_sacred_stones","category-special_heroes","category-stay_heroes","tag-heroes-especiales","es-ES"],"jetpack_publicize_connections":[],"jetpack_featured_media_url":"https:\/\/guide.fire-emblem-heroes.com\/wp-content\/uploads\/asley_silver_saint.png","jetpack_sharing_enabled":false,"jetpack_shortlink":"https:\/\/wp.me\/pa0Mj3-7Xs","jetpack_likes_enabled":false,"amp_enabled":false,"_links":{"self":[{"href":"https:\/\/guide.fire-emblem-heroes.com\/wp-json\/wp\/v2\/posts\/30594","targetHints":{"allow":["GET"]}}],"collection":[{"href":"https:\/\/guide.fire-emblem-heroes.com\/wp-json\/wp\/v2\/posts"}],"about":[{"href":"https:\/\/guide.fire-emblem-heroes.com\/wp-json\/wp\/v2\/types\/post"}],"author":[{"embeddable":true,"href":"https:\/\/guide.fire-emblem-heroes.com\/wp-json\/wp\/v2\/users\/1"}],"replies":[{"embeddable":true,"href":"https:\/\/guide.fire-emblem-heroes.com\/wp-json\/wp\/v2\/comments?post=30594"}],"version-history":[{"count":1,"href":"https:\/\/guide.fire-emblem-heroes.com\/wp-json\/wp\/v2\/posts\/30594\/revisions"}],"predecessor-version":[{"id":30603,"href":"https:\/\/guide.fire-emblem-heroes.com\/wp-json\/wp\/v2\/posts\/30594\/revisions\/30603"}],"wp:featuredmedia":[{"embeddable":true,"href":"https:\/\/guide.fire-emblem-heroes.com\/wp-json\/wp\/v2\/media\/30677"}],"wp:attachment":[{"href":"https:\/\/guide.fire-emblem-heroes.com\/wp-json\/wp\/v2\/media?parent=30594"}],"wp:term":[{"taxonomy":"category","embeddable":true,"href":"https:\/\/guide.fire-emblem-heroes.com\/wp-json\/wp\/v2\/categories?post=30594"},{"taxonomy":"post_tag","embeddable":true,"href":"https:\/\/guide.fire-emblem-heroes.com\/wp-json\/wp\/v2\/tags?post=30594"}],"curies":[{"name":"wp","href":"https:\/\/api.w.org\/{rel}","templated":true}]}}