






{"id":30967,"date":"2021-12-27T12:13:13","date_gmt":"2021-12-27T03:13:13","guid":{"rendered":"https:\/\/guide.fire-emblem-heroes.com\/?p=30967"},"modified":"2022-02-01T16:38:49","modified_gmt":"2022-02-01T07:38:49","slug":"00005001000751-2","status":"publish","type":"post","link":"https:\/\/guide.fire-emblem-heroes.com\/es-ES\/00005001000751-2\/","title":{"rendered":"<span class=\"character_nick\">Portaalbores<\/span><span class=\"character_name\">Reginn<\/span>"},"content":{"rendered":"<main id=\"CHARA_569\" class=\"main_page character\">\r\n            <article>\r\n                <section class=\"sec sec_character\">\r\n                    <ul class=\"sec_ul sec_ul--character slick-box\">\r\n                        <li class=\"sec_li sec_li--character\">\r\n                            <img decoding=\"async\" src=\"https:\/\/guide.fire-emblem-heroes.com\/wp-content\/uploads\/reghin_bearing_dawn_slide01.png\" alt=\"\" \/>\r\n                        <\/li>\r\n                        <li class=\"sec_li sec_li--character\">\r\n                            <img decoding=\"async\" src=\"https:\/\/guide.fire-emblem-heroes.com\/wp-content\/uploads\/reghin_bearing_dawn_slide02.png\" alt=\"\" \/>\r\n                        <\/li>\r\n                        <li class=\"sec_li sec_li--character\">\r\n                            <img decoding=\"async\" src=\"https:\/\/guide.fire-emblem-heroes.com\/wp-content\/uploads\/reghin_bearing_dawn_slide03.png\" alt=\"\" \/>\r\n                        <\/li>\r\n                        <li class=\"sec_li sec_li--character\">\r\n                            <img decoding=\"async\" src=\"https:\/\/guide.fire-emblem-heroes.com\/wp-content\/uploads\/reghin_bearing_dawn_slide04.png\" alt=\"\" \/>\r\n                        <\/li>\r\n                    <\/ul>\r\n                    <div class=\"sec_charainfoarea flex\">\r\n                        <div class=\"sec_gif\"><img loading=\"lazy\" decoding=\"async\" src=\"https:\/\/guide.fire-emblem-heroes.com\/wp-content\/uploads\/reghin_bearing_dawn.png\" alt=\"\" width=\"210\" height=\"190\"\/><\/div>\r\n                        <div class=\"sec_charainfo\">\r\n                            <p id=\"CHARA_569_002\" class=\"sec_characate sec_characate--special_heroes\">H\u00e9roes especiales<\/p>\r\n                            <p id=\"CHARA_569_003\" class=\"sec_charanick\">Portaalbores<\/p>\r\n                            <p id=\"CHARA_569_004\" class=\"sec_charaname\">Reginn<\/p>\r\n                            <p id=\"CHARA_569_005\" class=\"sec_charaappearancetxt\">Aparece en<\/p>\r\n                            <p id=\"CHARA_569_006\" class=\"sec_charaappearancetxt\">Fire Emblem Heroes<\/p>\r\n                        <\/div>\r\n                    <\/div>\r\n                <\/section>\r\n            <\/article>\r\n            <article>\r\n                <section class=\"sec sec_characterarea\">\r\n                    <div class=\"sec_h2chara\">\r\n                        <p id=\"CHARA_569_007\" class=\"sec_h2charattl\">\u00a1Presentaci\u00f3n de personajes con Sharena!<\/p>\r\n                        <h2 id=\"CHARA_569_008\" class=\"sec_h2charatxt\">Portaalbores Reginn<\/h2>\r\n                    <\/div>\r\n                    <dl class=\"sec_dl flex\">\r\n                        <dt id=\"CHARA_569_009\" class=\"sec_dt\">\u00a1Aqu\u00ed llega Reginn, y viene vestida con un incre\u00edble traje para celebrar el nuevo a\u00f1o! Esta hero\u00edna de Ni\u00f0avellir no ha querido perderse la fiesta de celebraci\u00f3n de Askr.<\/dt>\r\n                        <dd class=\"sec_dd\">\r\n                            <a href=\"https:\/\/guide.fire-emblem-heroes.com\/wp-content\/uploads\/reghin_bearing_dawn_pop01.png\" class=\"popup-image\">\r\n                                <img decoding=\"async\" src=\"https:\/\/guide.fire-emblem-heroes.com\/wp-content\/uploads\/reghin_bearing_dawn_info01.png\" alt=\"\" \/>\r\n                            <\/a>\r\n                        <\/dd>\r\n                        <dt id=\"CHARA_569_010\" class=\"sec_dt\">\u00bfSer\u00e1 la primera vez que usa un kimono? De lo que no cabe duda es de que sabe llevarlo con estilo. \u00bfTe has fijado en el estampado de engranajes que lleva en las mangas? \u00a1Es el emblema de Ni\u00f0avellir!<\/dt>\r\n                        <dd class=\"sec_dd\">\r\n                            <a href=\"https:\/\/guide.fire-emblem-heroes.com\/wp-content\/uploads\/reghin_bearing_dawn_pop02.png\" class=\"popup-image\">\r\n                                <img decoding=\"async\" src=\"https:\/\/guide.fire-emblem-heroes.com\/wp-content\/uploads\/reghin_bearing_dawn_info02.png\" alt=\"\" \/>\r\n                            <\/a>\r\n                        <\/dd>\r\n                        <dt id=\"CHARA_569_011\" class=\"sec_dt\">Tambi\u00e9n ha tra\u00eddo una nutria de peluche como complemento. Un momento&#8230; Nutria&#8230; Nutr&#8230; Utr&#8230; \u00d3tr&#8230; Esto&#8230; no, d\u00e9jalo. \u00a1Pensaba que hab\u00eda descubierto algo interesante!<\/dt>\r\n                        <dd class=\"sec_dd\">\r\n                            <a href=\"https:\/\/guide.fire-emblem-heroes.com\/wp-content\/uploads\/reghin_bearing_dawn_pop03.png\" class=\"popup-image\">\r\n                                <img decoding=\"async\" src=\"https:\/\/guide.fire-emblem-heroes.com\/wp-content\/uploads\/reghin_bearing_dawn_info03.png\" alt=\"\" \/>\r\n                            <\/a>\r\n                        <\/dd>\r\n                        <dt id=\"CHARA_569_012\" class=\"sec_dt\">En cualquier caso, no hace falta ser adivino para saber que a Reginn le espera un gran a\u00f1o. \u00a1Tanto Askr como Ni\u00f0avellir tienen por delante un futuro prometedor!<\/dt>\r\n                        <dd class=\"sec_dd\">\r\n                            <a href=\"https:\/\/guide.fire-emblem-heroes.com\/wp-content\/uploads\/reghin_bearing_dawn_pop04.png\" class=\"popup-image\">\r\n                                <img decoding=\"async\" src=\"https:\/\/guide.fire-emblem-heroes.com\/wp-content\/uploads\/reghin_bearing_dawn_info04.png\" alt=\"\" \/>\r\n                            <\/a>\r\n                        <\/dd>\r\n                    <\/dl>\r\n                    <h3 id=\"CHARA_569_013\" class=\"sec_h3charatxt\">Personajes con los que tiene relaci\u00f3n<\/h3>\r\n                    <h4 id=\"CHARA_569_014\" class=\"sec_h4charatxt\">\u00d3tr<\/h4>\r\n                    <p id=\"CHARA_569_015\" class=\"sec_charatxt\">Hermano adoptivo del rey Fafnir de Ni\u00f0avellir. Adora a su hermano y secunda totalmente su ambici\u00f3n. Es hermano adoptivo de Reginn.<\/p>\r\n                    <h4 id=\"CHARA_569_016\" class=\"sec_h4charatxt\">Fafnir<\/h4>\r\n                    <p id=\"CHARA_569_017\" class=\"sec_charatxt\">Rey de Ni\u00f0avellir que empez\u00f3 siendo un soldado raso. No recuerda nada de su pasado. Es hermano adoptivo de Reginn.<\/p>\r\n                <\/section>\r\n            <\/article>\r\n        <\/main>","protected":false},"excerpt":{"rendered":"H\u00e9roes especiales Portaalbores Reginn Aparece en Fire Emblem Heroes \u00a1Presentaci\u00f3n de personajes con Sharena! Portaalbores Reginn \u00a1Aqu\u00ed llega Reginn, y viene vestida con un incre\u00edble traje para celebrar el nuevo a\u00f1o! Esta hero\u00edna de Ni\u00f0avellir no ha querido perderse la fiesta de celebraci\u00f3n de Askr. \u00bfSer\u00e1 la primera vez que usa un kimono? De lo [&hellip;]","protected":false},"author":1,"featured_media":31110,"comment_status":"closed","ping_status":"closed","sticky":false,"template":"","format":"standard","meta":{"advanced_seo_description":"","jetpack_seo_html_title":"","jetpack_seo_noindex":false,"_jetpack_newsletter_access":"","_jetpack_dont_email_post_to_subs":false,"_jetpack_newsletter_tier_id":0,"_jetpack_memberships_contains_paywalled_content":false,"_locale":"es_ES","_original_post":"https:\/\/guide.fire-emblem-heroes.com\/?p=30961","_jetpack_memberships_contains_paid_content":false,"footnotes":"","jetpack_publicize_message":"","jetpack_publicize_feature_enabled":true,"jetpack_social_post_already_shared":true,"jetpack_social_options":{"image_generator_settings":{"template":"highway","default_image_id":0,"font":"","enabled":false},"version":2},"_wpas_customize_per_network":false,"jetpack_post_was_ever_published":false},"categories":[1384,1423,1405,1390],"tags":[1409],"class_list":["post-30967","post","type-post","status-publish","format-standard","has-post-thumbnail","hentry","category-character","category-ex_works_heroes","category-special_heroes","category-stay_heroes","tag-heroes-especiales","es-ES"],"jetpack_publicize_connections":[],"jetpack_featured_media_url":"https:\/\/guide.fire-emblem-heroes.com\/wp-content\/uploads\/reghin_bearing_dawn.png","jetpack_sharing_enabled":false,"jetpack_shortlink":"https:\/\/wp.me\/pa0Mj3-83t","jetpack_likes_enabled":false,"amp_enabled":false,"_links":{"self":[{"href":"https:\/\/guide.fire-emblem-heroes.com\/wp-json\/wp\/v2\/posts\/30967","targetHints":{"allow":["GET"]}}],"collection":[{"href":"https:\/\/guide.fire-emblem-heroes.com\/wp-json\/wp\/v2\/posts"}],"about":[{"href":"https:\/\/guide.fire-emblem-heroes.com\/wp-json\/wp\/v2\/types\/post"}],"author":[{"embeddable":true,"href":"https:\/\/guide.fire-emblem-heroes.com\/wp-json\/wp\/v2\/users\/1"}],"replies":[{"embeddable":true,"href":"https:\/\/guide.fire-emblem-heroes.com\/wp-json\/wp\/v2\/comments?post=30967"}],"version-history":[{"count":1,"href":"https:\/\/guide.fire-emblem-heroes.com\/wp-json\/wp\/v2\/posts\/30967\/revisions"}],"predecessor-version":[{"id":30976,"href":"https:\/\/guide.fire-emblem-heroes.com\/wp-json\/wp\/v2\/posts\/30967\/revisions\/30976"}],"wp:featuredmedia":[{"embeddable":true,"href":"https:\/\/guide.fire-emblem-heroes.com\/wp-json\/wp\/v2\/media\/31110"}],"wp:attachment":[{"href":"https:\/\/guide.fire-emblem-heroes.com\/wp-json\/wp\/v2\/media?parent=30967"}],"wp:term":[{"taxonomy":"category","embeddable":true,"href":"https:\/\/guide.fire-emblem-heroes.com\/wp-json\/wp\/v2\/categories?post=30967"},{"taxonomy":"post_tag","embeddable":true,"href":"https:\/\/guide.fire-emblem-heroes.com\/wp-json\/wp\/v2\/tags?post=30967"}],"curies":[{"name":"wp","href":"https:\/\/api.w.org\/{rel}","templated":true}]}}