






{"id":31422,"date":"2022-01-14T11:59:34","date_gmt":"2022-01-14T02:59:34","guid":{"rendered":"https:\/\/guide.fire-emblem-heroes.com\/?p=31422"},"modified":"2022-01-28T21:36:45","modified_gmt":"2022-01-28T12:36:45","slug":"02003004000764-2","status":"publish","type":"post","link":"https:\/\/guide.fire-emblem-heroes.com\/es-ES\/02003004000764-2\/","title":{"rendered":"<span class=\"character_nick\">Hoja del desierto<\/span><span class=\"character_name\">Deen<\/span>"},"content":{"rendered":"<main id=\"CHARA_581\" class=\"main_page character\">\r\n            <article>\r\n                <section class=\"sec sec_character\">\r\n                    <ul class=\"sec_ul sec_ul--character slick-box\">\r\n                        <li class=\"sec_li sec_li--character\">\r\n                            <img decoding=\"async\" src=\"https:\/\/guide.fire-emblem-heroes.com\/wp-content\/uploads\/deen_bladed_sandstorm_slide01.png\" alt=\"\" \/>\r\n                        <\/li>\r\n                        <li class=\"sec_li sec_li--character\">\r\n                            <img decoding=\"async\" src=\"https:\/\/guide.fire-emblem-heroes.com\/wp-content\/uploads\/deen_bladed_sandstorm_slide02.png\" alt=\"\" \/>\r\n                        <\/li>\r\n                        <li class=\"sec_li sec_li--character\">\r\n                            <img decoding=\"async\" src=\"https:\/\/guide.fire-emblem-heroes.com\/wp-content\/uploads\/deen_bladed_sandstorm_slide03.png\" alt=\"\" \/>\r\n                        <\/li>\r\n                        <li class=\"sec_li sec_li--character\">\r\n                            <img decoding=\"async\" src=\"https:\/\/guide.fire-emblem-heroes.com\/wp-content\/uploads\/deen_bladed_sandstorm_slide04.png\" alt=\"\" \/>\r\n                        <\/li>\r\n                    <\/ul>\r\n                    <div class=\"sec_charainfoarea flex\">\r\n                        <div class=\"sec_gif\"><img loading=\"lazy\" decoding=\"async\" src=\"https:\/\/guide.fire-emblem-heroes.com\/wp-content\/uploads\/deen_bladed_sandstorm.png\" alt=\"\" width=\"210\" height=\"190\"\/><\/div>\r\n                        <div class=\"sec_charainfo\">\r\n                            <p id=\"CHARA_581_002\" class=\"sec_characate sec_characate--special_heroes\">H\u00e9roes especiales<\/p>\r\n                            <p id=\"CHARA_581_003\" class=\"sec_charanick\">Hoja del desierto<\/p>\r\n                            <p id=\"CHARA_581_004\" class=\"sec_charaname\">Deen<\/p>\r\n                            <p id=\"CHARA_581_005\" class=\"sec_charaappearancetxt\">Aparece en<\/p>\r\n                            <p id=\"CHARA_581_006\" class=\"sec_charaappearancetxt\">Fire Emblem Echoes: Shadows of Valentia<\/p>\r\n                        <\/div>\r\n                    <\/div>\r\n                <\/section>\r\n            <\/article>\r\n            <article>\r\n                <section class=\"sec sec_characterarea\">\r\n                    <div class=\"sec_h2chara\">\r\n                        <p id=\"CHARA_581_007\" class=\"sec_h2charattl\">\u00a1Presentaci\u00f3n de personajes con Sharena!<\/p>\r\n                        <h2 id=\"CHARA_581_008\" class=\"sec_h2charatxt\">Hoja del desierto Deen<\/h2>\r\n                    <\/div>\r\n                    <dl class=\"sec_dl flex\">\r\n                        <dt id=\"CHARA_581_009\" class=\"sec_dt\">\u00a1Al festival de Hataree acaba de llegar un cliente dif\u00edcil! \u00a1Aqu\u00ed est\u00e1 Deen, un espadach\u00edn que se granje\u00f3 cierta reputaci\u00f3n en Valentia y que ha venido vestido con ropa tradicional!<\/dt>\r\n                        <dd class=\"sec_dd\">\r\n                            <a href=\"https:\/\/guide.fire-emblem-heroes.com\/wp-content\/uploads\/deen_bladed_sandstorm_pop01.png\" class=\"popup-image\">\r\n                                <img decoding=\"async\" src=\"https:\/\/guide.fire-emblem-heroes.com\/wp-content\/uploads\/deen_bladed_sandstorm_info01.png\" alt=\"\" \/>\r\n                            <\/a>\r\n                        <\/dd>\r\n                        <dt id=\"CHARA_581_010\" class=\"sec_dt\">Deen suele ir protegido con una armadura oscura y pesada. \u00a1Verlo vestido as\u00ed es toda una sorpresa! La tem\u00e1tica de Hataree tambi\u00e9n se aprecia en la tela que le cubre el torso y los brazos, decorada con estampados tradicionales que hacen alusi\u00f3n a su fuerza bruta.<\/dt>\r\n                        <dd class=\"sec_dd\">\r\n                            <a href=\"https:\/\/guide.fire-emblem-heroes.com\/wp-content\/uploads\/deen_bladed_sandstorm_pop02.png\" class=\"popup-image\">\r\n                                <img decoding=\"async\" src=\"https:\/\/guide.fire-emblem-heroes.com\/wp-content\/uploads\/deen_bladed_sandstorm_info02.png\" alt=\"\" \/>\r\n                            <\/a>\r\n                        <\/dd>\r\n                        <dt id=\"CHARA_581_011\" class=\"sec_dt\">\u00a1Y hay otro cambio sorprendente! \u00a1En lugar de su espada, lleva un cuchillo de hueso de bestia en forma de bumer\u00e1n! Su filo es tan preciso que ning\u00fan depredador del desierto se atrever\u00e1 con \u00e9l.<\/dt>\r\n                        <dd class=\"sec_dd\">\r\n                            <a href=\"https:\/\/guide.fire-emblem-heroes.com\/wp-content\/uploads\/deen_bladed_sandstorm_pop03.png\" class=\"popup-image\">\r\n                                <img decoding=\"async\" src=\"https:\/\/guide.fire-emblem-heroes.com\/wp-content\/uploads\/deen_bladed_sandstorm_info03.png\" alt=\"\" \/>\r\n                            <\/a>\r\n                        <\/dd>\r\n                        <dt id=\"CHARA_581_012\" class=\"sec_dt\">La base desde la que operaba Deen en Valentia tambi\u00e9n estaba en el desierto, as\u00ed que supongo que el estilo de Hataree no le resultar\u00e1 extra\u00f1o. \u00a1No lo pierdas de vista en el festival!<\/dt>\r\n                        <dd class=\"sec_dd\">\r\n                            <a href=\"https:\/\/guide.fire-emblem-heroes.com\/wp-content\/uploads\/deen_bladed_sandstorm_pop04.png\" class=\"popup-image\">\r\n                                <img decoding=\"async\" src=\"https:\/\/guide.fire-emblem-heroes.com\/wp-content\/uploads\/deen_bladed_sandstorm_info04.png\" alt=\"\" \/>\r\n                            <\/a>\r\n                        <\/dd>\r\n                    <\/dl>\r\n                    <h3 id=\"CHARA_581_013\" class=\"sec_h3charatxt\">Personajes con los que tiene relaci\u00f3n<\/h3>\r\n                    <h4 id=\"CHARA_581_014\" class=\"sec_h4charatxt\">Sonya<\/h4>\r\n                    <p id=\"CHARA_581_015\" class=\"sec_charatxt\">Maga que, al igual que Deen, fue contratada por Grieth. Fr\u00eda pero extravagante, busca venganza contra Jedah, su padre.<\/p>\r\n                    <h4 id=\"CHARA_581_016\" class=\"sec_h4charatxt\">Celica<\/h4>\r\n                    <p id=\"CHARA_581_017\" class=\"sec_charatxt\">Princesa de Zofia educada como sacerdotisa. Es una joven amable que aborrece la lucha. Tiene la Marca en la mano derecha. Derrot\u00f3 a Grieth y reclut\u00f3 a Deen.<\/p>\r\n                <\/section>\r\n            <\/article>\r\n        <\/main>","protected":false},"excerpt":{"rendered":"H\u00e9roes especiales Hoja del desierto Deen Aparece en Fire Emblem Echoes: Shadows of Valentia \u00a1Presentaci\u00f3n de personajes con Sharena! Hoja del desierto Deen \u00a1Al festival de Hataree acaba de llegar un cliente dif\u00edcil! \u00a1Aqu\u00ed est\u00e1 Deen, un espadach\u00edn que se granje\u00f3 cierta reputaci\u00f3n en Valentia y que ha venido vestido con ropa tradicional! Deen suele [&hellip;]","protected":false},"author":1,"featured_media":31497,"comment_status":"closed","ping_status":"closed","sticky":false,"template":"","format":"standard","meta":{"advanced_seo_description":"","jetpack_seo_html_title":"","jetpack_seo_noindex":false,"_jetpack_newsletter_access":"","_jetpack_dont_email_post_to_subs":false,"_jetpack_newsletter_tier_id":0,"_jetpack_memberships_contains_paywalled_content":false,"_locale":"es_ES","_original_post":"https:\/\/guide.fire-emblem-heroes.com\/?p=31416","_jetpack_memberships_contains_paid_content":false,"footnotes":"","jetpack_publicize_message":"","jetpack_publicize_feature_enabled":true,"jetpack_social_post_already_shared":true,"jetpack_social_options":{"image_generator_settings":{"template":"highway","default_image_id":0,"font":"","enabled":false},"version":2},"_wpas_customize_per_network":false,"jetpack_post_was_ever_published":false},"categories":[1384,1425,1405,1390],"tags":[1409],"class_list":["post-31422","post","type-post","status-publish","format-standard","has-post-thumbnail","hentry","category-character","category-ex_works_shadows_of_valentia","category-special_heroes","category-stay_heroes","tag-heroes-especiales","es-ES"],"jetpack_publicize_connections":[],"jetpack_featured_media_url":"https:\/\/guide.fire-emblem-heroes.com\/wp-content\/uploads\/deen_bladed_sandstorm.png","jetpack_sharing_enabled":false,"jetpack_shortlink":"https:\/\/wp.me\/pa0Mj3-8aO","jetpack_likes_enabled":false,"amp_enabled":false,"_links":{"self":[{"href":"https:\/\/guide.fire-emblem-heroes.com\/wp-json\/wp\/v2\/posts\/31422","targetHints":{"allow":["GET"]}}],"collection":[{"href":"https:\/\/guide.fire-emblem-heroes.com\/wp-json\/wp\/v2\/posts"}],"about":[{"href":"https:\/\/guide.fire-emblem-heroes.com\/wp-json\/wp\/v2\/types\/post"}],"author":[{"embeddable":true,"href":"https:\/\/guide.fire-emblem-heroes.com\/wp-json\/wp\/v2\/users\/1"}],"replies":[{"embeddable":true,"href":"https:\/\/guide.fire-emblem-heroes.com\/wp-json\/wp\/v2\/comments?post=31422"}],"version-history":[{"count":1,"href":"https:\/\/guide.fire-emblem-heroes.com\/wp-json\/wp\/v2\/posts\/31422\/revisions"}],"predecessor-version":[{"id":31435,"href":"https:\/\/guide.fire-emblem-heroes.com\/wp-json\/wp\/v2\/posts\/31422\/revisions\/31435"}],"wp:featuredmedia":[{"embeddable":true,"href":"https:\/\/guide.fire-emblem-heroes.com\/wp-json\/wp\/v2\/media\/31497"}],"wp:attachment":[{"href":"https:\/\/guide.fire-emblem-heroes.com\/wp-json\/wp\/v2\/media?parent=31422"}],"wp:term":[{"taxonomy":"category","embeddable":true,"href":"https:\/\/guide.fire-emblem-heroes.com\/wp-json\/wp\/v2\/categories?post=31422"},{"taxonomy":"post_tag","embeddable":true,"href":"https:\/\/guide.fire-emblem-heroes.com\/wp-json\/wp\/v2\/tags?post=31422"}],"curies":[{"name":"wp","href":"https:\/\/api.w.org\/{rel}","templated":true}]}}