






{"id":32683,"date":"2022-03-16T11:39:44","date_gmt":"2022-03-16T02:39:44","guid":{"rendered":"https:\/\/guide.fire-emblem-heroes.com\/?p=32683"},"modified":"2022-04-07T16:09:47","modified_gmt":"2022-04-07T07:09:47","slug":"04001005000782-2","status":"publish","type":"post","link":"https:\/\/guide.fire-emblem-heroes.com\/es-ES\/04001005000782-2\/","title":{"rendered":"<span class=\"character_nick\">Ama de Fobos<\/span><span class=\"character_name\">Mareeta<\/span>"},"content":{"rendered":"<main id=\"CHARA_605\" class=\"main_page character\">\r\n            <article>\r\n                <section class=\"sec sec_character\">\r\n                    <ul class=\"sec_ul sec_ul--character slick-box\">\r\n                        <li class=\"sec_li sec_li--character\">\r\n                            <img decoding=\"async\" src=\"https:\/\/guide.fire-emblem-heroes.com\/wp-content\/uploads\/mareeta_astra_awakened_slide01.png\" alt=\"\" \/>\r\n                        <\/li>\r\n                        <li class=\"sec_li sec_li--character\">\r\n                            <img decoding=\"async\" src=\"https:\/\/guide.fire-emblem-heroes.com\/wp-content\/uploads\/mareeta_astra_awakened_slide02.png\" alt=\"\" \/>\r\n                        <\/li>\r\n                        <li class=\"sec_li sec_li--character\">\r\n                            <img decoding=\"async\" src=\"https:\/\/guide.fire-emblem-heroes.com\/wp-content\/uploads\/mareeta_astra_awakened_slide03.png\" alt=\"\" \/>\r\n                        <\/li>\r\n                        <li class=\"sec_li sec_li--character\">\r\n                            <img decoding=\"async\" src=\"https:\/\/guide.fire-emblem-heroes.com\/wp-content\/uploads\/mareeta_astra_awakened_slide04.png\" alt=\"\" \/>\r\n                        <\/li>\r\n                    <\/ul>\r\n                    <div class=\"sec_charainfoarea flex\">\r\n                        <div class=\"sec_gif\"><img loading=\"lazy\" decoding=\"async\" src=\"https:\/\/guide.fire-emblem-heroes.com\/wp-content\/uploads\/mareeta_astra_awakened.png\" alt=\"\" width=\"210\" height=\"190\"\/><\/div>\r\n                        <div class=\"sec_charainfo\">\r\n                            <p id=\"CHARA_605_002\" class=\"sec_characate sec_characate--ascended_heroes\">H\u00e9roes florecientes<\/p>\r\n                            <p id=\"CHARA_605_003\" class=\"sec_charanick\">Ama de Fobos<\/p>\r\n                            <p id=\"CHARA_605_004\" class=\"sec_charaname\">Mareeta<\/p>\r\n                            <p id=\"CHARA_605_005\" class=\"sec_charaappearancetxt\">Aparece en<\/p>\r\n                            <p id=\"CHARA_605_006\" class=\"sec_charaappearancetxt\">Fire Emblem: Thracia 776<\/p>\r\n                        <\/div>\r\n                    <\/div>\r\n                <\/section>\r\n            <\/article>\r\n            <article>\r\n                <section class=\"sec sec_characterarea\">\r\n                    <div class=\"sec_h2chara\">\r\n                        <p id=\"CHARA_605_007\" class=\"sec_h2charattl\">\u00a1Presentaci\u00f3n de personajes con Sharena!<\/p>\r\n                        <h2 id=\"CHARA_605_008\" class=\"sec_h2charatxt\">Ama de Fobos Mareeta<\/h2>\r\n                    <\/div>\r\n                    <dl class=\"sec_dl flex\">\r\n                        <dt id=\"CHARA_605_009\" class=\"sec_dt\">\u00a1Mareeta se ha unido a las filas de los h\u00e9roes florecientes! Forma parte de los Valientes de Fiana, un grupo que lucha por la libertad de Thracia. Y ahora que domina nuevas t\u00e9cnicas, exuda la confianza propia de una aut\u00e9ntica espadachina.<\/dt>\r\n                        <dd class=\"sec_dd\">\r\n                            <a href=\"https:\/\/guide.fire-emblem-heroes.com\/wp-content\/uploads\/mareeta_astra_awakened_pop01.png\" class=\"popup-image\">\r\n                                <img decoding=\"async\" src=\"https:\/\/guide.fire-emblem-heroes.com\/wp-content\/uploads\/mareeta_astra_awakened_info01.png\" alt=\"\" \/>\r\n                            <\/a>\r\n                        <\/dd>\r\n                        <dt id=\"CHARA_605_010\" class=\"sec_dt\">Es hija adoptiva de Eyvel, la l\u00edder de los Valientes de Fiana. Pero, hace tiempo, Mareeta luch\u00f3 contra ella presa de la voluntad de una espada maldita.<\/dt>\r\n                        <dd class=\"sec_dd\">\r\n                            <a href=\"https:\/\/guide.fire-emblem-heroes.com\/wp-content\/uploads\/mareeta_astra_awakened_pop02.png\" class=\"popup-image\">\r\n                                <img decoding=\"async\" src=\"https:\/\/guide.fire-emblem-heroes.com\/wp-content\/uploads\/mareeta_astra_awakened_info02.png\" alt=\"\" \/>\r\n                            <\/a>\r\n                        <\/dd>\r\n                        <dt id=\"CHARA_605_011\" class=\"sec_dt\">Tras librarse de la maldici\u00f3n, Mareeta se sinti\u00f3 tan avergonzada de no haber podido resistirse a ella que se entreg\u00f3 en cuerpo y alma a entrenar. \u00a1Gracias a su empe\u00f1o, ahora domina los secretos de Fobos, la t\u00e9cnica legendaria del linaje real de Isaach!<\/dt>\r\n                        <dd class=\"sec_dd\">\r\n                            <a href=\"https:\/\/guide.fire-emblem-heroes.com\/wp-content\/uploads\/mareeta_astra_awakened_pop03.png\" class=\"popup-image\">\r\n                                <img decoding=\"async\" src=\"https:\/\/guide.fire-emblem-heroes.com\/wp-content\/uploads\/mareeta_astra_awakened_info03.png\" alt=\"\" \/>\r\n                            <\/a>\r\n                        <\/dd>\r\n                        <dt id=\"CHARA_605_012\" class=\"sec_dt\">Pero el entrenamiento de Mareeta a\u00fan no ha terminado: \u00a1no descansar\u00e1 hasta superar a Eyvel y a Galzus, su padre!<\/dt>\r\n                        <dd class=\"sec_dd\">\r\n                            <a href=\"https:\/\/guide.fire-emblem-heroes.com\/wp-content\/uploads\/mareeta_astra_awakened_pop04.png\" class=\"popup-image\">\r\n                                <img decoding=\"async\" src=\"https:\/\/guide.fire-emblem-heroes.com\/wp-content\/uploads\/mareeta_astra_awakened_info04.png\" alt=\"\" \/>\r\n                            <\/a>\r\n                        <\/dd>\r\n                    <\/dl>\r\n                    <h3 id=\"CHARA_605_013\" class=\"sec_h3charatxt\">Personajes con los que tiene relaci\u00f3n<\/h3>\r\n                    <h4 id=\"CHARA_605_014\" class=\"sec_h4charatxt\">Eyvel<\/h4>\r\n                    <p id=\"CHARA_605_015\" class=\"sec_charatxt\">Se\u00f1ora de Fiana y l\u00edder de los Valientes de Fiana. Acogi\u00f3 a Leif y compa\u00f1\u00eda cuando estos escapaban del imperio de Grannvale. Adopt\u00f3 a Mareeta tras rescatarla de unos esclavistas.<\/p>\r\n                    <h4 id=\"CHARA_605_016\" class=\"sec_h4charatxt\">Galzus<\/h4>\r\n                    <p id=\"CHARA_605_017\" class=\"sec_charatxt\">Lleva una vida de mercenario mientras busca a la hija que le arrebataron. Ambos portan la sangre de Od, el cruzado. Padre biol\u00f3gico de Mareeta.<\/p>\r\n                    <h4 id=\"CHARA_605_018\" class=\"sec_h4charatxt\">Saias<\/h4>\r\n                    <p id=\"CHARA_605_019\" class=\"sec_charatxt\">Sacerdote de Velthomer y gran estratega. Por sus venas corre la sangre de Fjalar, una de los doce cruzados. Libera a Mareeta de la maldici\u00f3n de la espada que la somet\u00eda.<\/p>\r\n                <\/section>\r\n            <\/article>\r\n        <\/main>","protected":false},"excerpt":{"rendered":"H\u00e9roes florecientes Ama de Fobos Mareeta Aparece en Fire Emblem: Thracia 776 \u00a1Presentaci\u00f3n de personajes con Sharena! Ama de Fobos Mareeta \u00a1Mareeta se ha unido a las filas de los h\u00e9roes florecientes! Forma parte de los Valientes de Fiana, un grupo que lucha por la libertad de Thracia. Y ahora que domina nuevas t\u00e9cnicas, exuda [&hellip;]","protected":false},"author":1,"featured_media":32841,"comment_status":"closed","ping_status":"closed","sticky":false,"template":"","format":"standard","meta":{"advanced_seo_description":"","jetpack_seo_html_title":"","jetpack_seo_noindex":false,"_jetpack_newsletter_access":"","_jetpack_dont_email_post_to_subs":false,"_jetpack_newsletter_tier_id":0,"_jetpack_memberships_contains_paywalled_content":false,"_locale":"es_ES","_original_post":"https:\/\/guide.fire-emblem-heroes.com\/?p=32677","_jetpack_memberships_contains_paid_content":false,"footnotes":"","jetpack_publicize_message":"","jetpack_publicize_feature_enabled":true,"jetpack_social_post_already_shared":true,"jetpack_social_options":{"image_generator_settings":{"template":"highway","default_image_id":0,"font":"","enabled":false},"version":2},"_wpas_customize_per_network":false,"jetpack_post_was_ever_published":false},"categories":[1384,1438,1480,1390],"tags":[1484],"class_list":["post-32683","post","type-post","status-publish","format-standard","has-post-thumbnail","hentry","category-character","category-ex_works_thracia_776","category-ascended_heroes","category-stay_heroes","tag-heroes-florecientes","es-ES"],"jetpack_publicize_connections":[],"jetpack_featured_media_url":"https:\/\/guide.fire-emblem-heroes.com\/wp-content\/uploads\/mareeta_astra_awakened.png","jetpack_sharing_enabled":false,"jetpack_shortlink":"https:\/\/wp.me\/pa0Mj3-8v9","jetpack_likes_enabled":false,"amp_enabled":false,"_links":{"self":[{"href":"https:\/\/guide.fire-emblem-heroes.com\/wp-json\/wp\/v2\/posts\/32683","targetHints":{"allow":["GET"]}}],"collection":[{"href":"https:\/\/guide.fire-emblem-heroes.com\/wp-json\/wp\/v2\/posts"}],"about":[{"href":"https:\/\/guide.fire-emblem-heroes.com\/wp-json\/wp\/v2\/types\/post"}],"author":[{"embeddable":true,"href":"https:\/\/guide.fire-emblem-heroes.com\/wp-json\/wp\/v2\/users\/1"}],"replies":[{"embeddable":true,"href":"https:\/\/guide.fire-emblem-heroes.com\/wp-json\/wp\/v2\/comments?post=32683"}],"version-history":[{"count":1,"href":"https:\/\/guide.fire-emblem-heroes.com\/wp-json\/wp\/v2\/posts\/32683\/revisions"}],"predecessor-version":[{"id":32692,"href":"https:\/\/guide.fire-emblem-heroes.com\/wp-json\/wp\/v2\/posts\/32683\/revisions\/32692"}],"wp:featuredmedia":[{"embeddable":true,"href":"https:\/\/guide.fire-emblem-heroes.com\/wp-json\/wp\/v2\/media\/32841"}],"wp:attachment":[{"href":"https:\/\/guide.fire-emblem-heroes.com\/wp-json\/wp\/v2\/media?parent=32683"}],"wp:term":[{"taxonomy":"category","embeddable":true,"href":"https:\/\/guide.fire-emblem-heroes.com\/wp-json\/wp\/v2\/categories?post=32683"},{"taxonomy":"post_tag","embeddable":true,"href":"https:\/\/guide.fire-emblem-heroes.com\/wp-json\/wp\/v2\/tags?post=32683"}],"curies":[{"name":"wp","href":"https:\/\/api.w.org\/{rel}","templated":true}]}}