






{"id":41325,"date":"2023-03-03T12:11:14","date_gmt":"2023-03-03T03:11:14","guid":{"rendered":"https:\/\/guide.fire-emblem-heroes.com\/?p=41325"},"modified":"2023-04-07T16:13:42","modified_gmt":"2023-04-07T07:13:42","slug":"06011002000923-2","status":"publish","type":"post","link":"https:\/\/guide.fire-emblem-heroes.com\/es-ES\/06011002000923-2\/","title":{"rendered":"<span class=\"character_nick\">Ensue\u00f1os vernales<\/span><span class=\"character_name\">Karla<\/span>"},"content":{"rendered":"<main id=\"CHARA_807\" class=\"main_page character\">\r\n            <article>\r\n                <section class=\"sec sec_character\">\r\n                    <ul class=\"sec_ul sec_ul--character slick-box\">\r\n                        <li class=\"sec_li sec_li--character\">\r\n                            <img decoding=\"async\" src=\"https:\/\/guide.fire-emblem-heroes.com\/wp-content\/uploads\/karla_spring_reveries_slide01.png\" alt=\"\" \/>\r\n                        <\/li>\r\n                        <li class=\"sec_li sec_li--character\">\r\n                            <img decoding=\"async\" src=\"https:\/\/guide.fire-emblem-heroes.com\/wp-content\/uploads\/karla_spring_reveries_slide02.png\" alt=\"\" \/>\r\n                        <\/li>\r\n                        <li class=\"sec_li sec_li--character\">\r\n                            <img decoding=\"async\" src=\"https:\/\/guide.fire-emblem-heroes.com\/wp-content\/uploads\/karla_spring_reveries_slide03.png\" alt=\"\" \/>\r\n                        <\/li>\r\n                        <li class=\"sec_li sec_li--character\">\r\n                            <img decoding=\"async\" src=\"https:\/\/guide.fire-emblem-heroes.com\/wp-content\/uploads\/karla_spring_reveries_slide04.png\" alt=\"\" \/>\r\n                        <\/li>\r\n                    <\/ul>\r\n                    <div class=\"sec_charainfoarea flex\">\r\n                        <div class=\"sec_gif\"><img loading=\"lazy\" decoding=\"async\" src=\"https:\/\/guide.fire-emblem-heroes.com\/wp-content\/uploads\/karla_spring_reveries.png\" alt=\"\" width=\"210\" height=\"190\"\/><\/div>\r\n                        <div class=\"sec_charainfo\">\r\n                            <p id=\"CHARA_807_002\" class=\"sec_characate sec_characate sec_characate--harmonized_hero\">Unidades armonizadas<\/p>\r\n                            <p id=\"CHARA_807_003\" class=\"sec_charanick\">Ensue\u00f1os vernales<\/p>\r\n                            <p id=\"CHARA_807_004\" class=\"sec_charaname\">Karla<\/p>\r\n                            <p id=\"CHARA_807_005\" class=\"sec_charaappearancetxt\">Aparece en<\/p>\r\n                            <p id=\"CHARA_807_006\" class=\"sec_charaappearancetxt\">Fire Emblem: The Blazing Blade<br \/>Fire Emblem Heroes<\/p>\r\n                        <\/div>\r\n                    <\/div>\r\n                <\/section>\r\n            <\/article>\r\n            <article>\r\n                <section class=\"sec sec_characterarea\">\r\n                    <div class=\"sec_h2chara\">\r\n                        <p id=\"CHARA_807_007\" class=\"sec_h2charattl\">\u00a1Presentaci\u00f3n de personajes con Sharena!<\/p>\r\n                        <h2 id=\"CHARA_807_008\" class=\"sec_h2charatxt\">Ensue\u00f1os vernales Karla<\/h2>\r\n                    <\/div>\r\n                    <dl class=\"sec_dl flex\">\r\n                        <dt id=\"CHARA_807_009\" class=\"sec_dt\">\u00a1Aqu\u00ed est\u00e1n Karla, la famosa Princesa de las Espadas de Elibe, y Freyja, la reina de D\u00f6kk\u00e1lfheimr, el reino de las pesadillas! \u00a1Las dos han venido a Askr a pasar con nosotros el festival primaveral!<\/dt>\r\n                        <dd class=\"sec_dd\">\r\n                            <a href=\"https:\/\/guide.fire-emblem-heroes.com\/wp-content\/uploads\/karla_spring_reveries_pop01.png\" class=\"popup-image\">\r\n                                <img decoding=\"async\" src=\"https:\/\/guide.fire-emblem-heroes.com\/wp-content\/uploads\/karla_spring_reveries_info01.png\" alt=\"\" \/>\r\n                            <\/a>\r\n                        <\/dd>\r\n                        <dt id=\"CHARA_807_010\" class=\"sec_dt\">Y para entonar con el ambiente festivo, \u00a1van vestidas de conejas! \u00a1Sin duda van a conquistar todos los corazones en la fiesta!<\/dt>\r\n                        <dd class=\"sec_dd\">\r\n                            <a href=\"https:\/\/guide.fire-emblem-heroes.com\/wp-content\/uploads\/karla_spring_reveries_pop02.png\" class=\"popup-image\">\r\n                                <img decoding=\"async\" src=\"https:\/\/guide.fire-emblem-heroes.com\/wp-content\/uploads\/karla_spring_reveries_info02.png\" alt=\"\" \/>\r\n                            <\/a>\r\n                        <\/dd>\r\n                        <dt id=\"CHARA_807_011\" class=\"sec_dt\">Tanto Karla como Freyja llevan orejas de conejo y una cola esponjosa. \u00a1Adem\u00e1s, el pelo del disfraz es del mismo color que su pelo natural!<\/dt>\r\n                        <dd class=\"sec_dd\">\r\n                            <a href=\"https:\/\/guide.fire-emblem-heroes.com\/wp-content\/uploads\/karla_spring_reveries_pop03.png\" class=\"popup-image\">\r\n                                <img decoding=\"async\" src=\"https:\/\/guide.fire-emblem-heroes.com\/wp-content\/uploads\/karla_spring_reveries_info03.png\" alt=\"\" \/>\r\n                            <\/a>\r\n                        <\/dd>\r\n                        <dt id=\"CHARA_807_012\" class=\"sec_dt\">Si bien, por lo general, causan cierta impresi\u00f3n de severidad, \u00a1este \u00ablook\u00bb tan encantador les sienta sorprendentemente bien! Eh&#8230; Quiero decir&#8230; \u00a1tan bien como cab\u00eda esperar!<\/dt>\r\n                        <dd class=\"sec_dd\">\r\n                            <a href=\"https:\/\/guide.fire-emblem-heroes.com\/wp-content\/uploads\/karla_spring_reveries_pop04.png\" class=\"popup-image\">\r\n                                <img decoding=\"async\" src=\"https:\/\/guide.fire-emblem-heroes.com\/wp-content\/uploads\/karla_spring_reveries_info04.png\" alt=\"\" \/>\r\n                            <\/a>\r\n                        <\/dd>\r\n                    <\/dl>\r\n                    <h3 id=\"CHARA_807_013\" class=\"sec_h3charatxt\">Personajes con los que tiene relaci\u00f3n<\/h3>\r\n                    <h4 id=\"CHARA_807_014\" class=\"sec_h4charatxt\">Karel<\/h4>\r\n                    <p id=\"CHARA_807_015\" class=\"sec_charatxt\">Un espadach\u00edn letal dedicado en cuerpo y alma a perfeccionar su maestr\u00eda con el acero. Hermano mayor de Karla.<\/p>\r\n                    <h4 id=\"CHARA_807_016\" class=\"sec_h4charatxt\">Freyr<\/h4>\r\n                    <p id=\"CHARA_807_017\" class=\"sec_charatxt\">Rey on\u00edrico de Lj\u00f3s\u00e1lfheimr, el reino de los sue\u00f1os, que desea que todo el mundo pueda disfrutar de una vida tranquila y apacible. Hermano mayor de Freyja.<\/p>\r\n                <\/section>\r\n            <\/article>\r\n        <\/main>","protected":false},"excerpt":{"rendered":"Unidades armonizadas Ensue\u00f1os vernales Karla Aparece en Fire Emblem: The Blazing BladeFire Emblem Heroes \u00a1Presentaci\u00f3n de personajes con Sharena! Ensue\u00f1os vernales Karla \u00a1Aqu\u00ed est\u00e1n Karla, la famosa Princesa de las Espadas de Elibe, y Freyja, la reina de D\u00f6kk\u00e1lfheimr, el reino de las pesadillas! \u00a1Las dos han venido a Askr a pasar con nosotros el [&hellip;]","protected":false},"author":1,"featured_media":41488,"comment_status":"closed","ping_status":"closed","sticky":false,"template":"","format":"standard","meta":{"advanced_seo_description":"","jetpack_seo_html_title":"","jetpack_seo_noindex":false,"_jetpack_newsletter_access":"","_jetpack_dont_email_post_to_subs":false,"_jetpack_newsletter_tier_id":0,"_jetpack_memberships_contains_paywalled_content":false,"_locale":"es_ES","_original_post":"https:\/\/guide.fire-emblem-heroes.com\/?p=41318","_jetpack_memberships_contains_paid_content":false,"footnotes":"","jetpack_publicize_message":"","jetpack_publicize_feature_enabled":true,"jetpack_social_post_already_shared":false,"jetpack_social_options":{"image_generator_settings":{"template":"highway","default_image_id":0,"font":"","enabled":false},"version":2},"_wpas_customize_per_network":false,"jetpack_post_was_ever_published":false},"categories":[1384,1427,1464,1390],"tags":[1468],"class_list":["post-41325","post","type-post","status-publish","format-standard","has-post-thumbnail","hentry","category-character","category-ex_works_the_blazing_blade","category-harmonized_heroes","category-stay_heroes","tag-unidades-armonizadas","es-ES"],"jetpack_publicize_connections":[],"jetpack_featured_media_url":"https:\/\/guide.fire-emblem-heroes.com\/wp-content\/uploads\/karla_spring_reveries.png","jetpack_sharing_enabled":false,"jetpack_shortlink":"https:\/\/wp.me\/pa0Mj3-aKx","jetpack_likes_enabled":false,"amp_enabled":false,"_links":{"self":[{"href":"https:\/\/guide.fire-emblem-heroes.com\/wp-json\/wp\/v2\/posts\/41325","targetHints":{"allow":["GET"]}}],"collection":[{"href":"https:\/\/guide.fire-emblem-heroes.com\/wp-json\/wp\/v2\/posts"}],"about":[{"href":"https:\/\/guide.fire-emblem-heroes.com\/wp-json\/wp\/v2\/types\/post"}],"author":[{"embeddable":true,"href":"https:\/\/guide.fire-emblem-heroes.com\/wp-json\/wp\/v2\/users\/1"}],"replies":[{"embeddable":true,"href":"https:\/\/guide.fire-emblem-heroes.com\/wp-json\/wp\/v2\/comments?post=41325"}],"version-history":[{"count":1,"href":"https:\/\/guide.fire-emblem-heroes.com\/wp-json\/wp\/v2\/posts\/41325\/revisions"}],"predecessor-version":[{"id":41334,"href":"https:\/\/guide.fire-emblem-heroes.com\/wp-json\/wp\/v2\/posts\/41325\/revisions\/41334"}],"wp:featuredmedia":[{"embeddable":true,"href":"https:\/\/guide.fire-emblem-heroes.com\/wp-json\/wp\/v2\/media\/41488"}],"wp:attachment":[{"href":"https:\/\/guide.fire-emblem-heroes.com\/wp-json\/wp\/v2\/media?parent=41325"}],"wp:term":[{"taxonomy":"category","embeddable":true,"href":"https:\/\/guide.fire-emblem-heroes.com\/wp-json\/wp\/v2\/categories?post=41325"},{"taxonomy":"post_tag","embeddable":true,"href":"https:\/\/guide.fire-emblem-heroes.com\/wp-json\/wp\/v2\/tags?post=41325"}],"curies":[{"name":"wp","href":"https:\/\/api.w.org\/{rel}","templated":true}]}}