






{"id":45678,"date":"2023-09-13T12:14:53","date_gmt":"2023-09-13T03:14:53","guid":{"rendered":"https:\/\/guide.fire-emblem-heroes.com\/?p=45678"},"modified":"2023-10-05T16:09:22","modified_gmt":"2023-10-05T07:09:22","slug":"03081001000998-2","status":"publish","type":"post","link":"https:\/\/guide.fire-emblem-heroes.com\/es-ES\/03081001000998-2\/","title":{"rendered":"<span class=\"character_nick\">Sabio del viento<\/span><span class=\"character_name\">Ced<\/span>"},"content":{"rendered":"<main id=\"CHARA_908\" class=\"main_page character\">\r\n            <article>\r\n                <section class=\"sec sec_character\">\r\n                    <ul class=\"sec_ul sec_ul--character slick-box\">\r\n                        <li class=\"sec_li sec_li--character\">\r\n                            <img decoding=\"async\" src=\"https:\/\/guide.fire-emblem-heroes.com\/wp-content\/uploads\/seti_sage_of_the_wind_slide01.png\" alt=\"\" \/>\r\n                        <\/li>\r\n                        <li class=\"sec_li sec_li--character\">\r\n                            <img decoding=\"async\" src=\"https:\/\/guide.fire-emblem-heroes.com\/wp-content\/uploads\/seti_sage_of_the_wind_slide02.png\" alt=\"\" \/>\r\n                        <\/li>\r\n                        <li class=\"sec_li sec_li--character\">\r\n                            <img decoding=\"async\" src=\"https:\/\/guide.fire-emblem-heroes.com\/wp-content\/uploads\/seti_sage_of_the_wind_slide03.png\" alt=\"\" \/>\r\n                        <\/li>\r\n                        <li class=\"sec_li sec_li--character\">\r\n                            <img decoding=\"async\" src=\"https:\/\/guide.fire-emblem-heroes.com\/wp-content\/uploads\/seti_sage_of_the_wind_slide04.png\" alt=\"\" \/>\r\n                        <\/li>\r\n                    <\/ul>\r\n                    <div class=\"sec_charainfoarea flex\">\r\n                        <div class=\"sec_gif\"><img loading=\"lazy\" decoding=\"async\" src=\"https:\/\/guide.fire-emblem-heroes.com\/wp-content\/uploads\/seti_sage_of_the_wind.png\" alt=\"\" width=\"210\" height=\"190\"\/><\/div>\r\n                        <div class=\"sec_charainfo\">\r\n                            <p id=\"CHARA_908_002\" class=\"sec_characate sec_characate--ascended_heroes\">H\u00e9roes florecientes<\/p>\r\n                            <p id=\"CHARA_908_003\" class=\"sec_charanick\">Sabio del viento<\/p>\r\n                            <p id=\"CHARA_908_004\" class=\"sec_charaname\">Ced<\/p>\r\n                            <p id=\"CHARA_908_005\" class=\"sec_charaappearancetxt\">Aparece en<\/p>\r\n                            <p id=\"CHARA_908_006\" class=\"sec_charaappearancetxt\">Fire Emblem: Genealogy of the Holy War<br \/>Fire Emblem: Thracia 776<\/p>\r\n                        <\/div>\r\n                    <\/div>\r\n                <\/section>\r\n            <\/article>\r\n            <article>\r\n                <section class=\"sec sec_characterarea\">\r\n                    <div class=\"sec_h2chara\">\r\n                        <p id=\"CHARA_908_007\" class=\"sec_h2charattl\">\u00a1Presentaci\u00f3n de personajes con Sharena!<\/p>\r\n                        <h2 id=\"CHARA_908_008\" class=\"sec_h2charatxt\">Sabio del viento Ced<\/h2>\r\n                    <\/div>\r\n                    <dl class=\"sec_dl flex\">\r\n                        <dt id=\"CHARA_908_009\" class=\"sec_dt\">Tras desafiar al imperio de Grannvale en la pen\u00ednsula de Thracia, territorio de Jugdral, Ced ha alcanzado su m\u00e1ximo potencial: \u00a1es un h\u00e9roe floreciente!<\/dt>\r\n                        <dd class=\"sec_dd\">\r\n                            <a href=\"https:\/\/guide.fire-emblem-heroes.com\/wp-content\/uploads\/seti_sage_of_the_wind_pop01.png\" class=\"popup-image\">\r\n                                <img decoding=\"async\" src=\"https:\/\/guide.fire-emblem-heroes.com\/wp-content\/uploads\/seti_sage_of_the_wind_info01.png\" alt=\"\" \/>\r\n                            <\/a>\r\n                        <\/dd>\r\n                        <dt id=\"CHARA_908_010\" class=\"sec_dt\">\u00bfA qui\u00e9n me recuerda su nueva imagen? \u00a1Ya lo tengo! \u00a1Es como la armadura de Leif, el pr\u00edncipe de Leonster!<\/dt>\r\n                        <dd class=\"sec_dd\">\r\n                            <a href=\"https:\/\/guide.fire-emblem-heroes.com\/wp-content\/uploads\/seti_sage_of_the_wind_pop02.png\" class=\"popup-image\">\r\n                                <img decoding=\"async\" src=\"https:\/\/guide.fire-emblem-heroes.com\/wp-content\/uploads\/seti_sage_of_the_wind_info02.png\" alt=\"\" \/>\r\n                            <\/a>\r\n                        <\/dd>\r\n                        <dt id=\"CHARA_908_011\" class=\"sec_dt\">A Ced se le qued\u00f3 grabada la imagen de Leif luchando contra la tiran\u00eda del imperio de Grannvale. \u00a1Supongo que su forma de vestirse hoy es una muestra de respeto hacia \u00e9l!<\/dt>\r\n                        <dd class=\"sec_dd\">\r\n                            <a href=\"https:\/\/guide.fire-emblem-heroes.com\/wp-content\/uploads\/seti_sage_of_the_wind_pop03.png\" class=\"popup-image\">\r\n                                <img decoding=\"async\" src=\"https:\/\/guide.fire-emblem-heroes.com\/wp-content\/uploads\/seti_sage_of_the_wind_info03.png\" alt=\"\" \/>\r\n                            <\/a>\r\n                        <\/dd>\r\n                        <dt id=\"CHARA_908_012\" class=\"sec_dt\">Como h\u00e9roe floreciente, Ced ahora es m\u00e1s fuerte que nunca. \u00a1No me cabe duda de que Leif y \u00e9l restaurar\u00e1n la paz en Thracia alg\u00fan d\u00eda!<\/dt>\r\n                        <dd class=\"sec_dd\">\r\n                            <a href=\"https:\/\/guide.fire-emblem-heroes.com\/wp-content\/uploads\/seti_sage_of_the_wind_pop04.png\" class=\"popup-image\">\r\n                                <img decoding=\"async\" src=\"https:\/\/guide.fire-emblem-heroes.com\/wp-content\/uploads\/seti_sage_of_the_wind_info04.png\" alt=\"\" \/>\r\n                            <\/a>\r\n                        <\/dd>\r\n                    <\/dl>\r\n                    <h3 id=\"CHARA_908_013\" class=\"sec_h3charatxt\">Personajes con los que tiene relaci\u00f3n<\/h3>\r\n                    <h4 id=\"CHARA_908_014\" class=\"sec_h4charatxt\">Leif<\/h4>\r\n                    <p id=\"CHARA_908_015\" class=\"sec_charatxt\">Hijo de Quan y pr\u00edncipe de Leonster. Se escond\u00eda en Fiana, pero decidi\u00f3 tomar partido cuando las fuerzas imperiales atacaron. Aliado de Ced.<\/p>\r\n                    <h4 id=\"CHARA_908_016\" class=\"sec_h4charatxt\">Lewyn<\/h4>\r\n                    <p id=\"CHARA_908_017\" class=\"sec_charatxt\">Pr\u00edncipe de Silesse. Descendiente de Ced, uno de los doce cruzados legendarios, y heredero de Forseti, el grimorio de viento. Es el padre del Ced del presente.<\/p>\r\n                    <h4 id=\"CHARA_908_018\" class=\"sec_h4charatxt\">Erinys<\/h4>\r\n                    <p id=\"CHARA_908_019\" class=\"sec_charatxt\">Una de las Cuatro Caballeros Celestiales de Silesse y la hermana menor de Annand. El pr\u00edncipe Lewyn suele burlarse de su actitud seria. Madre de Ced.<\/p>\r\n                <\/section>\r\n            <\/article>\r\n        <\/main>","protected":false},"excerpt":{"rendered":"H\u00e9roes florecientes Sabio del viento Ced Aparece en Fire Emblem: Genealogy of the Holy WarFire Emblem: Thracia 776 \u00a1Presentaci\u00f3n de personajes con Sharena! Sabio del viento Ced Tras desafiar al imperio de Grannvale en la pen\u00ednsula de Thracia, territorio de Jugdral, Ced ha alcanzado su m\u00e1ximo potencial: \u00a1es un h\u00e9roe floreciente! \u00bfA qui\u00e9n me recuerda [&hellip;]","protected":false},"author":1,"featured_media":45896,"comment_status":"closed","ping_status":"closed","sticky":false,"template":"","format":"standard","meta":{"advanced_seo_description":"","jetpack_seo_html_title":"","jetpack_seo_noindex":false,"_jetpack_newsletter_access":"","_jetpack_dont_email_post_to_subs":false,"_jetpack_newsletter_tier_id":0,"_jetpack_memberships_contains_paywalled_content":false,"_locale":"es_ES","_original_post":"https:\/\/guide.fire-emblem-heroes.com\/?p=45672","_jetpack_memberships_contains_paid_content":false,"footnotes":"","jetpack_publicize_message":"","jetpack_publicize_feature_enabled":true,"jetpack_social_post_already_shared":false,"jetpack_social_options":{"image_generator_settings":{"template":"highway","default_image_id":0,"font":"","enabled":false},"version":2},"_wpas_customize_per_network":false,"jetpack_post_was_ever_published":false},"categories":[1384,1438,1436,1480,1390],"tags":[1484],"class_list":["post-45678","post","type-post","status-publish","format-standard","has-post-thumbnail","hentry","category-character","category-ex_works_thracia_776","category-ex_works_genealogy_of_the_holy_war","category-ascended_heroes","category-stay_heroes","tag-heroes-florecientes","es-ES"],"jetpack_publicize_connections":[],"jetpack_featured_media_url":"https:\/\/guide.fire-emblem-heroes.com\/wp-content\/uploads\/seti_sage_of_the_wind.png","jetpack_sharing_enabled":false,"jetpack_shortlink":"https:\/\/wp.me\/pa0Mj3-bSK","jetpack_likes_enabled":false,"amp_enabled":false,"_links":{"self":[{"href":"https:\/\/guide.fire-emblem-heroes.com\/wp-json\/wp\/v2\/posts\/45678","targetHints":{"allow":["GET"]}}],"collection":[{"href":"https:\/\/guide.fire-emblem-heroes.com\/wp-json\/wp\/v2\/posts"}],"about":[{"href":"https:\/\/guide.fire-emblem-heroes.com\/wp-json\/wp\/v2\/types\/post"}],"author":[{"embeddable":true,"href":"https:\/\/guide.fire-emblem-heroes.com\/wp-json\/wp\/v2\/users\/1"}],"replies":[{"embeddable":true,"href":"https:\/\/guide.fire-emblem-heroes.com\/wp-json\/wp\/v2\/comments?post=45678"}],"version-history":[{"count":1,"href":"https:\/\/guide.fire-emblem-heroes.com\/wp-json\/wp\/v2\/posts\/45678\/revisions"}],"predecessor-version":[{"id":45692,"href":"https:\/\/guide.fire-emblem-heroes.com\/wp-json\/wp\/v2\/posts\/45678\/revisions\/45692"}],"wp:featuredmedia":[{"embeddable":true,"href":"https:\/\/guide.fire-emblem-heroes.com\/wp-json\/wp\/v2\/media\/45896"}],"wp:attachment":[{"href":"https:\/\/guide.fire-emblem-heroes.com\/wp-json\/wp\/v2\/media?parent=45678"}],"wp:term":[{"taxonomy":"category","embeddable":true,"href":"https:\/\/guide.fire-emblem-heroes.com\/wp-json\/wp\/v2\/categories?post=45678"},{"taxonomy":"post_tag","embeddable":true,"href":"https:\/\/guide.fire-emblem-heroes.com\/wp-json\/wp\/v2\/tags?post=45678"}],"curies":[{"name":"wp","href":"https:\/\/api.w.org\/{rel}","templated":true}]}}