






{"id":47891,"date":"2023-12-12T12:20:36","date_gmt":"2023-12-12T03:20:36","guid":{"rendered":"https:\/\/guide.fire-emblem-heroes.com\/?p=47891"},"modified":"2024-01-15T16:03:16","modified_gmt":"2024-01-15T07:03:16","slug":"12002001001036-2","status":"publish","type":"post","link":"https:\/\/guide.fire-emblem-heroes.com\/es-ES\/12002001001036-2\/","title":{"rendered":"<span class=\"character_nick\">Futuro nevado<\/span><span class=\"character_name\">Edelgard<\/span>"},"content":{"rendered":"<main id=\"CHARA_961\" class=\"main_page character\">\r\n            <article>\r\n                <section class=\"sec sec_character\">\r\n                    <ul class=\"sec_ul sec_ul--character slick-box\">\r\n                        <li class=\"sec_li sec_li--character\">\r\n                            <img decoding=\"async\" src=\"https:\/\/guide.fire-emblem-heroes.com\/wp-content\/uploads\/edelgard_snowfall_future_slide01.png\" alt=\"\" \/>\r\n                        <\/li>\r\n                        <li class=\"sec_li sec_li--character\">\r\n                            <img decoding=\"async\" src=\"https:\/\/guide.fire-emblem-heroes.com\/wp-content\/uploads\/edelgard_snowfall_future_slide02.png\" alt=\"\" \/>\r\n                        <\/li>\r\n                        <li class=\"sec_li sec_li--character\">\r\n                            <img decoding=\"async\" src=\"https:\/\/guide.fire-emblem-heroes.com\/wp-content\/uploads\/edelgard_snowfall_future_slide03.png\" alt=\"\" \/>\r\n                        <\/li>\r\n                        <li class=\"sec_li sec_li--character\">\r\n                            <img decoding=\"async\" src=\"https:\/\/guide.fire-emblem-heroes.com\/wp-content\/uploads\/edelgard_snowfall_future_slide04.png\" alt=\"\" \/>\r\n                        <\/li>\r\n                    <\/ul>\r\n                    <div class=\"sec_charainfoarea flex\">\r\n                        <div class=\"sec_gif\"><img loading=\"lazy\" decoding=\"async\" src=\"https:\/\/guide.fire-emblem-heroes.com\/wp-content\/uploads\/edelgard_snowfall_future.png\" alt=\"\" width=\"210\" height=\"190\"\/><\/div>\r\n                        <div class=\"sec_charainfo\">\r\n                            <p id=\"CHARA_961_002\" class=\"sec_characate sec_characate--special_heroes\">H\u00e9roes especiales<\/p>\r\n                            <p id=\"CHARA_961_003\" class=\"sec_charanick\">Futuro nevado<\/p>\r\n                            <p id=\"CHARA_961_004\" class=\"sec_charaname\">Edelgard<\/p>\r\n                            <p id=\"CHARA_961_005\" class=\"sec_charaappearancetxt\">Aparece en<\/p>\r\n                            <p id=\"CHARA_961_006\" class=\"sec_charaappearancetxt\">Fire Emblem: Three Houses<\/p>\r\n                        <\/div>\r\n                    <\/div>\r\n                <\/section>\r\n            <\/article>\r\n            <article>\r\n                <section class=\"sec sec_characterarea\">\r\n                    <div class=\"sec_h2chara\">\r\n                        <p id=\"CHARA_961_007\" class=\"sec_h2charattl\">\u00a1Presentaci\u00f3n de personajes con Sharena!<\/p>\r\n                        <h2 id=\"CHARA_961_008\" class=\"sec_h2charatxt\">Futuro nevado Edelgard<\/h2>\r\n                    <\/div>\r\n                    <dl class=\"sec_dl flex\">\r\n                        <dt id=\"CHARA_961_009\" class=\"sec_dt\">\u00a1Aqu\u00ed tenemos a Edelgard, de la Academia de Oficiales del continente de F\u00f3dlan! \u00a1Hoy asiste a la celebraci\u00f3n como representante oficial enviada al festival de invierno de Askr!<\/dt>\r\n                        <dd class=\"sec_dd\">\r\n                            <a href=\"https:\/\/guide.fire-emblem-heroes.com\/wp-content\/uploads\/edelgard_snowfall_future_pop01.png\" class=\"popup-image\">\r\n                                <img decoding=\"async\" src=\"https:\/\/guide.fire-emblem-heroes.com\/wp-content\/uploads\/edelgard_snowfall_future_info01.png\" alt=\"\" \/>\r\n                            <\/a>\r\n                        <\/dd>\r\n                        <dt id=\"CHARA_961_010\" class=\"sec_dt\">Este es su traje especial para el festival, con una enorme y llamativa capa. \u00a1Tambi\u00e9n lleva unas horquillas de acebo que realzan su larga melena!<\/dt>\r\n                        <dd class=\"sec_dd\">\r\n                            <a href=\"https:\/\/guide.fire-emblem-heroes.com\/wp-content\/uploads\/edelgard_snowfall_future_pop02.png\" class=\"popup-image\">\r\n                                <img decoding=\"async\" src=\"https:\/\/guide.fire-emblem-heroes.com\/wp-content\/uploads\/edelgard_snowfall_future_info02.png\" alt=\"\" \/>\r\n                            <\/a>\r\n                        <\/dd>\r\n                        <dt id=\"CHARA_961_011\" class=\"sec_dt\">Seguro que ya te has fijado en su singular arma: una lanza con forma de abeto decorada con una campanilla, estrellas y otros detalles. Cuando lucha, \u00a1las cintas ondean a su alrededor y parece que est\u00e1 bailando!<\/dt>\r\n                        <dd class=\"sec_dd\">\r\n                            <a href=\"https:\/\/guide.fire-emblem-heroes.com\/wp-content\/uploads\/edelgard_snowfall_future_pop03.png\" class=\"popup-image\">\r\n                                <img decoding=\"async\" src=\"https:\/\/guide.fire-emblem-heroes.com\/wp-content\/uploads\/edelgard_snowfall_future_info03.png\" alt=\"\" \/>\r\n                            <\/a>\r\n                        <\/dd>\r\n                        <dt id=\"CHARA_961_012\" class=\"sec_dt\">Ahora que toda la ciudad est\u00e1 iluminada con las luces del festival de invierno, las im\u00e1genes y los sonidos de las celebraciones, Edelgard rememora con cari\u00f1o los cuentos ilustrados que le\u00eda de peque\u00f1a. \u00a1Espero que este festival se convierta en un entra\u00f1able recuerdo de invierno!<\/dt>\r\n                        <dd class=\"sec_dd\">\r\n                            <a href=\"https:\/\/guide.fire-emblem-heroes.com\/wp-content\/uploads\/edelgard_snowfall_future_pop04.png\" class=\"popup-image\">\r\n                                <img decoding=\"async\" src=\"https:\/\/guide.fire-emblem-heroes.com\/wp-content\/uploads\/edelgard_snowfall_future_info04.png\" alt=\"\" \/>\r\n                            <\/a>\r\n                        <\/dd>\r\n                    <\/dl>\r\n                    <h3 id=\"CHARA_961_013\" class=\"sec_h3charatxt\">Personajes con los que tiene relaci\u00f3n<\/h3>\r\n                    <h4 id=\"CHARA_961_014\" class=\"sec_h4charatxt\">Dimitri<\/h4>\r\n                    <p id=\"CHARA_961_015\" class=\"sec_charatxt\">Heredero al trono del Sacro Reino de Faerghus. Es conocido por su caballerosidad, pero puede que en realidad posea un trasfondo sombr\u00edo. Rival de Edelgard.<\/p>\r\n                    <h4 id=\"CHARA_961_016\" class=\"sec_h4charatxt\">Claude<\/h4>\r\n                    <p id=\"CHARA_961_017\" class=\"sec_charatxt\">Heredero de la Casa Riegan, que controla el gobierno de la Alianza de Leicester. Es de trato f\u00e1cil y tiene un gran talento para tramar ardides. Es el delegado de los Ciervos Dorados y rival de Edelgard.<\/p>\r\n                <\/section>\r\n            <\/article>\r\n        <\/main>","protected":false},"excerpt":{"rendered":"H\u00e9roes especiales Futuro nevado Edelgard Aparece en Fire Emblem: Three Houses \u00a1Presentaci\u00f3n de personajes con Sharena! Futuro nevado Edelgard \u00a1Aqu\u00ed tenemos a Edelgard, de la Academia de Oficiales del continente de F\u00f3dlan! \u00a1Hoy asiste a la celebraci\u00f3n como representante oficial enviada al festival de invierno de Askr! Este es su traje especial para el festival, [&hellip;]","protected":false},"author":1,"featured_media":48034,"comment_status":"closed","ping_status":"closed","sticky":false,"template":"","format":"standard","meta":{"advanced_seo_description":"","jetpack_seo_html_title":"","jetpack_seo_noindex":false,"jetpack_post_was_ever_published":false,"_jetpack_newsletter_access":"","_jetpack_dont_email_post_to_subs":false,"_jetpack_newsletter_tier_id":0,"_jetpack_memberships_contains_paywalled_content":false,"_locale":"es_ES","_original_post":"https:\/\/guide.fire-emblem-heroes.com\/?p=47885","_jetpack_memberships_contains_paid_content":false,"footnotes":"","jetpack_publicize_message":"","jetpack_publicize_feature_enabled":true,"jetpack_social_post_already_shared":false,"jetpack_social_options":{"image_generator_settings":{"template":"highway","default_image_id":0,"font":"","enabled":false},"version":2},"_wpas_customize_per_network":false},"categories":[1384,1434,1405,1390],"tags":[1409],"class_list":["post-47891","post","type-post","status-publish","format-standard","has-post-thumbnail","hentry","category-character","category-ex_works_three_houses","category-special_heroes","category-stay_heroes","tag-heroes-especiales","es-ES"],"jetpack_publicize_connections":[],"jetpack_featured_media_url":"https:\/\/guide.fire-emblem-heroes.com\/wp-content\/uploads\/edelgard_snowfall_future.png","jetpack_sharing_enabled":false,"jetpack_shortlink":"https:\/\/wp.me\/pa0Mj3-csr","jetpack_likes_enabled":false,"amp_enabled":false,"_links":{"self":[{"href":"https:\/\/guide.fire-emblem-heroes.com\/wp-json\/wp\/v2\/posts\/47891","targetHints":{"allow":["GET"]}}],"collection":[{"href":"https:\/\/guide.fire-emblem-heroes.com\/wp-json\/wp\/v2\/posts"}],"about":[{"href":"https:\/\/guide.fire-emblem-heroes.com\/wp-json\/wp\/v2\/types\/post"}],"author":[{"embeddable":true,"href":"https:\/\/guide.fire-emblem-heroes.com\/wp-json\/wp\/v2\/users\/1"}],"replies":[{"embeddable":true,"href":"https:\/\/guide.fire-emblem-heroes.com\/wp-json\/wp\/v2\/comments?post=47891"}],"version-history":[{"count":1,"href":"https:\/\/guide.fire-emblem-heroes.com\/wp-json\/wp\/v2\/posts\/47891\/revisions"}],"predecessor-version":[{"id":47900,"href":"https:\/\/guide.fire-emblem-heroes.com\/wp-json\/wp\/v2\/posts\/47891\/revisions\/47900"}],"wp:featuredmedia":[{"embeddable":true,"href":"https:\/\/guide.fire-emblem-heroes.com\/wp-json\/wp\/v2\/media\/48034"}],"wp:attachment":[{"href":"https:\/\/guide.fire-emblem-heroes.com\/wp-json\/wp\/v2\/media?parent=47891"}],"wp:term":[{"taxonomy":"category","embeddable":true,"href":"https:\/\/guide.fire-emblem-heroes.com\/wp-json\/wp\/v2\/categories?post=47891"},{"taxonomy":"post_tag","embeddable":true,"href":"https:\/\/guide.fire-emblem-heroes.com\/wp-json\/wp\/v2\/tags?post=47891"}],"curies":[{"name":"wp","href":"https:\/\/api.w.org\/{rel}","templated":true}]}}