






{"id":49711,"date":"2024-02-27T10:20:21","date_gmt":"2024-02-27T01:20:21","guid":{"rendered":"https:\/\/guide.fire-emblem-heroes.com\/?p=49711"},"modified":"2024-02-28T12:44:07","modified_gmt":"2024-02-28T03:44:07","slug":"05002001000216-2","status":"publish","type":"post","link":"https:\/\/guide.fire-emblem-heroes.com\/es-ES\/05002001000216-2\/","title":{"rendered":"<span class=\"character_nick\">Rubor juvenil<\/span><span class=\"character_name\">Lilina<\/span>"},"content":{"rendered":"<main id=\"CHARA_1003\" class=\"main_page character\">\r\n            <article>\r\n                <section class=\"sec sec_character\">\r\n                    <ul class=\"sec_ul sec_ul--character slick-box\">\r\n                        <li class=\"sec_li sec_li--character\">\r\n                            <img decoding=\"async\" src=\"https:\/\/guide.fire-emblem-heroes.com\/wp-content\/uploads\/lilina_blush_of_youth_slide01.png\" alt=\"\" \/>\r\n                        <\/li>\r\n                        <li class=\"sec_li sec_li--character\">\r\n                            <img decoding=\"async\" src=\"https:\/\/guide.fire-emblem-heroes.com\/wp-content\/uploads\/lilina_blush_of_youth_slide02.png\" alt=\"\" \/>\r\n                        <\/li>\r\n                        <li class=\"sec_li sec_li--character\">\r\n                            <img decoding=\"async\" src=\"https:\/\/guide.fire-emblem-heroes.com\/wp-content\/uploads\/lilina_blush_of_youth_slide03.png\" alt=\"\" \/>\r\n                        <\/li>\r\n                        <li class=\"sec_li sec_li--character\">\r\n                            <img decoding=\"async\" src=\"https:\/\/guide.fire-emblem-heroes.com\/wp-content\/uploads\/lilina_blush_of_youth_slide04.png\" alt=\"\" \/>\r\n                        <\/li>\r\n                    <\/ul>\r\n                    <div class=\"sec_charainfoarea flex\">\r\n                        <div class=\"sec_gif\"><img loading=\"lazy\" decoding=\"async\" src=\"https:\/\/guide.fire-emblem-heroes.com\/wp-content\/uploads\/lilina_blush_of_youth.png\" alt=\"\" width=\"210\" height=\"190\"\/><\/div>\r\n                        <div class=\"sec_charainfo\">\r\n                            <p id=\"CHARA_1003_002\" class=\"sec_characate sec_characate--special_heroes\">H\u00e9roes especiales<\/p>\r\n                            <p id=\"CHARA_1003_003\" class=\"sec_charanick\">Rubor juvenil<\/p>\r\n                            <p id=\"CHARA_1003_004\" class=\"sec_charaname\">Lilina<\/p>\r\n                            <p id=\"CHARA_1003_005\" class=\"sec_charaappearancetxt\">Aparece en<\/p>\r\n                            <p id=\"CHARA_1003_006\" class=\"sec_charaappearancetxt\">Fire Emblem: The Binding Blade<\/p>\r\n                        <\/div>\r\n                    <\/div>\r\n                <\/section>\r\n            <\/article>\r\n            <article>\r\n                <section class=\"sec sec_characterarea\">\r\n                    <div class=\"sec_h2chara\">\r\n                        <p id=\"CHARA_1003_007\" class=\"sec_h2charattl\">\u00a1Presentaci\u00f3n de personajes con Sharena!<\/p>\r\n                        <h2 id=\"CHARA_1003_008\" class=\"sec_h2charatxt\">Rubor juvenil Lilina<\/h2>\r\n                    <\/div>\r\n                    <dl class=\"sec_dl flex\">\r\n                        <dt id=\"CHARA_1003_009\" class=\"sec_dt\">Lilina es hija de Hector, el marqu\u00e9s de Ositia, y \u00a1ha venido del continente de Elibe a pasar con nosotros el D\u00eda de la Devoci\u00f3n! \u00bfA que lleva un vestido muy elegante?<\/dt>\r\n                        <dd class=\"sec_dd\">\r\n                            <a href=\"https:\/\/guide.fire-emblem-heroes.com\/wp-content\/uploads\/lilina_blush_of_youth_pop01.png\" class=\"popup-image\">\r\n                                <img decoding=\"async\" src=\"https:\/\/guide.fire-emblem-heroes.com\/wp-content\/uploads\/lilina_blush_of_youth_info01.png\" alt=\"\" \/>\r\n                            <\/a>\r\n                        <\/dd>\r\n                        <dt id=\"CHARA_1003_010\" class=\"sec_dt\">Lilina suele llevar falda corta, pero la verdad es que este estilo tambi\u00e9n le sienta fenomenal. \u00a1El rojo queda espectacular con los detalles dorados!<\/dt>\r\n                        <dd class=\"sec_dd\">\r\n                            <a href=\"https:\/\/guide.fire-emblem-heroes.com\/wp-content\/uploads\/lilina_blush_of_youth_pop02.png\" class=\"popup-image\">\r\n                                <img decoding=\"async\" src=\"https:\/\/guide.fire-emblem-heroes.com\/wp-content\/uploads\/lilina_blush_of_youth_info02.png\" alt=\"\" \/>\r\n                            <\/a>\r\n                        <\/dd>\r\n                        <dt id=\"CHARA_1003_011\" class=\"sec_dt\">Eso que lleva debe de ser un regalo para alguien, \u00a1aunque tambi\u00e9n podr\u00eda utilizarlo como arma si empieza una batalla durante la celebraci\u00f3n!<\/dt>\r\n                        <dd class=\"sec_dd\">\r\n                            <a href=\"https:\/\/guide.fire-emblem-heroes.com\/wp-content\/uploads\/lilina_blush_of_youth_pop03.png\" class=\"popup-image\">\r\n                                <img decoding=\"async\" src=\"https:\/\/guide.fire-emblem-heroes.com\/wp-content\/uploads\/lilina_blush_of_youth_info03.png\" alt=\"\" \/>\r\n                            <\/a>\r\n                        <\/dd>\r\n                        <dt id=\"CHARA_1003_012\" class=\"sec_dt\">\u00bfPara qui\u00e9n ser\u00e1 el regalo? \u00a1Sea quien sea, seguro que se alegra un mont\u00f3n!<\/dt>\r\n                        <dd class=\"sec_dd\">\r\n                            <a href=\"https:\/\/guide.fire-emblem-heroes.com\/wp-content\/uploads\/lilina_blush_of_youth_pop04.png\" class=\"popup-image\">\r\n                                <img decoding=\"async\" src=\"https:\/\/guide.fire-emblem-heroes.com\/wp-content\/uploads\/lilina_blush_of_youth_info04.png\" alt=\"\" \/>\r\n                            <\/a>\r\n                        <\/dd>\r\n                    <\/dl>\r\n                    <h3 id=\"CHARA_1003_013\" class=\"sec_h3charatxt\">Personajes con los que tiene relaci\u00f3n<\/h3>\r\n                    <h4 id=\"CHARA_1003_014\" class=\"sec_h4charatxt\">Roy<\/h4>\r\n                    <p id=\"CHARA_1003_015\" class=\"sec_charatxt\">Hijo de Eliwood, marqu\u00e9s de Pherae y carism\u00e1tico l\u00edder de su ej\u00e9rcito. Amigo de la infancia de Lilina.<\/p>\r\n                    <h4 id=\"CHARA_1003_016\" class=\"sec_h4charatxt\">Hector<\/h4>\r\n                    <p id=\"CHARA_1003_017\" class=\"sec_charatxt\">Amigo de Eliwood y marqu\u00e9s de Ositia. Detesta el encorsetamiento de la corte y no suele andarse con rodeos. Padre de Lilina.<\/p>\r\n                    <h4 id=\"CHARA_1003_018\" class=\"sec_h4charatxt\">Cecilia<\/h4>\r\n                    <p id=\"CHARA_1003_019\" class=\"sec_charatxt\">General maga de Etruria. Fue la institutriz de Roy y Lilina cuando fueron ni\u00f1os.<\/p>\r\n                <\/section>\r\n            <\/article>\r\n        <\/main>","protected":false},"excerpt":{"rendered":"H\u00e9roes especiales Rubor juvenil Lilina Aparece en Fire Emblem: The Binding Blade \u00a1Presentaci\u00f3n de personajes con Sharena! Rubor juvenil Lilina Lilina es hija de Hector, el marqu\u00e9s de Ositia, y \u00a1ha venido del continente de Elibe a pasar con nosotros el D\u00eda de la Devoci\u00f3n! \u00bfA que lleva un vestido muy elegante? Lilina suele llevar [&hellip;]","protected":false},"author":1,"featured_media":49877,"comment_status":"closed","ping_status":"closed","sticky":false,"template":"","format":"standard","meta":{"advanced_seo_description":"","jetpack_seo_html_title":"","jetpack_seo_noindex":false,"jetpack_post_was_ever_published":false,"_jetpack_newsletter_access":"","_jetpack_dont_email_post_to_subs":false,"_jetpack_newsletter_tier_id":0,"_jetpack_memberships_contains_paywalled_content":false,"_locale":"es_ES","_original_post":"https:\/\/guide.fire-emblem-heroes.com\/?p=49704","_jetpack_memberships_contains_paid_content":false,"footnotes":"","jetpack_publicize_message":"","jetpack_publicize_feature_enabled":true,"jetpack_social_post_already_shared":false,"jetpack_social_options":{"image_generator_settings":{"template":"highway","default_image_id":0,"font":"","enabled":false},"version":2},"_wpas_customize_per_network":false},"categories":[1384,1405,1426,1390],"tags":[1409],"class_list":["post-49711","post","type-post","status-publish","format-standard","has-post-thumbnail","hentry","category-character","category-special_heroes","category-ex_works_the_binding_blade","category-stay_heroes","tag-heroes-especiales","es-ES"],"jetpack_publicize_connections":[],"jetpack_featured_media_url":"https:\/\/guide.fire-emblem-heroes.com\/wp-content\/uploads\/lilina_blush_of_youth.png","jetpack_sharing_enabled":false,"jetpack_shortlink":"https:\/\/wp.me\/pa0Mj3-cVN","jetpack_likes_enabled":false,"amp_enabled":false,"_links":{"self":[{"href":"https:\/\/guide.fire-emblem-heroes.com\/wp-json\/wp\/v2\/posts\/49711","targetHints":{"allow":["GET"]}}],"collection":[{"href":"https:\/\/guide.fire-emblem-heroes.com\/wp-json\/wp\/v2\/posts"}],"about":[{"href":"https:\/\/guide.fire-emblem-heroes.com\/wp-json\/wp\/v2\/types\/post"}],"author":[{"embeddable":true,"href":"https:\/\/guide.fire-emblem-heroes.com\/wp-json\/wp\/v2\/users\/1"}],"replies":[{"embeddable":true,"href":"https:\/\/guide.fire-emblem-heroes.com\/wp-json\/wp\/v2\/comments?post=49711"}],"version-history":[{"count":1,"href":"https:\/\/guide.fire-emblem-heroes.com\/wp-json\/wp\/v2\/posts\/49711\/revisions"}],"predecessor-version":[{"id":49721,"href":"https:\/\/guide.fire-emblem-heroes.com\/wp-json\/wp\/v2\/posts\/49711\/revisions\/49721"}],"wp:featuredmedia":[{"embeddable":true,"href":"https:\/\/guide.fire-emblem-heroes.com\/wp-json\/wp\/v2\/media\/49877"}],"wp:attachment":[{"href":"https:\/\/guide.fire-emblem-heroes.com\/wp-json\/wp\/v2\/media?parent=49711"}],"wp:term":[{"taxonomy":"category","embeddable":true,"href":"https:\/\/guide.fire-emblem-heroes.com\/wp-json\/wp\/v2\/categories?post=49711"},{"taxonomy":"post_tag","embeddable":true,"href":"https:\/\/guide.fire-emblem-heroes.com\/wp-json\/wp\/v2\/tags?post=49711"}],"curies":[{"name":"wp","href":"https:\/\/api.w.org\/{rel}","templated":true}]}}