






{"id":49949,"date":"2024-03-05T11:11:44","date_gmt":"2024-03-05T02:11:44","guid":{"rendered":"https:\/\/guide.fire-emblem-heroes.com\/?p=49949"},"modified":"2024-04-08T16:00:27","modified_gmt":"2024-04-08T07:00:27","slug":"14002007001069-2","status":"publish","type":"post","link":"https:\/\/guide.fire-emblem-heroes.com\/es-ES\/14002007001069-2\/","title":{"rendered":"<span class=\"character_nick\">Alas primaverales<\/span><span class=\"character_name\">Chlo\u00e9<\/span>"},"content":{"rendered":"<main id=\"CHARA_1008\" class=\"main_page character\">\r\n            <article>\r\n                <section class=\"sec sec_character\">\r\n                    <ul class=\"sec_ul sec_ul--character slick-box\">\r\n                        <li class=\"sec_li sec_li--character\">\r\n                            <img decoding=\"async\" src=\"https:\/\/guide.fire-emblem-heroes.com\/wp-content\/uploads\/chloe_spring_wings_slide01.png\" alt=\"\" \/>\r\n                        <\/li>\r\n                        <li class=\"sec_li sec_li--character\">\r\n                            <img decoding=\"async\" src=\"https:\/\/guide.fire-emblem-heroes.com\/wp-content\/uploads\/chloe_spring_wings_slide02.png\" alt=\"\" \/>\r\n                        <\/li>\r\n                        <li class=\"sec_li sec_li--character\">\r\n                            <img decoding=\"async\" src=\"https:\/\/guide.fire-emblem-heroes.com\/wp-content\/uploads\/chloe_spring_wings_slide03.png\" alt=\"\" \/>\r\n                        <\/li>\r\n                        <li class=\"sec_li sec_li--character\">\r\n                            <img decoding=\"async\" src=\"https:\/\/guide.fire-emblem-heroes.com\/wp-content\/uploads\/chloe_spring_wings_slide04.png\" alt=\"\" \/>\r\n                        <\/li>\r\n                    <\/ul>\r\n                    <div class=\"sec_charainfoarea flex\">\r\n                        <div class=\"sec_gif\"><img loading=\"lazy\" decoding=\"async\" src=\"https:\/\/guide.fire-emblem-heroes.com\/wp-content\/uploads\/chloe_spring_wings.png\" alt=\"\" width=\"210\" height=\"190\"\/><\/div>\r\n                        <div class=\"sec_charainfo\">\r\n                            <p id=\"CHARA_1008_002\" class=\"sec_characate sec_characate sec_characate--harmonized_hero\">Unidades armonizadas<\/p>\r\n                            <p id=\"CHARA_1008_003\" class=\"sec_charanick\">Alas primaverales<\/p>\r\n                            <p id=\"CHARA_1008_004\" class=\"sec_charaname\">Chlo\u00e9<\/p>\r\n                            <p id=\"CHARA_1008_005\" class=\"sec_charaappearancetxt\">Aparecen en<\/p>\r\n                            <p id=\"CHARA_1008_006\" class=\"sec_charaappearancetxt\">Fire Emblem Engage<br \/>Fire Emblem: Awakening<\/p>\r\n                        <\/div>\r\n                    <\/div>\r\n                <\/section>\r\n            <\/article>\r\n            <article>\r\n                <section class=\"sec sec_characterarea\">\r\n                    <div class=\"sec_h2chara\">\r\n                        <p id=\"CHARA_1008_007\" class=\"sec_h2charattl\">\u00a1Presentaci\u00f3n de personajes con Sharena!<\/p>\r\n                        <h2 id=\"CHARA_1008_008\" class=\"sec_h2charatxt\">Alas primaverales Chlo\u00e9<\/h2>\r\n                    <\/div>\r\n                    <dl class=\"sec_dl flex\">\r\n                        <dt id=\"CHARA_1008_009\" class=\"sec_dt\">\u00a1Aqu\u00ed est\u00e1n Chlo\u00e9, que viene del continente de Elyos, y Cordelia, de Ylisse! Estas dos jinetes de pegaso han saltado la frontera de sus respectivos mundos para participar juntas en el festival primaveral&#8230; \u00a1vestidas de preciosas conejitas!<\/dt>\r\n                        <dd class=\"sec_dd\">\r\n                            <a href=\"https:\/\/guide.fire-emblem-heroes.com\/wp-content\/uploads\/chloe_spring_wings_pop01.png\" class=\"popup-image\">\r\n                                <img decoding=\"async\" src=\"https:\/\/guide.fire-emblem-heroes.com\/wp-content\/uploads\/chloe_spring_wings_info01.png\" alt=\"\" \/>\r\n                            <\/a>\r\n                        <\/dd>\r\n                        <dt id=\"CHARA_1008_010\" class=\"sec_dt\">Chlo\u00e9, que no se complica la vida, lleva una diadema con unas orejotas enormes. \u00a1Parece un conejito sacado de uno de sus propios cuentos de hadas!<\/dt>\r\n                        <dd class=\"sec_dd\">\r\n                            <a href=\"https:\/\/guide.fire-emblem-heroes.com\/wp-content\/uploads\/chloe_spring_wings_pop02.png\" class=\"popup-image\">\r\n                                <img decoding=\"async\" src=\"https:\/\/guide.fire-emblem-heroes.com\/wp-content\/uploads\/chloe_spring_wings_info02.png\" alt=\"\" \/>\r\n                            <\/a>\r\n                        <\/dd>\r\n                        <dt id=\"CHARA_1008_011\" class=\"sec_dt\">Las orejas de la diadema de Cordelia, la hero\u00edna sensata, est\u00e1n levantadas. \u00bfA que la oreja que est\u00e1 doblada es adorable?<\/dt>\r\n                        <dd class=\"sec_dd\">\r\n                            <a href=\"https:\/\/guide.fire-emblem-heroes.com\/wp-content\/uploads\/chloe_spring_wings_pop03.png\" class=\"popup-image\">\r\n                                <img decoding=\"async\" src=\"https:\/\/guide.fire-emblem-heroes.com\/wp-content\/uploads\/chloe_spring_wings_info03.png\" alt=\"\" \/>\r\n                            <\/a>\r\n                        <\/dd>\r\n                        <dt id=\"CHARA_1008_012\" class=\"sec_dt\">Chlo\u00e9 y Cordelia suelen surcar los cielos a lomos de su pegaso, pero \u00a1hoy tambi\u00e9n van vestidos de conejos!<\/dt>\r\n                        <dd class=\"sec_dd\">\r\n                            <a href=\"https:\/\/guide.fire-emblem-heroes.com\/wp-content\/uploads\/chloe_spring_wings_pop04.png\" class=\"popup-image\">\r\n                                <img decoding=\"async\" src=\"https:\/\/guide.fire-emblem-heroes.com\/wp-content\/uploads\/chloe_spring_wings_info04.png\" alt=\"\" \/>\r\n                            <\/a>\r\n                        <\/dd>\r\n                    <\/dl>\r\n                    <h3 id=\"CHARA_1008_013\" class=\"sec_h3charatxt\">Personajes con los que tienen relaci\u00f3n<\/h3>\r\n                    <h4 id=\"CHARA_1008_014\" class=\"sec_h4charatxt\">C\u00e9line<\/h4>\r\n                    <p id=\"CHARA_1008_015\" class=\"sec_charatxt\">Princesa de Firene y hermana menor de Alfred. Es muy gentil y adora el t\u00e9. Chlo\u00e9 es su vasalla.<\/p>\r\n                    <h4 id=\"CHARA_1008_016\" class=\"sec_h4charatxt\">Chrom<\/h4>\r\n                    <p id=\"CHARA_1008_017\" class=\"sec_charatxt\">Pr\u00edncipe de Ylisse y descendiente del rey heroico. Es el l\u00edder de los Custodios. Cordelia es su vasalla.<\/p>\r\n                <\/section>\r\n            <\/article>\r\n        <\/main>","protected":false},"excerpt":{"rendered":"Unidades armonizadas Alas primaverales Chlo\u00e9 Aparecen en Fire Emblem EngageFire Emblem: Awakening \u00a1Presentaci\u00f3n de personajes con Sharena! Alas primaverales Chlo\u00e9 \u00a1Aqu\u00ed est\u00e1n Chlo\u00e9, que viene del continente de Elyos, y Cordelia, de Ylisse! Estas dos jinetes de pegaso han saltado la frontera de sus respectivos mundos para participar juntas en el festival primaveral&#8230; \u00a1vestidas de [&hellip;]","protected":false},"author":1,"featured_media":50068,"comment_status":"closed","ping_status":"closed","sticky":false,"template":"","format":"standard","meta":{"advanced_seo_description":"","jetpack_seo_html_title":"","jetpack_seo_noindex":false,"_jetpack_newsletter_access":"","_jetpack_dont_email_post_to_subs":false,"_jetpack_newsletter_tier_id":0,"_jetpack_memberships_contains_paywalled_content":false,"_locale":"es_ES","_original_post":"https:\/\/guide.fire-emblem-heroes.com\/?p=49943","_jetpack_memberships_contains_paid_content":false,"footnotes":"","jetpack_publicize_message":"","jetpack_publicize_feature_enabled":true,"jetpack_social_post_already_shared":false,"jetpack_social_options":{"image_generator_settings":{"template":"highway","default_image_id":0,"font":"","enabled":false},"version":2},"_wpas_customize_per_network":false,"jetpack_post_was_ever_published":false},"categories":[1512,1384,1464,1390],"tags":[1468],"class_list":["post-49949","post","type-post","status-publish","format-standard","has-post-thumbnail","hentry","category-ex_works_engage","category-character","category-harmonized_heroes","category-stay_heroes","tag-unidades-armonizadas","es-ES"],"jetpack_publicize_connections":[],"jetpack_featured_media_url":"https:\/\/guide.fire-emblem-heroes.com\/wp-content\/uploads\/chloe_spring_wings.png","jetpack_sharing_enabled":false,"jetpack_shortlink":"https:\/\/wp.me\/pa0Mj3-cZD","jetpack_likes_enabled":false,"amp_enabled":false,"_links":{"self":[{"href":"https:\/\/guide.fire-emblem-heroes.com\/wp-json\/wp\/v2\/posts\/49949","targetHints":{"allow":["GET"]}}],"collection":[{"href":"https:\/\/guide.fire-emblem-heroes.com\/wp-json\/wp\/v2\/posts"}],"about":[{"href":"https:\/\/guide.fire-emblem-heroes.com\/wp-json\/wp\/v2\/types\/post"}],"author":[{"embeddable":true,"href":"https:\/\/guide.fire-emblem-heroes.com\/wp-json\/wp\/v2\/users\/1"}],"replies":[{"embeddable":true,"href":"https:\/\/guide.fire-emblem-heroes.com\/wp-json\/wp\/v2\/comments?post=49949"}],"version-history":[{"count":1,"href":"https:\/\/guide.fire-emblem-heroes.com\/wp-json\/wp\/v2\/posts\/49949\/revisions"}],"predecessor-version":[{"id":49958,"href":"https:\/\/guide.fire-emblem-heroes.com\/wp-json\/wp\/v2\/posts\/49949\/revisions\/49958"}],"wp:featuredmedia":[{"embeddable":true,"href":"https:\/\/guide.fire-emblem-heroes.com\/wp-json\/wp\/v2\/media\/50068"}],"wp:attachment":[{"href":"https:\/\/guide.fire-emblem-heroes.com\/wp-json\/wp\/v2\/media?parent=49949"}],"wp:term":[{"taxonomy":"category","embeddable":true,"href":"https:\/\/guide.fire-emblem-heroes.com\/wp-json\/wp\/v2\/categories?post=49949"},{"taxonomy":"post_tag","embeddable":true,"href":"https:\/\/guide.fire-emblem-heroes.com\/wp-json\/wp\/v2\/tags?post=49949"}],"curies":[{"name":"wp","href":"https:\/\/api.w.org\/{rel}","templated":true}]}}