






{"id":49970,"date":"2024-03-05T11:17:38","date_gmt":"2024-03-05T02:17:38","guid":{"rendered":"https:\/\/guide.fire-emblem-heroes.com\/?p=49970"},"modified":"2024-04-08T16:02:23","modified_gmt":"2024-04-08T07:02:23","slug":"14001006001070-2","status":"publish","type":"post","link":"https:\/\/guide.fire-emblem-heroes.com\/es-ES\/14001006001070-2\/","title":{"rendered":"<span class=\"character_nick\">Admiradora vernal<\/span><span class=\"character_name\">Framme<\/span>"},"content":{"rendered":"<main id=\"CHARA_1009\" class=\"main_page character\">\r\n            <article>\r\n                <section class=\"sec sec_character\">\r\n                    <ul class=\"sec_ul sec_ul--character slick-box\">\r\n                        <li class=\"sec_li sec_li--character\">\r\n                            <img decoding=\"async\" src=\"https:\/\/guide.fire-emblem-heroes.com\/wp-content\/uploads\/fram_spring_fangirl_slide01.png\" alt=\"\" \/>\r\n                        <\/li>\r\n                        <li class=\"sec_li sec_li--character\">\r\n                            <img decoding=\"async\" src=\"https:\/\/guide.fire-emblem-heroes.com\/wp-content\/uploads\/fram_spring_fangirl_slide02.png\" alt=\"\" \/>\r\n                        <\/li>\r\n                        <li class=\"sec_li sec_li--character\">\r\n                            <img decoding=\"async\" src=\"https:\/\/guide.fire-emblem-heroes.com\/wp-content\/uploads\/fram_spring_fangirl_slide03.png\" alt=\"\" \/>\r\n                        <\/li>\r\n                        <li class=\"sec_li sec_li--character\">\r\n                            <img decoding=\"async\" src=\"https:\/\/guide.fire-emblem-heroes.com\/wp-content\/uploads\/fram_spring_fangirl_slide04.png\" alt=\"\" \/>\r\n                        <\/li>\r\n                    <\/ul>\r\n                    <div class=\"sec_charainfoarea flex\">\r\n                        <div class=\"sec_gif\"><img loading=\"lazy\" decoding=\"async\" src=\"https:\/\/guide.fire-emblem-heroes.com\/wp-content\/uploads\/fram_spring_fangirl.png\" alt=\"\" width=\"210\" height=\"190\"\/><\/div>\r\n                        <div class=\"sec_charainfo\">\r\n                            <p id=\"CHARA_1009_002\" class=\"sec_characate sec_characate--special_heroes\">H\u00e9roes especiales<\/p>\r\n                            <p id=\"CHARA_1009_003\" class=\"sec_charanick\">Admiradora vernal<\/p>\r\n                            <p id=\"CHARA_1009_004\" class=\"sec_charaname\">Framme<\/p>\r\n                            <p id=\"CHARA_1009_005\" class=\"sec_charaappearancetxt\">Aparece en<\/p>\r\n                            <p id=\"CHARA_1009_006\" class=\"sec_charaappearancetxt\">Fire Emblem Engage<\/p>\r\n                        <\/div>\r\n                    <\/div>\r\n                <\/section>\r\n            <\/article>\r\n            <article>\r\n                <section class=\"sec sec_characterarea\">\r\n                    <div class=\"sec_h2chara\">\r\n                        <p id=\"CHARA_1009_007\" class=\"sec_h2charattl\">\u00a1Presentaci\u00f3n de personajes con Sharena!<\/p>\r\n                        <h2 id=\"CHARA_1009_008\" class=\"sec_h2charatxt\">Admiradora vernal Framme<\/h2>\r\n                    <\/div>\r\n                    <dl class=\"sec_dl flex\">\r\n                        <dt id=\"CHARA_1009_009\" class=\"sec_dt\">\u00a1Una invitada de lo m\u00e1s adorable ha venido desde Elyos para unirse al festival primaveral de Askr! Aqu\u00ed tenemos a Framme, sierva del Drag\u00f3n Divino de la Tierra Sagrada de Lythos. \u00a1Y ha venido disfrazada de conejita para el festival!<\/dt>\r\n                        <dd class=\"sec_dd\">\r\n                            <a href=\"https:\/\/guide.fire-emblem-heroes.com\/wp-content\/uploads\/fram_spring_fangirl_pop01.png\" class=\"popup-image\">\r\n                                <img decoding=\"async\" src=\"https:\/\/guide.fire-emblem-heroes.com\/wp-content\/uploads\/fram_spring_fangirl_info01.png\" alt=\"\" \/>\r\n                            <\/a>\r\n                        <\/dd>\r\n                        <dt id=\"CHARA_1009_010\" class=\"sec_dt\">Lo que m\u00e1s destaca de su atuendo es el gorro, con su carita de conejo y sus enormes orejas ca\u00eddas. \u00a1Y no nos olvidemos de ese precioso pomp\u00f3n!<\/dt>\r\n                        <dd class=\"sec_dd\">\r\n                            <a href=\"https:\/\/guide.fire-emblem-heroes.com\/wp-content\/uploads\/fram_spring_fangirl_pop02.png\" class=\"popup-image\">\r\n                                <img decoding=\"async\" src=\"https:\/\/guide.fire-emblem-heroes.com\/wp-content\/uploads\/fram_spring_fangirl_info02.png\" alt=\"\" \/>\r\n                            <\/a>\r\n                        <\/dd>\r\n                        <dt id=\"CHARA_1009_011\" class=\"sec_dt\">El hacha que ha tra\u00eddo al festival tambi\u00e9n lleva adornos primaverales. Hay huevos hechos inspirados en el Drag\u00f3n Divino Alear, su gemelo, Clanne, y Vander, el anterior siervo del Drag\u00f3n Divino.<\/dt>\r\n                        <dd class=\"sec_dd\">\r\n                            <a href=\"https:\/\/guide.fire-emblem-heroes.com\/wp-content\/uploads\/fram_spring_fangirl_pop03.png\" class=\"popup-image\">\r\n                                <img decoding=\"async\" src=\"https:\/\/guide.fire-emblem-heroes.com\/wp-content\/uploads\/fram_spring_fangirl_info03.png\" alt=\"\" \/>\r\n                            <\/a>\r\n                        <\/dd>\r\n                        <dt id=\"CHARA_1009_012\" class=\"sec_dt\">Me encanta que haya encontrado la forma de incluir a sus seres queridos en su vestuario. \u00a1Seguro que a Framme le encantar\u00eda que Alear la viese de esa guisa!<\/dt>\r\n                        <dd class=\"sec_dd\">\r\n                            <a href=\"https:\/\/guide.fire-emblem-heroes.com\/wp-content\/uploads\/fram_spring_fangirl_pop04.png\" class=\"popup-image\">\r\n                                <img decoding=\"async\" src=\"https:\/\/guide.fire-emblem-heroes.com\/wp-content\/uploads\/fram_spring_fangirl_info04.png\" alt=\"\" \/>\r\n                            <\/a>\r\n                        <\/dd>\r\n                    <\/dl>\r\n                    <h3 id=\"CHARA_1009_013\" class=\"sec_h3charatxt\">Personajes con los que tiene relaci\u00f3n<\/h3>\r\n                    <h4 id=\"CHARA_1009_014\" class=\"sec_h4charatxt\">Alear<\/h4>\r\n                    <p id=\"CHARA_1009_015\" class=\"sec_charatxt\">Descendiente del Drag\u00f3n Divino que acaba de despertar. Invoca Emblemas para salvar al mundo. Framme es su vasalla.<\/p>\r\n                    <h4 id=\"CHARA_1009_016\" class=\"sec_h4charatxt\">Clanne<\/h4>\r\n                    <p id=\"CHARA_1009_017\" class=\"sec_charatxt\">Gemelo de Framme, junto a quien sirve como los trig\u00e9simo terceros siervos del Drag\u00f3n Divino. Es reservado y reflexivo.<\/p>\r\n                <\/section>\r\n            <\/article>\r\n        <\/main>","protected":false},"excerpt":{"rendered":"H\u00e9roes especiales Admiradora vernal Framme Aparece en Fire Emblem Engage \u00a1Presentaci\u00f3n de personajes con Sharena! Admiradora vernal Framme \u00a1Una invitada de lo m\u00e1s adorable ha venido desde Elyos para unirse al festival primaveral de Askr! Aqu\u00ed tenemos a Framme, sierva del Drag\u00f3n Divino de la Tierra Sagrada de Lythos. \u00a1Y ha venido disfrazada de conejita [&hellip;]","protected":false},"author":1,"featured_media":50081,"comment_status":"closed","ping_status":"closed","sticky":false,"template":"","format":"standard","meta":{"advanced_seo_description":"","jetpack_seo_html_title":"","jetpack_seo_noindex":false,"_jetpack_newsletter_access":"","_jetpack_dont_email_post_to_subs":false,"_jetpack_newsletter_tier_id":0,"_jetpack_memberships_contains_paywalled_content":false,"_locale":"es_ES","_original_post":"https:\/\/guide.fire-emblem-heroes.com\/?p=49964","_jetpack_memberships_contains_paid_content":false,"footnotes":"","jetpack_publicize_message":"","jetpack_publicize_feature_enabled":true,"jetpack_social_post_already_shared":false,"jetpack_social_options":{"image_generator_settings":{"template":"highway","default_image_id":0,"font":"","enabled":false},"version":2},"_wpas_customize_per_network":false,"jetpack_post_was_ever_published":false},"categories":[1512,1384,1405,1390],"tags":[1409],"class_list":["post-49970","post","type-post","status-publish","format-standard","has-post-thumbnail","hentry","category-ex_works_engage","category-character","category-special_heroes","category-stay_heroes","tag-heroes-especiales","es-ES"],"jetpack_publicize_connections":[],"jetpack_featured_media_url":"https:\/\/guide.fire-emblem-heroes.com\/wp-content\/uploads\/fram_spring_fangirl.png","jetpack_sharing_enabled":false,"jetpack_shortlink":"https:\/\/wp.me\/pa0Mj3-cZY","jetpack_likes_enabled":false,"amp_enabled":false,"_links":{"self":[{"href":"https:\/\/guide.fire-emblem-heroes.com\/wp-json\/wp\/v2\/posts\/49970","targetHints":{"allow":["GET"]}}],"collection":[{"href":"https:\/\/guide.fire-emblem-heroes.com\/wp-json\/wp\/v2\/posts"}],"about":[{"href":"https:\/\/guide.fire-emblem-heroes.com\/wp-json\/wp\/v2\/types\/post"}],"author":[{"embeddable":true,"href":"https:\/\/guide.fire-emblem-heroes.com\/wp-json\/wp\/v2\/users\/1"}],"replies":[{"embeddable":true,"href":"https:\/\/guide.fire-emblem-heroes.com\/wp-json\/wp\/v2\/comments?post=49970"}],"version-history":[{"count":1,"href":"https:\/\/guide.fire-emblem-heroes.com\/wp-json\/wp\/v2\/posts\/49970\/revisions"}],"predecessor-version":[{"id":49978,"href":"https:\/\/guide.fire-emblem-heroes.com\/wp-json\/wp\/v2\/posts\/49970\/revisions\/49978"}],"wp:featuredmedia":[{"embeddable":true,"href":"https:\/\/guide.fire-emblem-heroes.com\/wp-json\/wp\/v2\/media\/50081"}],"wp:attachment":[{"href":"https:\/\/guide.fire-emblem-heroes.com\/wp-json\/wp\/v2\/media?parent=49970"}],"wp:term":[{"taxonomy":"category","embeddable":true,"href":"https:\/\/guide.fire-emblem-heroes.com\/wp-json\/wp\/v2\/categories?post=49970"},{"taxonomy":"post_tag","embeddable":true,"href":"https:\/\/guide.fire-emblem-heroes.com\/wp-json\/wp\/v2\/tags?post=49970"}],"curies":[{"name":"wp","href":"https:\/\/api.w.org\/{rel}","templated":true}]}}