






{"id":50540,"date":"2024-04-03T12:13:48","date_gmt":"2024-04-03T03:13:48","guid":{"rendered":"https:\/\/guide.fire-emblem-heroes.com\/?p=50540"},"modified":"2024-05-07T16:01:07","modified_gmt":"2024-05-07T07:01:07","slug":"10001003001080-2","status":"publish","type":"post","link":"https:\/\/guide.fire-emblem-heroes.com\/es-ES\/10001003001080-2\/","title":{"rendered":"<span class=\"character_nick\">Entes del destino<\/span><span class=\"character_name\">Daraen<\/span>"},"content":{"rendered":"<main id=\"CHARA_1023\" class=\"main_page character\">\r\n            <article>\r\n                <section class=\"sec sec_character\">\r\n                    <ul class=\"sec_ul sec_ul--character slick-box\">\r\n                        <li class=\"sec_li sec_li--character\">\r\n                            <img decoding=\"async\" src=\"https:\/\/guide.fire-emblem-heroes.com\/wp-content\/uploads\/reflet_vessels_of_fate_slide01.png\" alt=\"\" \/>\r\n                        <\/li>\r\n                        <li class=\"sec_li sec_li--character\">\r\n                            <img decoding=\"async\" src=\"https:\/\/guide.fire-emblem-heroes.com\/wp-content\/uploads\/reflet_vessels_of_fate_slide02.png\" alt=\"\" \/>\r\n                        <\/li>\r\n                        <li class=\"sec_li sec_li--character\">\r\n                            <img decoding=\"async\" src=\"https:\/\/guide.fire-emblem-heroes.com\/wp-content\/uploads\/reflet_vessels_of_fate_slide03.png\" alt=\"\" \/>\r\n                        <\/li>\r\n                        <li class=\"sec_li sec_li--character\">\r\n                            <img decoding=\"async\" src=\"https:\/\/guide.fire-emblem-heroes.com\/wp-content\/uploads\/reflet_vessels_of_fate_slide04.png\" alt=\"\" \/>\r\n                        <\/li>\r\n                    <\/ul>\r\n                    <div class=\"sec_charainfoarea flex\">\r\n                        <div class=\"sec_gif\"><img loading=\"lazy\" decoding=\"async\" src=\"https:\/\/guide.fire-emblem-heroes.com\/wp-content\/uploads\/reflet_vessels_of_fate.png\" alt=\"\" width=\"210\" height=\"190\"\/><\/div>\r\n                        <div class=\"sec_charainfo\">\r\n                            <p id=\"CHARA_1023_002\" class=\"sec_characate sec_characate--duo_hero\">Unidades dobles<\/p>\r\n                            <p id=\"CHARA_1023_003\" class=\"sec_charanick\">Entes del destino<\/p>\r\n                            <p id=\"CHARA_1023_004\" class=\"sec_charaname\">Daraen<\/p>\r\n                            <p id=\"CHARA_1023_005\" class=\"sec_charaappearancetxt\">Aparece en<\/p>\r\n                            <p id=\"CHARA_1023_006\" class=\"sec_charaappearancetxt\">Fire Emblem: Awakening<\/p>\r\n                        <\/div>\r\n                    <\/div>\r\n                <\/section>\r\n            <\/article>\r\n            <article>\r\n                <section class=\"sec sec_characterarea\">\r\n                    <div class=\"sec_h2chara\">\r\n                        <p id=\"CHARA_1023_007\" class=\"sec_h2charattl\">\u00a1Presentaci\u00f3n de personajes con Sharena!<\/p>\r\n                        <h2 id=\"CHARA_1023_008\" class=\"sec_h2charatxt\">Entes del destino Daraen<\/h2>\r\n                    <\/div>\r\n                    <dl class=\"sec_dl flex\">\r\n                        <dt id=\"CHARA_1023_009\" class=\"sec_dt\">Daraen, la estratega, y Chrom, el pr\u00edncipe, trabajaron juntos al servicio de Ylisse. \u00a1Y ahora han sido llamados a Askr en su m\u00e1s tierna infancia!<\/dt>\r\n                        <dd class=\"sec_dd\">\r\n                            <a href=\"https:\/\/guide.fire-emblem-heroes.com\/wp-content\/uploads\/reflet_vessels_of_fate_pop01.png\" class=\"popup-image\">\r\n                                <img decoding=\"async\" src=\"https:\/\/guide.fire-emblem-heroes.com\/wp-content\/uploads\/reflet_vessels_of_fate_info01.png\" alt=\"\" \/>\r\n                            <\/a>\r\n                        <\/dd>\r\n                        <dt id=\"CHARA_1023_010\" class=\"sec_dt\">\u00bfA que Daraen est\u00e1 preciosa con esa capa peque\u00f1ita? A juzgar por lo feliz que parece leyendo, dir\u00eda que ya desde peque\u00f1a devoraba libros.<\/dt>\r\n                        <dd class=\"sec_dd\">\r\n                            <a href=\"https:\/\/guide.fire-emblem-heroes.com\/wp-content\/uploads\/reflet_vessels_of_fate_pop02.png\" class=\"popup-image\">\r\n                                <img decoding=\"async\" src=\"https:\/\/guide.fire-emblem-heroes.com\/wp-content\/uploads\/reflet_vessels_of_fate_info02.png\" alt=\"\" \/>\r\n                            <\/a>\r\n                        <\/dd>\r\n                        <dt id=\"CHARA_1023_011\" class=\"sec_dt\">Por otra parte, la ropa ligera de Chrom nos da pistas de que desde peque\u00f1o se mostraba muy activo. Me pregunto si ya por entonces ser\u00eda un espadach\u00edn fuera de serie.<\/dt>\r\n                        <dd class=\"sec_dd\">\r\n                            <a href=\"https:\/\/guide.fire-emblem-heroes.com\/wp-content\/uploads\/reflet_vessels_of_fate_pop03.png\" class=\"popup-image\">\r\n                                <img decoding=\"async\" src=\"https:\/\/guide.fire-emblem-heroes.com\/wp-content\/uploads\/reflet_vessels_of_fate_info03.png\" alt=\"\" \/>\r\n                            <\/a>\r\n                        <\/dd>\r\n                        <dt id=\"CHARA_1023_012\" class=\"sec_dt\">La inteligencia de Daraen unida a la pericia marcial de Chrom los convierten en un t\u00e1ndem temible&#8230; \u00a1a pesar de su corta edad!<\/dt>\r\n                        <dd class=\"sec_dd\">\r\n                            <a href=\"https:\/\/guide.fire-emblem-heroes.com\/wp-content\/uploads\/reflet_vessels_of_fate_pop04.png\" class=\"popup-image\">\r\n                                <img decoding=\"async\" src=\"https:\/\/guide.fire-emblem-heroes.com\/wp-content\/uploads\/reflet_vessels_of_fate_info04.png\" alt=\"\" \/>\r\n                            <\/a>\r\n                        <\/dd>\r\n                    <\/dl>\r\n                    <h3 id=\"CHARA_1023_013\" class=\"sec_h3charatxt\">Personajes con los que tienen relaci\u00f3n<\/h3>\r\n                    <h4 id=\"CHARA_1023_014\" class=\"sec_h4charatxt\">Linfan<\/h4>\r\n                    <p id=\"CHARA_1023_015\" class=\"sec_charatxt\">Daraen es su madre. Aspirante a estratega, padece amnesia. Es alegre y le gusta estudiar.<\/p>\r\n                    <h4 id=\"CHARA_1023_016\" class=\"sec_h4charatxt\">Lissa<\/h4>\r\n                    <p id=\"CHARA_1023_017\" class=\"sec_charatxt\">Princesa de la casa real de Ylisse y hermana peque\u00f1a de Chrom. Desea demostrar su val\u00eda.<\/p>\r\n                <\/section>\r\n            <\/article>\r\n        <\/main>","protected":false},"excerpt":{"rendered":"Unidades dobles Entes del destino Daraen Aparece en Fire Emblem: Awakening \u00a1Presentaci\u00f3n de personajes con Sharena! Entes del destino Daraen Daraen, la estratega, y Chrom, el pr\u00edncipe, trabajaron juntos al servicio de Ylisse. \u00a1Y ahora han sido llamados a Askr en su m\u00e1s tierna infancia! \u00bfA que Daraen est\u00e1 preciosa con esa capa peque\u00f1ita? A [&hellip;]","protected":false},"author":1,"featured_media":50733,"comment_status":"closed","ping_status":"closed","sticky":false,"template":"","format":"standard","meta":{"advanced_seo_description":"","jetpack_seo_html_title":"","jetpack_seo_noindex":false,"_jetpack_newsletter_access":"","_jetpack_dont_email_post_to_subs":false,"_jetpack_newsletter_tier_id":0,"_jetpack_memberships_contains_paywalled_content":false,"_locale":"es_ES","_original_post":"https:\/\/guide.fire-emblem-heroes.com\/?p=50534","_jetpack_memberships_contains_paid_content":false,"footnotes":"","jetpack_publicize_message":"","jetpack_publicize_feature_enabled":true,"jetpack_social_post_already_shared":false,"jetpack_social_options":{"image_generator_settings":{"template":"highway","default_image_id":0,"font":"","enabled":false},"version":2},"_wpas_customize_per_network":false,"jetpack_post_was_ever_published":false},"categories":[1384,1431,1390,1440],"tags":[1444],"class_list":["post-50540","post","type-post","status-publish","format-standard","has-post-thumbnail","hentry","category-character","category-ex_works_awakening","category-stay_heroes","category-duo_heroes","tag-unidades-dobles","es-ES"],"jetpack_publicize_connections":[],"jetpack_featured_media_url":"https:\/\/guide.fire-emblem-heroes.com\/wp-content\/uploads\/reflet_vessels_of_fate.png","jetpack_sharing_enabled":false,"jetpack_shortlink":"https:\/\/wp.me\/pa0Mj3-d9a","jetpack_likes_enabled":false,"amp_enabled":false,"_links":{"self":[{"href":"https:\/\/guide.fire-emblem-heroes.com\/wp-json\/wp\/v2\/posts\/50540","targetHints":{"allow":["GET"]}}],"collection":[{"href":"https:\/\/guide.fire-emblem-heroes.com\/wp-json\/wp\/v2\/posts"}],"about":[{"href":"https:\/\/guide.fire-emblem-heroes.com\/wp-json\/wp\/v2\/types\/post"}],"author":[{"embeddable":true,"href":"https:\/\/guide.fire-emblem-heroes.com\/wp-json\/wp\/v2\/users\/1"}],"replies":[{"embeddable":true,"href":"https:\/\/guide.fire-emblem-heroes.com\/wp-json\/wp\/v2\/comments?post=50540"}],"version-history":[{"count":1,"href":"https:\/\/guide.fire-emblem-heroes.com\/wp-json\/wp\/v2\/posts\/50540\/revisions"}],"predecessor-version":[{"id":50553,"href":"https:\/\/guide.fire-emblem-heroes.com\/wp-json\/wp\/v2\/posts\/50540\/revisions\/50553"}],"wp:featuredmedia":[{"embeddable":true,"href":"https:\/\/guide.fire-emblem-heroes.com\/wp-json\/wp\/v2\/media\/50733"}],"wp:attachment":[{"href":"https:\/\/guide.fire-emblem-heroes.com\/wp-json\/wp\/v2\/media?parent=50540"}],"wp:term":[{"taxonomy":"category","embeddable":true,"href":"https:\/\/guide.fire-emblem-heroes.com\/wp-json\/wp\/v2\/categories?post=50540"},{"taxonomy":"post_tag","embeddable":true,"href":"https:\/\/guide.fire-emblem-heroes.com\/wp-json\/wp\/v2\/tags?post=50540"}],"curies":[{"name":"wp","href":"https:\/\/api.w.org\/{rel}","templated":true}]}}