






{"id":55748,"date":"2024-11-13T13:17:34","date_gmt":"2024-11-13T04:17:34","guid":{"rendered":"https:\/\/guide.fire-emblem-heroes.com\/?p=55748"},"modified":"2025-08-13T13:09:38","modified_gmt":"2025-08-13T04:09:38","slug":"05005007001171-2","status":"publish","type":"post","link":"https:\/\/guide.fire-emblem-heroes.com\/es-ES\/05005007001171-2\/","title":{"rendered":"<span class=\"character_nick\">Rayo de \u00e9bano<\/span><span class=\"character_name\">Zeiss<\/span>"},"content":{"rendered":"<main id=\"CHARA_1142\" class=\"main_page character\">\r\n            <article>\r\n                <section class=\"sec sec_character\">\r\n                    <ul class=\"sec_ul sec_ul--character slick-box\">\r\n                        <li class=\"sec_li sec_li--character\">\r\n                            <img decoding=\"async\" src=\"https:\/\/guide.fire-emblem-heroes.com\/wp-content\/uploads\/zeiss_ebon_bolt_slide01.png\" alt=\"\" \/>\r\n                        <\/li>\r\n                        <li class=\"sec_li sec_li--character\">\r\n                            <img decoding=\"async\" src=\"https:\/\/guide.fire-emblem-heroes.com\/wp-content\/uploads\/zeiss_ebon_bolt_slide02.png\" alt=\"\" \/>\r\n                        <\/li>\r\n                        <li class=\"sec_li sec_li--character\">\r\n                            <img decoding=\"async\" src=\"https:\/\/guide.fire-emblem-heroes.com\/wp-content\/uploads\/zeiss_ebon_bolt_slide03.png\" alt=\"\" \/>\r\n                        <\/li>\r\n                        <li class=\"sec_li sec_li--character\">\r\n                            <img decoding=\"async\" src=\"https:\/\/guide.fire-emblem-heroes.com\/wp-content\/uploads\/zeiss_ebon_bolt_slide04.png\" alt=\"\" \/>\r\n                        <\/li>\r\n                    <\/ul>\r\n                    <div class=\"sec_charainfoarea flex\">\r\n                        <div class=\"sec_gif\"><img loading=\"lazy\" decoding=\"async\" src=\"https:\/\/guide.fire-emblem-heroes.com\/wp-content\/uploads\/zeiss_ebon_bolt.png\" alt=\"\" width=\"210\" height=\"190\"\/><\/div>\r\n                        <div class=\"sec_charainfo\">\r\n                            <p id=\"CHARA_1142_002\" class=\"sec_characate sec_characate--heroes\">H\u00e9roes<\/p>\r\n                            <p id=\"CHARA_1142_003\" class=\"sec_charanick\">Rayo de \u00e9bano<\/p>\r\n                            <p id=\"CHARA_1142_004\" class=\"sec_charaname\">Zeiss<\/p>\r\n                            <p id=\"CHARA_1142_005\" class=\"sec_charaappearancetxt\">Aparece en<\/p>\r\n                            <p id=\"CHARA_1142_006\" class=\"sec_charaappearancetxt\">Fire Emblem: The Binding Blade<\/p>\r\n                        <\/div>\r\n                    <\/div>\r\n                <\/section>\r\n            <\/article>\r\n            <article>\r\n                <section class=\"sec sec_characterarea\">\r\n                    <div class=\"sec_h2chara\">\r\n                        <p id=\"CHARA_1142_007\" class=\"sec_h2charattl\">\u00a1Presentaci\u00f3n de personajes con Sharena!<\/p>\r\n                        <h2 id=\"CHARA_1142_008\" class=\"sec_h2charatxt\">Rayo de \u00e9bano Zeiss<\/h2>\r\n                    <\/div>\r\n                    <dl class=\"sec_dl flex\">\r\n                        <dt id=\"CHARA_1142_009\" class=\"sec_dt\">Zeiss es un jinete wyvern de Biran, un reino del continente de Elibe. Es el hermano peque\u00f1o de Melady, otra jinete wyvern de Biran.<\/dt>\r\n                        <dd class=\"sec_dd\">\r\n                            <a href=\"https:\/\/guide.fire-emblem-heroes.com\/wp-content\/uploads\/zeiss_ebon_bolt_pop01.png\" class=\"popup-image\">\r\n                                <img decoding=\"async\" src=\"https:\/\/guide.fire-emblem-heroes.com\/wp-content\/uploads\/zeiss_ebon_bolt_info01.png\" alt=\"\" \/>\r\n                            <\/a>\r\n                        <\/dd>\r\n                        <dt id=\"CHARA_1142_010\" class=\"sec_dt\">Durante los ataques de Biran a los pa\u00edses vecinos, Zeiss tuvo que hacer de tripas coraz\u00f3n al ver que Melady y la reina Guinivere de Biran cambiaban de bando para luchar junto a la Liga Lyciana, el enemigo de Biran.<\/dt>\r\n                        <dd class=\"sec_dd\">\r\n                            <a href=\"https:\/\/guide.fire-emblem-heroes.com\/wp-content\/uploads\/zeiss_ebon_bolt_pop02.png\" class=\"popup-image\">\r\n                                <img decoding=\"async\" src=\"https:\/\/guide.fire-emblem-heroes.com\/wp-content\/uploads\/zeiss_ebon_bolt_info02.png\" alt=\"\" \/>\r\n                            <\/a>\r\n                        <\/dd>\r\n                        <dt id=\"CHARA_1142_011\" class=\"sec_dt\">Por si fuera poco, Narcian, uno de los tres generales wyvern de Biran, le tendi\u00f3 una trampa para incriminarlo por colaborar con la Liga. Zeiss desert\u00f3 del ej\u00e9rcito con la ayuda de Galle, una de las pocas personas en las que a\u00fan pod\u00eda confiar, y parti\u00f3 en busca de Melady.<\/dt>\r\n                        <dd class=\"sec_dd\">\r\n                            <a href=\"https:\/\/guide.fire-emblem-heroes.com\/wp-content\/uploads\/zeiss_ebon_bolt_pop03.png\" class=\"popup-image\">\r\n                                <img decoding=\"async\" src=\"https:\/\/guide.fire-emblem-heroes.com\/wp-content\/uploads\/zeiss_ebon_bolt_info03.png\" alt=\"\" \/>\r\n                            <\/a>\r\n                        <\/dd>\r\n                        <dt id=\"CHARA_1142_012\" class=\"sec_dt\">Al enterarse del verdadero motivo por el que su hermana y la reina hab\u00edan cambiado de bando, Zeiss se pleg\u00f3 a los deseos de estas y se alist\u00f3 en el ej\u00e9rcito de la Liga Lyciana.<\/dt>\r\n                        <dd class=\"sec_dd\">\r\n                            <a href=\"https:\/\/guide.fire-emblem-heroes.com\/wp-content\/uploads\/zeiss_ebon_bolt_pop04.png\" class=\"popup-image\">\r\n                                <img decoding=\"async\" src=\"https:\/\/guide.fire-emblem-heroes.com\/wp-content\/uploads\/zeiss_ebon_bolt_info04.png\" alt=\"\" \/>\r\n                            <\/a>\r\n                        <\/dd>\r\n                    <\/dl>\r\n                    <h3 id=\"CHARA_1142_013\" class=\"sec_h3charatxt\">Personajes con los que tiene relaci\u00f3n<\/h3>\r\n                    <h4 id=\"CHARA_1142_014\" class=\"sec_h4charatxt\">Melady<\/h4>\r\n                    <p id=\"CHARA_1142_015\" class=\"sec_charatxt\">Jinete wyvern que acompa\u00f1a a Guinivere. Aunque sufre un conflicto interno por luchar contra su patria, permanece leal a su se\u00f1ora. Hermana mayor de Zeiss.<\/p>\r\n                    <h4 id=\"CHARA_1142_016\" class=\"sec_h4charatxt\">Galle<\/h4>\r\n                    <p id=\"CHARA_1142_017\" class=\"sec_charatxt\">Muchos lo consideran el palad\u00edn wyvern m\u00e1s fuerte del ej\u00e9rcito de Biran. Es fiel a Murdock, el l\u00edder de los generales wyvern. Es como un hermano mayor para Zeiss.<\/p>\r\n                <\/section>\r\n            <\/article>\r\n        <\/main>","protected":false},"excerpt":{"rendered":"H\u00e9roes Rayo de \u00e9bano Zeiss Aparece en Fire Emblem: The Binding Blade \u00a1Presentaci\u00f3n de personajes con Sharena! Rayo de \u00e9bano Zeiss Zeiss es un jinete wyvern de Biran, un reino del continente de Elibe. Es el hermano peque\u00f1o de Melady, otra jinete wyvern de Biran. Durante los ataques de Biran a los pa\u00edses vecinos, Zeiss [&hellip;]","protected":false},"author":1,"featured_media":55862,"comment_status":"closed","ping_status":"closed","sticky":false,"template":"","format":"standard","meta":{"advanced_seo_description":"","jetpack_seo_html_title":"","jetpack_seo_noindex":false,"_jetpack_newsletter_access":"","_jetpack_dont_email_post_to_subs":false,"_jetpack_newsletter_tier_id":0,"_jetpack_memberships_contains_paywalled_content":false,"_locale":"es_ES","_original_post":"https:\/\/guide.fire-emblem-heroes.com\/?p=55742","_jetpack_memberships_contains_paid_content":false,"footnotes":"","jetpack_publicize_message":"","jetpack_publicize_feature_enabled":true,"jetpack_social_post_already_shared":false,"jetpack_social_options":{"image_generator_settings":{"template":"highway","default_image_id":0,"font":"","enabled":false},"version":2},"_wpas_customize_per_network":false,"jetpack_post_was_ever_published":false},"categories":[1384,1415,1426,1390],"tags":[1422],"class_list":["post-55748","post","type-post","status-publish","format-standard","has-post-thumbnail","hentry","category-character","category-heroes","category-ex_works_the_binding_blade","category-stay_heroes","tag-heroes-2","es-ES"],"jetpack_publicize_connections":[],"jetpack_featured_media_url":"https:\/\/guide.fire-emblem-heroes.com\/wp-content\/uploads\/zeiss_ebon_bolt.png","jetpack_sharing_enabled":false,"jetpack_shortlink":"https:\/\/wp.me\/pa0Mj3-eva","jetpack_likes_enabled":false,"amp_enabled":false,"_links":{"self":[{"href":"https:\/\/guide.fire-emblem-heroes.com\/wp-json\/wp\/v2\/posts\/55748","targetHints":{"allow":["GET"]}}],"collection":[{"href":"https:\/\/guide.fire-emblem-heroes.com\/wp-json\/wp\/v2\/posts"}],"about":[{"href":"https:\/\/guide.fire-emblem-heroes.com\/wp-json\/wp\/v2\/types\/post"}],"author":[{"embeddable":true,"href":"https:\/\/guide.fire-emblem-heroes.com\/wp-json\/wp\/v2\/users\/1"}],"replies":[{"embeddable":true,"href":"https:\/\/guide.fire-emblem-heroes.com\/wp-json\/wp\/v2\/comments?post=55748"}],"version-history":[{"count":1,"href":"https:\/\/guide.fire-emblem-heroes.com\/wp-json\/wp\/v2\/posts\/55748\/revisions"}],"predecessor-version":[{"id":55756,"href":"https:\/\/guide.fire-emblem-heroes.com\/wp-json\/wp\/v2\/posts\/55748\/revisions\/55756"}],"wp:featuredmedia":[{"embeddable":true,"href":"https:\/\/guide.fire-emblem-heroes.com\/wp-json\/wp\/v2\/media\/55862"}],"wp:attachment":[{"href":"https:\/\/guide.fire-emblem-heroes.com\/wp-json\/wp\/v2\/media?parent=55748"}],"wp:term":[{"taxonomy":"category","embeddable":true,"href":"https:\/\/guide.fire-emblem-heroes.com\/wp-json\/wp\/v2\/categories?post=55748"},{"taxonomy":"post_tag","embeddable":true,"href":"https:\/\/guide.fire-emblem-heroes.com\/wp-json\/wp\/v2\/tags?post=55748"}],"curies":[{"name":"wp","href":"https:\/\/api.w.org\/{rel}","templated":true}]}}