






{"id":56511,"date":"2024-12-11T14:24:49","date_gmt":"2024-12-11T05:24:49","guid":{"rendered":"https:\/\/guide.fire-emblem-heroes.com\/?p=56511"},"modified":"2024-12-26T13:31:45","modified_gmt":"2024-12-26T04:31:45","slug":"00008005001184-2","status":"publish","type":"post","link":"https:\/\/guide.fire-emblem-heroes.com\/es-ES\/00008005001184-2\/","title":{"rendered":"<span class=\"character_nick\">Fuerza bendita<\/span><span class=\"character_name\">Eik\u00feyrnir<\/span>"},"content":{"rendered":"<main id=\"CHARA_1160\" class=\"main_page character\">\r\n            <article>\r\n                <section class=\"sec sec_character\">\r\n                    <ul class=\"sec_ul sec_ul--character slick-box\">\r\n                        <li class=\"sec_li sec_li--character\">\r\n                            <img decoding=\"async\" src=\"https:\/\/guide.fire-emblem-heroes.com\/wp-content\/uploads\/eikthyrnir_blessed_strength_slide01.png\" alt=\"\" \/>\r\n                        <\/li>\r\n                        <li class=\"sec_li sec_li--character\">\r\n                            <img decoding=\"async\" src=\"https:\/\/guide.fire-emblem-heroes.com\/wp-content\/uploads\/eikthyrnir_blessed_strength_slide02.png\" alt=\"\" \/>\r\n                        <\/li>\r\n                        <li class=\"sec_li sec_li--character\">\r\n                            <img decoding=\"async\" src=\"https:\/\/guide.fire-emblem-heroes.com\/wp-content\/uploads\/eikthyrnir_blessed_strength_slide03.png\" alt=\"\" \/>\r\n                        <\/li>\r\n                        <li class=\"sec_li sec_li--character\">\r\n                            <img decoding=\"async\" src=\"https:\/\/guide.fire-emblem-heroes.com\/wp-content\/uploads\/eikthyrnir_blessed_strength_slide04.png\" alt=\"\" \/>\r\n                        <\/li>\r\n                    <\/ul>\r\n                    <div class=\"sec_charainfoarea flex\">\r\n                        <div class=\"sec_gif\"><img loading=\"lazy\" decoding=\"async\" src=\"https:\/\/guide.fire-emblem-heroes.com\/wp-content\/uploads\/eikthyrnir_blessed_strength.png\" alt=\"\" width=\"210\" height=\"190\"\/><\/div>\r\n                        <div class=\"sec_charainfo\">\r\n                            <p id=\"CHARA_1160_002\" class=\"sec_characate sec_characate--special_heroes\">H\u00e9roes especiales<\/p>\r\n                            <p id=\"CHARA_1160_003\" class=\"sec_charanick\">Fuerza bendita<\/p>\r\n                            <p id=\"CHARA_1160_004\" class=\"sec_charaname\">Eik\u00feyrnir<\/p>\r\n                            <p id=\"CHARA_1160_005\" class=\"sec_charaappearancetxt\">Aparece en<\/p>\r\n                            <p id=\"CHARA_1160_006\" class=\"sec_charaappearancetxt\">Fire Emblem Heroes<\/p>\r\n                        <\/div>\r\n                    <\/div>\r\n                <\/section>\r\n            <\/article>\r\n            <article>\r\n                <section class=\"sec sec_characterarea\">\r\n                    <div class=\"sec_h2chara\">\r\n                        <p id=\"CHARA_1160_007\" class=\"sec_h2charattl\">\u00a1Presentaci\u00f3n de personajes con Sharena!<\/p>\r\n                        <h2 id=\"CHARA_1160_008\" class=\"sec_h2charatxt\">Fuerza bendita Eik\u00feyrnir<\/h2>\r\n                    <\/div>\r\n                    <dl class=\"sec_dl flex\">\r\n                        <dt id=\"CHARA_1160_009\" class=\"sec_dt\">En todo festival de invierno de invierno que se precie tiene que haber renos tirando de un trineo, y para eso tenemos aqu\u00ed a un reno de confianza. Un momento, \u00bfese no es Eik\u00feyrnir?<\/dt>\r\n                        <dd class=\"sec_dd\">\r\n                            <a href=\"https:\/\/guide.fire-emblem-heroes.com\/wp-content\/uploads\/eikthyrnir_blessed_strength_pop01.png\" class=\"popup-image\">\r\n                                <img decoding=\"async\" src=\"https:\/\/guide.fire-emblem-heroes.com\/wp-content\/uploads\/eikthyrnir_blessed_strength_info01.png\" alt=\"\" \/>\r\n                            <\/a>\r\n                        <\/dd>\r\n                        <dt id=\"CHARA_1160_010\" class=\"sec_dt\">S\u00ed, Eik\u00feyrnir, de las Manos Sanadoras de Yggdrasill, ha venido al festival de invierno, \u00a1y eso significa que toca vestimenta especial! Se ha puesto un fascinante traje de reno, \u00a1con orejas y astas en la cabeza!<\/dt>\r\n                        <dd class=\"sec_dd\">\r\n                            <a href=\"https:\/\/guide.fire-emblem-heroes.com\/wp-content\/uploads\/eikthyrnir_blessed_strength_pop02.png\" class=\"popup-image\">\r\n                                <img decoding=\"async\" src=\"https:\/\/guide.fire-emblem-heroes.com\/wp-content\/uploads\/eikthyrnir_blessed_strength_info02.png\" alt=\"\" \/>\r\n                            <\/a>\r\n                        <\/dd>\r\n                        <dt id=\"CHARA_1160_011\" class=\"sec_dt\">El trineo tiene pinta de pesar una barbaridad con tantos regalos, pero arrastrar todo ese peso no es nada comparado con lo que suele hacer Eik\u00feyrnir. De hecho, acaba de terminar su rutina de b\u00edceps con sus mancuernas especiales del festival de invierno.<\/dt>\r\n                        <dd class=\"sec_dd\">\r\n                            <a href=\"https:\/\/guide.fire-emblem-heroes.com\/wp-content\/uploads\/eikthyrnir_blessed_strength_pop03.png\" class=\"popup-image\">\r\n                                <img decoding=\"async\" src=\"https:\/\/guide.fire-emblem-heroes.com\/wp-content\/uploads\/eikthyrnir_blessed_strength_info03.png\" alt=\"\" \/>\r\n                            <\/a>\r\n                        <\/dd>\r\n                        <dt id=\"CHARA_1160_012\" class=\"sec_dt\">\u00a1U-un momento! \u00a1Eik\u00feyrnir est\u00e1 subi\u00e9ndose a los tejados para llevar regalos! \u00bfEs&#8230; parte de su rutina de entrenamiento?<\/dt>\r\n                        <dd class=\"sec_dd\">\r\n                            <a href=\"https:\/\/guide.fire-emblem-heroes.com\/wp-content\/uploads\/eikthyrnir_blessed_strength_pop04.png\" class=\"popup-image\">\r\n                                <img decoding=\"async\" src=\"https:\/\/guide.fire-emblem-heroes.com\/wp-content\/uploads\/eikthyrnir_blessed_strength_info04.png\" alt=\"\" \/>\r\n                            <\/a>\r\n                        <\/dd>\r\n                    <\/dl>\r\n                    <h3 id=\"CHARA_1160_013\" class=\"sec_h3charatxt\">Personajes con los que tiene relaci\u00f3n<\/h3>\r\n                    <h4 id=\"CHARA_1160_014\" class=\"sec_h4charatxt\">Ratatoskr<\/h4>\r\n                    <p id=\"CHARA_1160_015\" class=\"sec_charatxt\">Es la hermana peque\u00f1a de Eik\u00feyrnir. Miembro de las Manos Sanadoras de Yggdrasill que tiende a verse abrumada cuando tiene muchas cosas que hacer. Ha recorrido los nueve reinos atendiendo a los enfermos.<\/p>\r\n                    <h4 id=\"CHARA_1160_016\" class=\"sec_h4charatxt\">L\u00e6ra\u00f0r<\/h4>\r\n                    <p id=\"CHARA_1160_017\" class=\"sec_charatxt\">Padre de Eik\u00feyrnir. Naci\u00f3 de Yggdrasill y se puede considerar el alter ego del \u00e1rbol de la vida.<\/p>\r\n                <\/section>\r\n            <\/article>\r\n        <\/main>","protected":false},"excerpt":{"rendered":"H\u00e9roes especiales Fuerza bendita Eik\u00feyrnir Aparece en Fire Emblem Heroes \u00a1Presentaci\u00f3n de personajes con Sharena! Fuerza bendita Eik\u00feyrnir En todo festival de invierno de invierno que se precie tiene que haber renos tirando de un trineo, y para eso tenemos aqu\u00ed a un reno de confianza. Un momento, \u00bfese no es Eik\u00feyrnir? S\u00ed, Eik\u00feyrnir, de [&hellip;]","protected":false},"author":1,"featured_media":56538,"comment_status":"closed","ping_status":"closed","sticky":false,"template":"","format":"standard","meta":{"advanced_seo_description":"","jetpack_seo_html_title":"","jetpack_seo_noindex":false,"_jetpack_newsletter_access":"","_jetpack_dont_email_post_to_subs":false,"_jetpack_newsletter_tier_id":0,"_jetpack_memberships_contains_paywalled_content":false,"_locale":"es_ES","_original_post":"https:\/\/guide.fire-emblem-heroes.com\/?p=56505","_jetpack_memberships_contains_paid_content":false,"footnotes":"","jetpack_publicize_message":"","jetpack_publicize_feature_enabled":true,"jetpack_social_post_already_shared":false,"jetpack_social_options":{"image_generator_settings":{"template":"highway","default_image_id":0,"font":"","enabled":false},"version":2},"_wpas_customize_per_network":false,"jetpack_post_was_ever_published":false},"categories":[1384,1423,1405,1390],"tags":[1409],"class_list":["post-56511","post","type-post","status-publish","format-standard","has-post-thumbnail","hentry","category-character","category-ex_works_heroes","category-special_heroes","category-stay_heroes","tag-heroes-especiales","es-ES"],"jetpack_publicize_connections":[],"jetpack_featured_media_url":"https:\/\/guide.fire-emblem-heroes.com\/wp-content\/uploads\/eikthyrnir_blessed_strength.png","jetpack_sharing_enabled":false,"jetpack_shortlink":"https:\/\/wp.me\/pa0Mj3-eHt","jetpack_likes_enabled":false,"amp_enabled":false,"_links":{"self":[{"href":"https:\/\/guide.fire-emblem-heroes.com\/wp-json\/wp\/v2\/posts\/56511","targetHints":{"allow":["GET"]}}],"collection":[{"href":"https:\/\/guide.fire-emblem-heroes.com\/wp-json\/wp\/v2\/posts"}],"about":[{"href":"https:\/\/guide.fire-emblem-heroes.com\/wp-json\/wp\/v2\/types\/post"}],"author":[{"embeddable":true,"href":"https:\/\/guide.fire-emblem-heroes.com\/wp-json\/wp\/v2\/users\/1"}],"replies":[{"embeddable":true,"href":"https:\/\/guide.fire-emblem-heroes.com\/wp-json\/wp\/v2\/comments?post=56511"}],"version-history":[{"count":1,"href":"https:\/\/guide.fire-emblem-heroes.com\/wp-json\/wp\/v2\/posts\/56511\/revisions"}],"predecessor-version":[{"id":56524,"href":"https:\/\/guide.fire-emblem-heroes.com\/wp-json\/wp\/v2\/posts\/56511\/revisions\/56524"}],"wp:featuredmedia":[{"embeddable":true,"href":"https:\/\/guide.fire-emblem-heroes.com\/wp-json\/wp\/v2\/media\/56538"}],"wp:attachment":[{"href":"https:\/\/guide.fire-emblem-heroes.com\/wp-json\/wp\/v2\/media?parent=56511"}],"wp:term":[{"taxonomy":"category","embeddable":true,"href":"https:\/\/guide.fire-emblem-heroes.com\/wp-json\/wp\/v2\/categories?post=56511"},{"taxonomy":"post_tag","embeddable":true,"href":"https:\/\/guide.fire-emblem-heroes.com\/wp-json\/wp\/v2\/tags?post=56511"}],"curies":[{"name":"wp","href":"https:\/\/api.w.org\/{rel}","templated":true}]}}