






{"id":58616,"date":"2025-03-14T12:13:54","date_gmt":"2025-03-14T03:13:54","guid":{"rendered":"https:\/\/guide.fire-emblem-heroes.com\/?p=58616"},"modified":"2025-04-09T14:36:09","modified_gmt":"2025-04-09T05:36:09","slug":"02001001001219-2","status":"publish","type":"post","link":"https:\/\/guide.fire-emblem-heroes.com\/es-ES\/02001001001219-2\/","title":{"rendered":"<span class=\"character_nick\">Arrojo poderoso<\/span><span class=\"character_name\">Alm<\/span>"},"content":{"rendered":"<main id=\"CHARA_1207\" class=\"main_page character\">\r\n            <article>\r\n                <section class=\"sec sec_character\">\r\n                    <ul class=\"sec_ul sec_ul--character slick-box\">\r\n                        <li class=\"sec_li sec_li--character\">\r\n                            <img decoding=\"async\" src=\"https:\/\/guide.fire-emblem-heroes.com\/wp-content\/uploads\/arum_powerful_resolve_slide01.png\" alt=\"\" \/>\r\n                        <\/li>\r\n                        <li class=\"sec_li sec_li--character\">\r\n                            <img decoding=\"async\" src=\"https:\/\/guide.fire-emblem-heroes.com\/wp-content\/uploads\/arum_powerful_resolve_slide02.png\" alt=\"\" \/>\r\n                        <\/li>\r\n                        <li class=\"sec_li sec_li--character\">\r\n                            <img decoding=\"async\" src=\"https:\/\/guide.fire-emblem-heroes.com\/wp-content\/uploads\/arum_powerful_resolve_slide03.png\" alt=\"\" \/>\r\n                        <\/li>\r\n                        <li class=\"sec_li sec_li--character\">\r\n                            <img decoding=\"async\" src=\"https:\/\/guide.fire-emblem-heroes.com\/wp-content\/uploads\/arum_powerful_resolve_slide04.png\" alt=\"\" \/>\r\n                        <\/li>\r\n                    <\/ul>\r\n                    <div class=\"sec_charainfoarea flex\">\r\n                        <div class=\"sec_gif\"><img loading=\"lazy\" decoding=\"async\" src=\"https:\/\/guide.fire-emblem-heroes.com\/wp-content\/uploads\/arum_powerful_resolve.png\" alt=\"\" width=\"210\" height=\"190\"\/><\/div>\r\n                        <div class=\"sec_charainfo\">\r\n                            <p id=\"CHARA_1207_002\" class=\"sec_characate sec_characate--attuned_heroes\">H\u00e9roes afines<\/p>\r\n                            <p id=\"CHARA_1207_003\" class=\"sec_charanick\">Arrojo poderoso<\/p>\r\n                            <p id=\"CHARA_1207_004\" class=\"sec_charaname\">Alm<\/p>\r\n                            <p id=\"CHARA_1207_005\" class=\"sec_charaappearancetxt\">Aparece en<\/p>\r\n                            <p id=\"CHARA_1207_006\" class=\"sec_charaappearancetxt\">Fire Emblem Echoes: Shadows of Valentia<\/p>\r\n                        <\/div>\r\n                    <\/div>\r\n                <\/section>\r\n            <\/article>\r\n            <article>\r\n                <section class=\"sec sec_characterarea\">\r\n                    <div class=\"sec_h2chara\">\r\n                        <p id=\"CHARA_1207_007\" class=\"sec_h2charattl\">\u00a1Presentaci\u00f3n de personajes con Sharena!<\/p>\r\n                        <h2 id=\"CHARA_1207_008\" class=\"sec_h2charatxt\">Arrojo poderoso Alm<\/h2>\r\n                    <\/div>\r\n                    <dl class=\"sec_dl flex\">\r\n                        <dt id=\"CHARA_1207_009\" class=\"sec_dt\">Alm ha estado luchando para salvar el continente de Valentia. \u00a1Su fuerza ha crecido a la par que se ha estrechado su v\u00ednculo con Celica, la princesa de Zofia!<\/dt>\r\n                        <dd class=\"sec_dd\">\r\n                            <a href=\"https:\/\/guide.fire-emblem-heroes.com\/wp-content\/uploads\/arum_powerful_resolve_pop01.png\" class=\"popup-image\">\r\n                                <img decoding=\"async\" src=\"https:\/\/guide.fire-emblem-heroes.com\/wp-content\/uploads\/arum_powerful_resolve_info01.png\" alt=\"\" \/>\r\n                            <\/a>\r\n                        <\/dd>\r\n                        <dt id=\"CHARA_1207_010\" class=\"sec_dt\">Se ha enfundado su nuevo atuendo, con una espectacular capa. \u00a1Ver\u00e1s que lleva el emblema de Zofia en el escudo y en el carcaj que lleva a la espalda!<\/dt>\r\n                        <dd class=\"sec_dd\">\r\n                            <a href=\"https:\/\/guide.fire-emblem-heroes.com\/wp-content\/uploads\/arum_powerful_resolve_pop02.png\" class=\"popup-image\">\r\n                                <img decoding=\"async\" src=\"https:\/\/guide.fire-emblem-heroes.com\/wp-content\/uploads\/arum_powerful_resolve_info02.png\" alt=\"\" \/>\r\n                            <\/a>\r\n                        <\/dd>\r\n                        <dt id=\"CHARA_1207_011\" class=\"sec_dt\">\u00a1El arco est\u00e1 dise\u00f1ado a semejanza de Honor de Zofia, la espada que blande Celica!<\/dt>\r\n                        <dd class=\"sec_dd\">\r\n                            <a href=\"https:\/\/guide.fire-emblem-heroes.com\/wp-content\/uploads\/arum_powerful_resolve_pop03.png\" class=\"popup-image\">\r\n                                <img decoding=\"async\" src=\"https:\/\/guide.fire-emblem-heroes.com\/wp-content\/uploads\/arum_powerful_resolve_info03.png\" alt=\"\" \/>\r\n                            <\/a>\r\n                        <\/dd>\r\n                        <dt id=\"CHARA_1207_012\" class=\"sec_dt\">El traje de Alm dice mucho sobre la fuerza de su v\u00ednculo con Celica. \u00a1No dudo de que podremos contar con que los dos juntos traigan la paz a Valentia!<\/dt>\r\n                        <dd class=\"sec_dd\">\r\n                            <a href=\"https:\/\/guide.fire-emblem-heroes.com\/wp-content\/uploads\/arum_powerful_resolve_pop04.png\" class=\"popup-image\">\r\n                                <img decoding=\"async\" src=\"https:\/\/guide.fire-emblem-heroes.com\/wp-content\/uploads\/arum_powerful_resolve_info04.png\" alt=\"\" \/>\r\n                            <\/a>\r\n                        <\/dd>\r\n                    <\/dl>\r\n                    <h3 id=\"CHARA_1207_013\" class=\"sec_h3charatxt\">Personajes con los que tiene relaci\u00f3n<\/h3>\r\n                    <h4 id=\"CHARA_1207_014\" class=\"sec_h4charatxt\">Celica<\/h4>\r\n                    <p id=\"CHARA_1207_015\" class=\"sec_charatxt\">Princesa de Zofia educada como sacerdotisa. Es una joven amable que aborrece la lucha. Lleva la Marca de Mila en la mano derecha, mientras que Alm lleva la marca de Duma en la mano izquierda.<\/p>\r\n                    <h4 id=\"CHARA_1207_016\" class=\"sec_h4charatxt\">Mycen<\/h4>\r\n                    <p id=\"CHARA_1207_017\" class=\"sec_charatxt\">H\u00e9roe que pas\u00f3 de soldado a caballero y acab\u00f3 convirti\u00e9ndose en conde. Ya retirado, vive en Villamard\u00e1n con su nieto, Alm.<\/p>\r\n                <\/section>\r\n            <\/article>\r\n        <\/main>","protected":false},"excerpt":{"rendered":"H\u00e9roes afines Arrojo poderoso Alm Aparece en Fire Emblem Echoes: Shadows of Valentia \u00a1Presentaci\u00f3n de personajes con Sharena! Arrojo poderoso Alm Alm ha estado luchando para salvar el continente de Valentia. \u00a1Su fuerza ha crecido a la par que se ha estrechado su v\u00ednculo con Celica, la princesa de Zofia! Se ha enfundado su nuevo [&hellip;]","protected":false},"author":1,"featured_media":58727,"comment_status":"closed","ping_status":"closed","sticky":false,"template":"","format":"standard","meta":{"advanced_seo_description":"","jetpack_seo_html_title":"","jetpack_seo_noindex":false,"_jetpack_newsletter_access":"","_jetpack_dont_email_post_to_subs":false,"_jetpack_newsletter_tier_id":0,"_jetpack_memberships_contains_paywalled_content":false,"_locale":"es_ES","_original_post":"https:\/\/guide.fire-emblem-heroes.com\/?p=58610","_jetpack_memberships_contains_paid_content":false,"footnotes":"","jetpack_publicize_message":"","jetpack_publicize_feature_enabled":true,"jetpack_social_post_already_shared":false,"jetpack_social_options":{"image_generator_settings":{"template":"highway","default_image_id":0,"font":"","enabled":false},"version":2},"_wpas_customize_per_network":false,"jetpack_post_was_ever_published":false},"categories":[1384,1425,1523,1390],"tags":[1520],"class_list":["post-58616","post","type-post","status-publish","format-standard","has-post-thumbnail","hentry","category-character","category-ex_works_shadows_of_valentia","category-attuned_heroes","category-stay_heroes","tag-heroes-afines","es-ES"],"jetpack_publicize_connections":[],"jetpack_featured_media_url":"https:\/\/guide.fire-emblem-heroes.com\/wp-content\/uploads\/arum_powerful_resolve.png","jetpack_sharing_enabled":false,"jetpack_shortlink":"https:\/\/wp.me\/pa0Mj3-ffq","jetpack_likes_enabled":false,"amp_enabled":false,"_links":{"self":[{"href":"https:\/\/guide.fire-emblem-heroes.com\/wp-json\/wp\/v2\/posts\/58616","targetHints":{"allow":["GET"]}}],"collection":[{"href":"https:\/\/guide.fire-emblem-heroes.com\/wp-json\/wp\/v2\/posts"}],"about":[{"href":"https:\/\/guide.fire-emblem-heroes.com\/wp-json\/wp\/v2\/types\/post"}],"author":[{"embeddable":true,"href":"https:\/\/guide.fire-emblem-heroes.com\/wp-json\/wp\/v2\/users\/1"}],"replies":[{"embeddable":true,"href":"https:\/\/guide.fire-emblem-heroes.com\/wp-json\/wp\/v2\/comments?post=58616"}],"version-history":[{"count":1,"href":"https:\/\/guide.fire-emblem-heroes.com\/wp-json\/wp\/v2\/posts\/58616\/revisions"}],"predecessor-version":[{"id":58628,"href":"https:\/\/guide.fire-emblem-heroes.com\/wp-json\/wp\/v2\/posts\/58616\/revisions\/58628"}],"wp:featuredmedia":[{"embeddable":true,"href":"https:\/\/guide.fire-emblem-heroes.com\/wp-json\/wp\/v2\/media\/58727"}],"wp:attachment":[{"href":"https:\/\/guide.fire-emblem-heroes.com\/wp-json\/wp\/v2\/media?parent=58616"}],"wp:term":[{"taxonomy":"category","embeddable":true,"href":"https:\/\/guide.fire-emblem-heroes.com\/wp-json\/wp\/v2\/categories?post=58616"},{"taxonomy":"post_tag","embeddable":true,"href":"https:\/\/guide.fire-emblem-heroes.com\/wp-json\/wp\/v2\/tags?post=58616"}],"curies":[{"name":"wp","href":"https:\/\/api.w.org\/{rel}","templated":true}]}}