






{"id":58830,"date":"2025-03-26T13:26:45","date_gmt":"2025-03-26T04:26:45","guid":{"rendered":"https:\/\/guide.fire-emblem-heroes.com\/?p=58830"},"modified":"2025-04-15T16:29:38","modified_gmt":"2025-04-15T07:29:38","slug":"07001001001224-2","status":"publish","type":"post","link":"https:\/\/guide.fire-emblem-heroes.com\/es-ES\/07001001001224-2\/","title":{"rendered":"<span class=\"character_nick\">De lo Sagrado<\/span><span class=\"character_name\">Eirika<\/span>"},"content":{"rendered":"<main id=\"CHARA_1212\" class=\"main_page character\">\r\n            <article>\r\n                <section class=\"sec sec_character\">\r\n                    <ul class=\"sec_ul sec_ul--character slick-box\">\r\n                        <li class=\"sec_li sec_li--character\">\r\n                            <img decoding=\"async\" src=\"https:\/\/guide.fire-emblem-heroes.com\/wp-content\/uploads\/eirik_of_the_sacred_slide01.png\" alt=\"\" \/>\r\n                        <\/li>\r\n                        <li class=\"sec_li sec_li--character\">\r\n                            <img decoding=\"async\" src=\"https:\/\/guide.fire-emblem-heroes.com\/wp-content\/uploads\/eirik_of_the_sacred_slide02.png\" alt=\"\" \/>\r\n                        <\/li>\r\n                        <li class=\"sec_li sec_li--character\">\r\n                            <img decoding=\"async\" src=\"https:\/\/guide.fire-emblem-heroes.com\/wp-content\/uploads\/eirik_of_the_sacred_slide03.png\" alt=\"\" \/>\r\n                        <\/li>\r\n                        <li class=\"sec_li sec_li--character\">\r\n                            <img decoding=\"async\" src=\"https:\/\/guide.fire-emblem-heroes.com\/wp-content\/uploads\/eirik_of_the_sacred_slide04.png\" alt=\"\" \/>\r\n                        <\/li>\r\n                    <\/ul>\r\n                    <div class=\"sec_charainfoarea flex\">\r\n                        <div class=\"sec_gif\"><img loading=\"lazy\" decoding=\"async\" src=\"https:\/\/guide.fire-emblem-heroes.com\/wp-content\/uploads\/eirik_of_the_sacred.png\" alt=\"\" width=\"210\" height=\"190\"\/><\/div>\r\n                        <div class=\"sec_charainfo\">\r\n                            <p id=\"CHARA_1212_002\" class=\"sec_characate sec_characate--emblem_heroes\">H\u00e9roes Emblema<\/p>\r\n                            <p id=\"CHARA_1212_003\" class=\"sec_charanick\">De lo Sagrado<\/p>\r\n                            <p id=\"CHARA_1212_004\" class=\"sec_charaname\">Eirika<\/p>\r\n                            <p id=\"CHARA_1212_005\" class=\"sec_charaappearancetxt\">Aparece en<\/p>\r\n                            <p id=\"CHARA_1212_006\" class=\"sec_charaappearancetxt\">Fire Emblem: The Sacred Stones<br \/>Fire Emblem Engage<\/p>\r\n                        <\/div>\r\n                    <\/div>\r\n                <\/section>\r\n            <\/article>\r\n            <article>\r\n                <section class=\"sec sec_characterarea\">\r\n                    <div class=\"sec_h2chara\">\r\n                        <p id=\"CHARA_1212_007\" class=\"sec_h2charattl\">\u00a1Presentaci\u00f3n de personajes con Sharena!<\/p>\r\n                        <h2 id=\"CHARA_1212_008\" class=\"sec_h2charatxt\">De lo Sagrado Eirika<\/h2>\r\n                    <\/div>\r\n                    <dl class=\"sec_dl flex\">\r\n                        <dt id=\"CHARA_1212_009\" class=\"sec_dt\">El Anillo de los Mellizos Azures es un objeto muy antiguo del continente de Elyos dentro del cual mora uno de los Emblemas que lo protegen: Eirika, Emblema de lo Sagrado.<\/dt>\r\n                        <dd class=\"sec_dd\">\r\n                            <a href=\"https:\/\/guide.fire-emblem-heroes.com\/wp-content\/uploads\/eirik_of_the_sacred_pop01.png\" class=\"popup-image\">\r\n                                <img decoding=\"async\" src=\"https:\/\/guide.fire-emblem-heroes.com\/wp-content\/uploads\/eirik_of_the_sacred_info01.png\" alt=\"\" \/>\r\n                            <\/a>\r\n                        <\/dd>\r\n                        <dt id=\"CHARA_1212_010\" class=\"sec_dt\">Eirika luch\u00f3 junto a su hermano, Ephraim, para derrotar a Fomortiis, el Rey Demonio, que amenazaba con destruir su hogar, el continente de Magvel.<\/dt>\r\n                        <dd class=\"sec_dd\">\r\n                            <a href=\"https:\/\/guide.fire-emblem-heroes.com\/wp-content\/uploads\/eirik_of_the_sacred_pop02.png\" class=\"popup-image\">\r\n                                <img decoding=\"async\" src=\"https:\/\/guide.fire-emblem-heroes.com\/wp-content\/uploads\/eirik_of_the_sacred_info02.png\" alt=\"\" \/>\r\n                            <\/a>\r\n                        <\/dd>\r\n                        <dt id=\"CHARA_1212_011\" class=\"sec_dt\">Resulta que el Anillo de los Mellizos Azures no solo alberga el Emblema de Eirika, sino tambi\u00e9n el de Ephraim, \u00a1as\u00ed que los dos juntos son el Emblema de lo Sagrado!<\/dt>\r\n                        <dd class=\"sec_dd\">\r\n                            <a href=\"https:\/\/guide.fire-emblem-heroes.com\/wp-content\/uploads\/eirik_of_the_sacred_pop03.png\" class=\"popup-image\">\r\n                                <img decoding=\"async\" src=\"https:\/\/guide.fire-emblem-heroes.com\/wp-content\/uploads\/eirik_of_the_sacred_info03.png\" alt=\"\" \/>\r\n                            <\/a>\r\n                        <\/dd>\r\n                        <dt id=\"CHARA_1212_012\" class=\"sec_dt\">La devoci\u00f3n que Eirika siente por la paz, su elegancia con la espada y su v\u00ednculo con Ephraim la ayudaron a salvar Magvel. \u00a1Ahora espero que ayude a los Guardianes de Askr a seguir adelante!<\/dt>\r\n                        <dd class=\"sec_dd\">\r\n                            <a href=\"https:\/\/guide.fire-emblem-heroes.com\/wp-content\/uploads\/eirik_of_the_sacred_pop04.png\" class=\"popup-image\">\r\n                                <img decoding=\"async\" src=\"https:\/\/guide.fire-emblem-heroes.com\/wp-content\/uploads\/eirik_of_the_sacred_info04.png\" alt=\"\" \/>\r\n                            <\/a>\r\n                        <\/dd>\r\n                    <\/dl>\r\n                    <h3 id=\"CHARA_1212_013\" class=\"sec_h3charatxt\">Personajes con los que tiene relaci\u00f3n<\/h3>\r\n                    <h4 id=\"CHARA_1212_014\" class=\"sec_h4charatxt\">Alear<\/h4>\r\n                    <p id=\"CHARA_1212_015\" class=\"sec_charatxt\">Descendiente del Drag\u00f3n Divino que acaba de despertar. Invoca a Eirika, Ephraim y a otros Emblemas para salvar al mundo.<\/p>\r\n                    <h4 id=\"CHARA_1212_016\" class=\"sec_h4charatxt\">Lumera<\/h4>\r\n                    <p id=\"CHARA_1212_017\" class=\"sec_charatxt\">Drag\u00f3n Divino y se\u00f1ora de la Tierra Sagrada de Lythos. Es la madre de Alear y la hero\u00edna que salv\u00f3 todo Elyos con la ayuda de Eirika, Ephraim y los otros Emblemas.<\/p>\r\n                    <h4 id=\"CHARA_1212_018\" class=\"sec_h4charatxt\">Rosado<\/h4>\r\n                    <p id=\"CHARA_1212_019\" class=\"sec_charatxt\">Soldado del castillo real de Elusia y vasallo de Hortensia. Un pintor con mucho talento y a\u00fan m\u00e1s estilo. \u00c9l y Goldmary tratan de robar el anillo que contiene a Eirika y Ephraim.<\/p>\r\n                    <h4 id=\"CHARA_1212_020\" class=\"sec_h4charatxt\">Goldmary<\/h4>\r\n                    <p id=\"CHARA_1212_021\" class=\"sec_charatxt\">Vasalla de la princesa Hortensia. A pesar de su aspecto t\u00edmido, en realidad es bastante engre\u00edda. Ella y Rosado tratan de robar el anillo que contiene a Eirika y Ephraim.<\/p>\r\n                <\/section>\r\n            <\/article>\r\n        <\/main>","protected":false},"excerpt":{"rendered":"H\u00e9roes Emblema De lo Sagrado Eirika Aparece en Fire Emblem: The Sacred StonesFire Emblem Engage \u00a1Presentaci\u00f3n de personajes con Sharena! De lo Sagrado Eirika El Anillo de los Mellizos Azures es un objeto muy antiguo del continente de Elyos dentro del cual mora uno de los Emblemas que lo protegen: Eirika, Emblema de lo Sagrado. [&hellip;]","protected":false},"author":1,"featured_media":58969,"comment_status":"closed","ping_status":"closed","sticky":false,"template":"","format":"standard","meta":{"advanced_seo_description":"","jetpack_seo_html_title":"","jetpack_seo_noindex":false,"_jetpack_newsletter_access":"","_jetpack_dont_email_post_to_subs":false,"_jetpack_newsletter_tier_id":0,"_jetpack_memberships_contains_paywalled_content":false,"_locale":"es_ES","_original_post":"https:\/\/guide.fire-emblem-heroes.com\/?p=58824","_jetpack_memberships_contains_paid_content":false,"footnotes":"","jetpack_publicize_message":"","jetpack_publicize_feature_enabled":true,"jetpack_social_post_already_shared":false,"jetpack_social_options":{"image_generator_settings":{"template":"highway","default_image_id":0,"font":"","enabled":false},"version":2},"_wpas_customize_per_network":false,"jetpack_post_was_ever_published":false},"categories":[1512,1384,1527,1428,1390],"tags":[1530],"class_list":["post-58830","post","type-post","status-publish","format-standard","has-post-thumbnail","hentry","category-ex_works_engage","category-character","category-emblem_heroes","category-ex_works_the_sacred_stones","category-stay_heroes","tag-heroes-emblema","es-ES"],"jetpack_publicize_connections":[],"jetpack_featured_media_url":"https:\/\/guide.fire-emblem-heroes.com\/wp-content\/uploads\/eirik_of_the_sacred.png","jetpack_sharing_enabled":false,"jetpack_shortlink":"https:\/\/wp.me\/pa0Mj3-fiS","jetpack_likes_enabled":false,"amp_enabled":false,"_links":{"self":[{"href":"https:\/\/guide.fire-emblem-heroes.com\/wp-json\/wp\/v2\/posts\/58830","targetHints":{"allow":["GET"]}}],"collection":[{"href":"https:\/\/guide.fire-emblem-heroes.com\/wp-json\/wp\/v2\/posts"}],"about":[{"href":"https:\/\/guide.fire-emblem-heroes.com\/wp-json\/wp\/v2\/types\/post"}],"author":[{"embeddable":true,"href":"https:\/\/guide.fire-emblem-heroes.com\/wp-json\/wp\/v2\/users\/1"}],"replies":[{"embeddable":true,"href":"https:\/\/guide.fire-emblem-heroes.com\/wp-json\/wp\/v2\/comments?post=58830"}],"version-history":[{"count":1,"href":"https:\/\/guide.fire-emblem-heroes.com\/wp-json\/wp\/v2\/posts\/58830\/revisions"}],"predecessor-version":[{"id":58842,"href":"https:\/\/guide.fire-emblem-heroes.com\/wp-json\/wp\/v2\/posts\/58830\/revisions\/58842"}],"wp:featuredmedia":[{"embeddable":true,"href":"https:\/\/guide.fire-emblem-heroes.com\/wp-json\/wp\/v2\/media\/58969"}],"wp:attachment":[{"href":"https:\/\/guide.fire-emblem-heroes.com\/wp-json\/wp\/v2\/media?parent=58830"}],"wp:term":[{"taxonomy":"category","embeddable":true,"href":"https:\/\/guide.fire-emblem-heroes.com\/wp-json\/wp\/v2\/categories?post=58830"},{"taxonomy":"post_tag","embeddable":true,"href":"https:\/\/guide.fire-emblem-heroes.com\/wp-json\/wp\/v2\/tags?post=58830"}],"curies":[{"name":"wp","href":"https:\/\/api.w.org\/{rel}","templated":true}]}}