






{"id":58872,"date":"2025-03-26T13:45:08","date_gmt":"2025-03-26T04:45:08","guid":{"rendered":"https:\/\/guide.fire-emblem-heroes.com\/?p=58872"},"modified":"2025-11-04T13:47:31","modified_gmt":"2025-11-04T04:47:31","slug":"11001003000176-2","status":"publish","type":"post","link":"https:\/\/guide.fire-emblem-heroes.com\/es-ES\/11001003000176-2\/","title":{"rendered":"<span class=\"character_nick\">Se\u00f1ora musical<\/span><span class=\"character_name\">Azura<\/span>"},"content":{"rendered":"<main id=\"CHARA_1214\" class=\"main_page character\">\r\n            <article>\r\n                <section class=\"sec sec_character\">\r\n                    <ul class=\"sec_ul sec_ul--character slick-box\">\r\n                        <li class=\"sec_li sec_li--character\">\r\n                            <img decoding=\"async\" src=\"https:\/\/guide.fire-emblem-heroes.com\/wp-content\/uploads\/aqua_lady_of_ballads_slide01.png\" alt=\"\" \/>\r\n                        <\/li>\r\n                        <li class=\"sec_li sec_li--character\">\r\n                            <img decoding=\"async\" src=\"https:\/\/guide.fire-emblem-heroes.com\/wp-content\/uploads\/aqua_lady_of_ballads_slide02.png\" alt=\"\" \/>\r\n                        <\/li>\r\n                        <li class=\"sec_li sec_li--character\">\r\n                            <img decoding=\"async\" src=\"https:\/\/guide.fire-emblem-heroes.com\/wp-content\/uploads\/aqua_lady_of_ballads_slide03.png\" alt=\"\" \/>\r\n                        <\/li>\r\n                        <li class=\"sec_li sec_li--character\">\r\n                            <img decoding=\"async\" src=\"https:\/\/guide.fire-emblem-heroes.com\/wp-content\/uploads\/aqua_lady_of_ballads_slide04.png\" alt=\"\" \/>\r\n                        <\/li>\r\n                    <\/ul>\r\n                    <div class=\"sec_charainfoarea flex\">\r\n                        <div class=\"sec_gif\"><img loading=\"lazy\" decoding=\"async\" src=\"https:\/\/guide.fire-emblem-heroes.com\/wp-content\/uploads\/aqua_lady_of_ballads.png\" alt=\"\" width=\"210\" height=\"190\"\/><\/div>\r\n                        <div class=\"sec_charainfo\">\r\n                            <p id=\"CHARA_1214_002\" class=\"sec_characate sec_characate--special_heroes\">H\u00e9roes especiales<\/p>\r\n                            <p id=\"CHARA_1214_003\" class=\"sec_charanick\">Se\u00f1ora musical<\/p>\r\n                            <p id=\"CHARA_1214_004\" class=\"sec_charaname\">Azura<\/p>\r\n                            <p id=\"CHARA_1214_005\" class=\"sec_charaappearancetxt\">Aparece en<\/p>\r\n                            <p id=\"CHARA_1214_006\" class=\"sec_charaappearancetxt\">Fire Emblem Fates<\/p>\r\n                        <\/div>\r\n                    <\/div>\r\n                <\/section>\r\n            <\/article>\r\n            <article>\r\n                <section class=\"sec sec_characterarea\">\r\n                    <div class=\"sec_h2chara\">\r\n                        <p id=\"CHARA_1214_007\" class=\"sec_h2charattl\">\u00a1Presentaci\u00f3n de personajes con Sharena!<\/p>\r\n                        <h2 id=\"CHARA_1214_008\" class=\"sec_h2charatxt\">Se\u00f1ora musical Azura<\/h2>\r\n                    <\/div>\r\n                    <dl class=\"sec_dl flex\">\r\n                        <dt id=\"CHARA_1214_009\" class=\"sec_dt\">Azura pertenece a la familia real de Nohr, pero acab\u00f3 siendo princesa de Hoshido. \u00a1Hoy ha venido a participar en el festival de artes esc\u00e9nicas con un traje especial!<\/dt>\r\n                        <dd class=\"sec_dd\">\r\n                            <a href=\"https:\/\/guide.fire-emblem-heroes.com\/wp-content\/uploads\/aqua_lady_of_ballads_pop01.png\" class=\"popup-image\">\r\n                                <img decoding=\"async\" src=\"https:\/\/guide.fire-emblem-heroes.com\/wp-content\/uploads\/aqua_lady_of_ballads_info01.png\" alt=\"\" \/>\r\n                            <\/a>\r\n                        <\/dd>\r\n                        <dt id=\"CHARA_1214_010\" class=\"sec_dt\">Estamos acostumbrados a verla vestida de blanco, pero para este festival ha optado por colores oscuros. \u00a1Qu\u00e9 misteriosa est\u00e1 con el velo que le tapa la cara!<\/dt>\r\n                        <dd class=\"sec_dd\">\r\n                            <a href=\"https:\/\/guide.fire-emblem-heroes.com\/wp-content\/uploads\/aqua_lady_of_ballads_pop02.png\" class=\"popup-image\">\r\n                                <img decoding=\"async\" src=\"https:\/\/guide.fire-emblem-heroes.com\/wp-content\/uploads\/aqua_lady_of_ballads_info02.png\" alt=\"\" \/>\r\n                            <\/a>\r\n                        <\/dd>\r\n                        <dt id=\"CHARA_1214_011\" class=\"sec_dt\">Tambi\u00e9n lleva un hacha larga casi tan grande como ella. \u00a1Cuando golpea a sus rivales, lanza una cascada de agua!<\/dt>\r\n                        <dd class=\"sec_dd\">\r\n                            <a href=\"https:\/\/guide.fire-emblem-heroes.com\/wp-content\/uploads\/aqua_lady_of_ballads_pop03.png\" class=\"popup-image\">\r\n                                <img decoding=\"async\" src=\"https:\/\/guide.fire-emblem-heroes.com\/wp-content\/uploads\/aqua_lady_of_ballads_info03.png\" alt=\"\" \/>\r\n                            <\/a>\r\n                        <\/dd>\r\n                        <dt id=\"CHARA_1214_012\" class=\"sec_dt\">El bello canto de Azura ha salvado a muchos de sus aliados. \u00a1Estoy deseando o\u00edrla cantar en el festival!<\/dt>\r\n                        <dd class=\"sec_dd\">\r\n                            <a href=\"https:\/\/guide.fire-emblem-heroes.com\/wp-content\/uploads\/aqua_lady_of_ballads_pop04.png\" class=\"popup-image\">\r\n                                <img decoding=\"async\" src=\"https:\/\/guide.fire-emblem-heroes.com\/wp-content\/uploads\/aqua_lady_of_ballads_info04.png\" alt=\"\" \/>\r\n                            <\/a>\r\n                        <\/dd>\r\n                    <\/dl>\r\n                    <h3 id=\"CHARA_1214_013\" class=\"sec_h3charatxt\">Personajes con los que tiene relaci\u00f3n<\/h3>\r\n                    <h4 id=\"CHARA_1214_014\" class=\"sec_h4charatxt\">Corrin<\/h4>\r\n                    <p id=\"CHARA_1214_015\" class=\"sec_charatxt\">Joven perteneciente a la familia real. Naci\u00f3 en Hoshido, pero se crio en Nohr y acab\u00f3 teniendo que elegir un bando. Empu\u00f1a la espada sagrada Yato. La infancia de Corrin fue muy similar a la de Azura.<\/p>\r\n                    <h4 id=\"CHARA_1214_016\" class=\"sec_h4charatxt\">Shigure<\/h4>\r\n                    <p id=\"CHARA_1214_017\" class=\"sec_charatxt\">Hijo de Azura. Un artista de buen coraz\u00f3n y una desarrollada sensibilidad con una voz capaz de opacar a la de su madre.<\/p>\r\n                <\/section>\r\n            <\/article>\r\n        <\/main>","protected":false},"excerpt":{"rendered":"H\u00e9roes especiales Se\u00f1ora musical Azura Aparece en Fire Emblem Fates \u00a1Presentaci\u00f3n de personajes con Sharena! Se\u00f1ora musical Azura Azura pertenece a la familia real de Nohr, pero acab\u00f3 siendo princesa de Hoshido. \u00a1Hoy ha venido a participar en el festival de artes esc\u00e9nicas con un traje especial! Estamos acostumbrados a verla vestida de blanco, pero [&hellip;]","protected":false},"author":1,"featured_media":58943,"comment_status":"closed","ping_status":"closed","sticky":false,"template":"","format":"standard","meta":{"advanced_seo_description":"","jetpack_seo_html_title":"","jetpack_seo_noindex":false,"_jetpack_newsletter_access":"","_jetpack_dont_email_post_to_subs":false,"_jetpack_newsletter_tier_id":0,"_jetpack_memberships_contains_paywalled_content":false,"_locale":"es_ES","_original_post":"https:\/\/guide.fire-emblem-heroes.com\/?p=58866","_jetpack_memberships_contains_paid_content":false,"footnotes":"","jetpack_publicize_message":"","jetpack_publicize_feature_enabled":true,"jetpack_social_post_already_shared":false,"jetpack_social_options":{"image_generator_settings":{"template":"highway","default_image_id":0,"font":"","enabled":false},"version":2},"_wpas_customize_per_network":false,"jetpack_post_was_ever_published":false},"categories":[1384,1405,1432,1390],"tags":[1409],"class_list":["post-58872","post","type-post","status-publish","format-standard","has-post-thumbnail","hentry","category-character","category-special_heroes","category-ex_works_fates","category-stay_heroes","tag-heroes-especiales","es-ES"],"jetpack_publicize_connections":[],"jetpack_featured_media_url":"https:\/\/guide.fire-emblem-heroes.com\/wp-content\/uploads\/aqua_lady_of_ballads.png","jetpack_sharing_enabled":false,"jetpack_shortlink":"https:\/\/wp.me\/pa0Mj3-fjy","jetpack_likes_enabled":false,"amp_enabled":false,"_links":{"self":[{"href":"https:\/\/guide.fire-emblem-heroes.com\/wp-json\/wp\/v2\/posts\/58872","targetHints":{"allow":["GET"]}}],"collection":[{"href":"https:\/\/guide.fire-emblem-heroes.com\/wp-json\/wp\/v2\/posts"}],"about":[{"href":"https:\/\/guide.fire-emblem-heroes.com\/wp-json\/wp\/v2\/types\/post"}],"author":[{"embeddable":true,"href":"https:\/\/guide.fire-emblem-heroes.com\/wp-json\/wp\/v2\/users\/1"}],"replies":[{"embeddable":true,"href":"https:\/\/guide.fire-emblem-heroes.com\/wp-json\/wp\/v2\/comments?post=58872"}],"version-history":[{"count":1,"href":"https:\/\/guide.fire-emblem-heroes.com\/wp-json\/wp\/v2\/posts\/58872\/revisions"}],"predecessor-version":[{"id":58883,"href":"https:\/\/guide.fire-emblem-heroes.com\/wp-json\/wp\/v2\/posts\/58872\/revisions\/58883"}],"wp:featuredmedia":[{"embeddable":true,"href":"https:\/\/guide.fire-emblem-heroes.com\/wp-json\/wp\/v2\/media\/58943"}],"wp:attachment":[{"href":"https:\/\/guide.fire-emblem-heroes.com\/wp-json\/wp\/v2\/media?parent=58872"}],"wp:term":[{"taxonomy":"category","embeddable":true,"href":"https:\/\/guide.fire-emblem-heroes.com\/wp-json\/wp\/v2\/categories?post=58872"},{"taxonomy":"post_tag","embeddable":true,"href":"https:\/\/guide.fire-emblem-heroes.com\/wp-json\/wp\/v2\/tags?post=58872"}],"curies":[{"name":"wp","href":"https:\/\/api.w.org\/{rel}","templated":true}]}}