






{"id":58915,"date":"2025-03-26T14:00:26","date_gmt":"2025-03-26T05:00:26","guid":{"rendered":"https:\/\/guide.fire-emblem-heroes.com\/?p=58915"},"modified":"2025-11-04T13:47:31","modified_gmt":"2025-11-04T04:47:31","slug":"10069003000173-2","status":"publish","type":"post","link":"https:\/\/guide.fire-emblem-heroes.com\/es-ES\/10069003000173-2\/","title":{"rendered":"<span class=\"character_nick\">Bailar\u00edn \u00edndigo<\/span><span class=\"character_name\">\u00cd\u00f1igo<\/span>"},"content":{"rendered":"<main id=\"CHARA_1216\" class=\"main_page character\">\r\n            <article>\r\n                <section class=\"sec sec_character\">\r\n                    <ul class=\"sec_ul sec_ul--character slick-box\">\r\n                        <li class=\"sec_li sec_li--character\">\r\n                            <img decoding=\"async\" src=\"https:\/\/guide.fire-emblem-heroes.com\/wp-content\/uploads\/azur_indigo_dancer_slide01.png\" alt=\"\" \/>\r\n                        <\/li>\r\n                        <li class=\"sec_li sec_li--character\">\r\n                            <img decoding=\"async\" src=\"https:\/\/guide.fire-emblem-heroes.com\/wp-content\/uploads\/azur_indigo_dancer_slide02.png\" alt=\"\" \/>\r\n                        <\/li>\r\n                        <li class=\"sec_li sec_li--character\">\r\n                            <img decoding=\"async\" src=\"https:\/\/guide.fire-emblem-heroes.com\/wp-content\/uploads\/azur_indigo_dancer_slide03.png\" alt=\"\" \/>\r\n                        <\/li>\r\n                        <li class=\"sec_li sec_li--character\">\r\n                            <img decoding=\"async\" src=\"https:\/\/guide.fire-emblem-heroes.com\/wp-content\/uploads\/azur_indigo_dancer_slide04.png\" alt=\"\" \/>\r\n                        <\/li>\r\n                    <\/ul>\r\n                    <div class=\"sec_charainfoarea flex\">\r\n                        <div class=\"sec_gif\"><img loading=\"lazy\" decoding=\"async\" src=\"https:\/\/guide.fire-emblem-heroes.com\/wp-content\/uploads\/azur_indigo_dancer.png\" alt=\"\" width=\"210\" height=\"190\"\/><\/div>\r\n                        <div class=\"sec_charainfo\">\r\n                            <p id=\"CHARA_1216_002\" class=\"sec_characate sec_characate--special_heroes\">H\u00e9roes especiales<\/p>\r\n                            <p id=\"CHARA_1216_003\" class=\"sec_charanick\">Bailar\u00edn \u00edndigo<\/p>\r\n                            <p id=\"CHARA_1216_004\" class=\"sec_charaname\">\u00cd\u00f1igo<\/p>\r\n                            <p id=\"CHARA_1216_005\" class=\"sec_charaappearancetxt\">Aparece en<\/p>\r\n                            <p id=\"CHARA_1216_006\" class=\"sec_charaappearancetxt\">Fire Emblem: Awakening<\/p>\r\n                        <\/div>\r\n                    <\/div>\r\n                <\/section>\r\n            <\/article>\r\n            <article>\r\n                <section class=\"sec sec_characterarea\">\r\n                    <div class=\"sec_h2chara\">\r\n                        <p id=\"CHARA_1216_007\" class=\"sec_h2charattl\">\u00a1Presentaci\u00f3n de personajes con Sharena!<\/p>\r\n                        <h2 id=\"CHARA_1216_008\" class=\"sec_h2charatxt\">Bailar\u00edn \u00edndigo \u00cd\u00f1igo<\/h2>\r\n                    <\/div>\r\n                    <dl class=\"sec_dl flex\">\r\n                        <dt id=\"CHARA_1216_009\" class=\"sec_dt\">\u00cd\u00f1igo lleg\u00f3 al Sacro Reino de Ylisse de un mundo del futuro. \u00a1Pero tambi\u00e9n va a venir al festival de artes esc\u00e9nicas con un traje especial!<\/dt>\r\n                        <dd class=\"sec_dd\">\r\n                            <a href=\"https:\/\/guide.fire-emblem-heroes.com\/wp-content\/uploads\/azur_indigo_dancer_pop01.png\" class=\"popup-image\">\r\n                                <img decoding=\"async\" src=\"https:\/\/guide.fire-emblem-heroes.com\/wp-content\/uploads\/azur_indigo_dancer_info01.png\" alt=\"\" \/>\r\n                            <\/a>\r\n                        <\/dd>\r\n                        <dt id=\"CHARA_1216_010\" class=\"sec_dt\">\u00a1Es un conjunto muy ligero, comparado con su vestimenta habitual! Adem\u00e1s, conjunta con el traje para el festival de su madre, Olivia.<\/dt>\r\n                        <dd class=\"sec_dd\">\r\n                            <a href=\"https:\/\/guide.fire-emblem-heroes.com\/wp-content\/uploads\/azur_indigo_dancer_pop02.png\" class=\"popup-image\">\r\n                                <img decoding=\"async\" src=\"https:\/\/guide.fire-emblem-heroes.com\/wp-content\/uploads\/azur_indigo_dancer_info02.png\" alt=\"\" \/>\r\n                            <\/a>\r\n                        <\/dd>\r\n                        <dt id=\"CHARA_1216_011\" class=\"sec_dt\">Tambi\u00e9n lleva unos aros y un largo velo que llama la atenci\u00f3n. De entrada, puede parecer que son para de su actuaci\u00f3n de baile, \u00a1pero en realidad son parte de su arsenal en caso de que estalle una batalla!<\/dt>\r\n                        <dd class=\"sec_dd\">\r\n                            <a href=\"https:\/\/guide.fire-emblem-heroes.com\/wp-content\/uploads\/azur_indigo_dancer_pop03.png\" class=\"popup-image\">\r\n                                <img decoding=\"async\" src=\"https:\/\/guide.fire-emblem-heroes.com\/wp-content\/uploads\/azur_indigo_dancer_info03.png\" alt=\"\" \/>\r\n                            <\/a>\r\n                        <\/dd>\r\n                        <dt id=\"CHARA_1216_012\" class=\"sec_dt\">\u00cd\u00f1igo no puede parar de sonre\u00edr cuando baila. \u00a1Estoy deseando ver su sonrisa durante su actuaci\u00f3n en el festival!<\/dt>\r\n                        <dd class=\"sec_dd\">\r\n                            <a href=\"https:\/\/guide.fire-emblem-heroes.com\/wp-content\/uploads\/azur_indigo_dancer_pop04.png\" class=\"popup-image\">\r\n                                <img decoding=\"async\" src=\"https:\/\/guide.fire-emblem-heroes.com\/wp-content\/uploads\/azur_indigo_dancer_info04.png\" alt=\"\" \/>\r\n                            <\/a>\r\n                        <\/dd>\r\n                    <\/dl>\r\n                    <h3 id=\"CHARA_1216_013\" class=\"sec_h3charatxt\">Personajes con los que tiene relaci\u00f3n<\/h3>\r\n                    <h4 id=\"CHARA_1216_014\" class=\"sec_h4charatxt\">Olivia<\/h4>\r\n                    <p id=\"CHARA_1216_015\" class=\"sec_charatxt\">A esta magn\u00edfica \u2014aunque extremadamente t\u00edmida\u2014 bailarina le encanta viajar. Madre de \u00cd\u00f1igo.<\/p>\r\n                <\/section>\r\n            <\/article>\r\n        <\/main>","protected":false},"excerpt":{"rendered":"H\u00e9roes especiales Bailar\u00edn \u00edndigo \u00cd\u00f1igo Aparece en Fire Emblem: Awakening \u00a1Presentaci\u00f3n de personajes con Sharena! Bailar\u00edn \u00edndigo \u00cd\u00f1igo \u00cd\u00f1igo lleg\u00f3 al Sacro Reino de Ylisse de un mundo del futuro. \u00a1Pero tambi\u00e9n va a venir al festival de artes esc\u00e9nicas con un traje especial! \u00a1Es un conjunto muy ligero, comparado con su vestimenta habitual! Adem\u00e1s, [&hellip;]","protected":false},"author":1,"featured_media":58956,"comment_status":"closed","ping_status":"closed","sticky":false,"template":"","format":"standard","meta":{"advanced_seo_description":"","jetpack_seo_html_title":"","jetpack_seo_noindex":false,"_jetpack_newsletter_access":"","_jetpack_dont_email_post_to_subs":false,"_jetpack_newsletter_tier_id":0,"_jetpack_memberships_contains_paywalled_content":false,"_locale":"es_ES","_original_post":"https:\/\/guide.fire-emblem-heroes.com\/?p=58908","_jetpack_memberships_contains_paid_content":false,"footnotes":"","jetpack_publicize_message":"","jetpack_publicize_feature_enabled":true,"jetpack_social_post_already_shared":false,"jetpack_social_options":{"image_generator_settings":{"template":"highway","default_image_id":0,"font":"","enabled":false},"version":2},"_wpas_customize_per_network":false,"jetpack_post_was_ever_published":false},"categories":[1384,1431,1405,1390],"tags":[1409],"class_list":["post-58915","post","type-post","status-publish","format-standard","has-post-thumbnail","hentry","category-character","category-ex_works_awakening","category-special_heroes","category-stay_heroes","tag-heroes-especiales","es-ES"],"jetpack_publicize_connections":[],"jetpack_featured_media_url":"https:\/\/guide.fire-emblem-heroes.com\/wp-content\/uploads\/azur_indigo_dancer.png","jetpack_sharing_enabled":false,"jetpack_shortlink":"https:\/\/wp.me\/pa0Mj3-fkf","jetpack_likes_enabled":false,"amp_enabled":false,"_links":{"self":[{"href":"https:\/\/guide.fire-emblem-heroes.com\/wp-json\/wp\/v2\/posts\/58915","targetHints":{"allow":["GET"]}}],"collection":[{"href":"https:\/\/guide.fire-emblem-heroes.com\/wp-json\/wp\/v2\/posts"}],"about":[{"href":"https:\/\/guide.fire-emblem-heroes.com\/wp-json\/wp\/v2\/types\/post"}],"author":[{"embeddable":true,"href":"https:\/\/guide.fire-emblem-heroes.com\/wp-json\/wp\/v2\/users\/1"}],"replies":[{"embeddable":true,"href":"https:\/\/guide.fire-emblem-heroes.com\/wp-json\/wp\/v2\/comments?post=58915"}],"version-history":[{"count":1,"href":"https:\/\/guide.fire-emblem-heroes.com\/wp-json\/wp\/v2\/posts\/58915\/revisions"}],"predecessor-version":[{"id":58927,"href":"https:\/\/guide.fire-emblem-heroes.com\/wp-json\/wp\/v2\/posts\/58915\/revisions\/58927"}],"wp:featuredmedia":[{"embeddable":true,"href":"https:\/\/guide.fire-emblem-heroes.com\/wp-json\/wp\/v2\/media\/58956"}],"wp:attachment":[{"href":"https:\/\/guide.fire-emblem-heroes.com\/wp-json\/wp\/v2\/media?parent=58915"}],"wp:term":[{"taxonomy":"category","embeddable":true,"href":"https:\/\/guide.fire-emblem-heroes.com\/wp-json\/wp\/v2\/categories?post=58915"},{"taxonomy":"post_tag","embeddable":true,"href":"https:\/\/guide.fire-emblem-heroes.com\/wp-json\/wp\/v2\/tags?post=58915"}],"curies":[{"name":"wp","href":"https:\/\/api.w.org\/{rel}","templated":true}]}}