






{"id":62018,"date":"2025-09-03T12:32:53","date_gmt":"2025-09-03T03:32:53","guid":{"rendered":"https:\/\/guide.fire-emblem-heroes.com\/?p=62018"},"modified":"2025-10-08T11:59:21","modified_gmt":"2025-10-08T02:59:21","slug":"05008006001283-2","status":"publish","type":"post","link":"https:\/\/guide.fire-emblem-heroes.com\/es-ES\/05008006001283-2\/","title":{"rendered":"<span class=\"character_nick\">Espadas duales<\/span><span class=\"character_name\">Fir<\/span>"},"content":{"rendered":"<main id=\"CHARA_1283\" class=\"main_page character\">\r\n            <article>\r\n                <section class=\"sec sec_character\">\r\n                    <ul class=\"sec_ul sec_ul--character slick-box\">\r\n                        <li class=\"sec_li sec_li--character\">\r\n                            <img decoding=\"async\" src=\"https:\/\/guide.fire-emblem-heroes.com\/wp-content\/uploads\/fir_dual_warriors_slide01.png\" alt=\"\" \/>\r\n                        <\/li>\r\n                        <li class=\"sec_li sec_li--character\">\r\n                            <img decoding=\"async\" src=\"https:\/\/guide.fire-emblem-heroes.com\/wp-content\/uploads\/fir_dual_warriors_slide02.png\" alt=\"\" \/>\r\n                        <\/li>\r\n                        <li class=\"sec_li sec_li--character\">\r\n                            <img decoding=\"async\" src=\"https:\/\/guide.fire-emblem-heroes.com\/wp-content\/uploads\/fir_dual_warriors_slide03.png\" alt=\"\" \/>\r\n                        <\/li>\r\n                        <li class=\"sec_li sec_li--character\">\r\n                            <img decoding=\"async\" src=\"https:\/\/guide.fire-emblem-heroes.com\/wp-content\/uploads\/fir_dual_warriors_slide04.png\" alt=\"\" \/>\r\n                        <\/li>\r\n                    <\/ul>\r\n                    <div class=\"sec_charainfoarea flex\">\r\n                        <div class=\"sec_gif\"><img loading=\"lazy\" decoding=\"async\" src=\"https:\/\/guide.fire-emblem-heroes.com\/wp-content\/uploads\/fir_dual_warriors.png\" alt=\"\" width=\"210\" height=\"190\"\/><\/div>\r\n                        <div class=\"sec_charainfo\">\r\n                            <p id=\"CHARA_1283_002\" class=\"sec_characate sec_characate sec_characate--harmonized_hero\">Unidades armonizadas<\/p>\r\n                            <p id=\"CHARA_1283_003\" class=\"sec_charanick\">Espadas duales<\/p>\r\n                            <p id=\"CHARA_1283_004\" class=\"sec_charaname\">Fir<\/p>\r\n                            <p id=\"CHARA_1283_005\" class=\"sec_charaappearancetxt\">Aparecen en<\/p>\r\n                            <p id=\"CHARA_1283_006\" class=\"sec_charaappearancetxt\">Fire Emblem: The Binding Blade<br \/>Fire Emblem: The Blazing Blade<\/p>\r\n                        <\/div>\r\n                    <\/div>\r\n                <\/section>\r\n            <\/article>\r\n            <article>\r\n                <section class=\"sec sec_characterarea\">\r\n                    <div class=\"sec_h2chara\">\r\n                        <p id=\"CHARA_1283_007\" class=\"sec_h2charattl\">\u00a1Presentaci\u00f3n de personajes con Sharena!<\/p>\r\n                        <h2 id=\"CHARA_1283_008\" class=\"sec_h2charatxt\">Espadas duales Fir<\/h2>\r\n                    <\/div>\r\n                    <dl class=\"sec_dl flex\">\r\n                        <dt id=\"CHARA_1283_009\" class=\"sec_dt\">Fir se mueve por todo el continente de Elibe mientras perfecciona su habilidad con la espada. En esta ocasi\u00f3n, se encuentra en la naci\u00f3n militar de Regna Ferox, donde va a participar en el torneo. \u00a1Forma equipo con su madre, Karla, que ha venido invocada desde su juventud!<\/dt>\r\n                        <dd class=\"sec_dd\">\r\n                            <a href=\"https:\/\/guide.fire-emblem-heroes.com\/wp-content\/uploads\/fir_dual_warriors_pop01.png\" class=\"popup-image\">\r\n                                <img decoding=\"async\" src=\"https:\/\/guide.fire-emblem-heroes.com\/wp-content\/uploads\/fir_dual_warriors_info01.png\" alt=\"\" \/>\r\n                            <\/a>\r\n                        <\/dd>\r\n                        <dt id=\"CHARA_1283_010\" class=\"sec_dt\">La capa de piel que le cuelga de los hombros causa una impresionante sensaci\u00f3n. Aunque podr\u00eda parecer que su atuendo sacrifica la defensa en favor de la libertad de movimiento, su armadura dorada le protege los brazos y las piernas.<\/dt>\r\n                        <dd class=\"sec_dd\">\r\n                            <a href=\"https:\/\/guide.fire-emblem-heroes.com\/wp-content\/uploads\/fir_dual_warriors_pop02.png\" class=\"popup-image\">\r\n                                <img decoding=\"async\" src=\"https:\/\/guide.fire-emblem-heroes.com\/wp-content\/uploads\/fir_dual_warriors_info02.png\" alt=\"\" \/>\r\n                            <\/a>\r\n                        <\/dd>\r\n                        <dt id=\"CHARA_1283_011\" class=\"sec_dt\">Al igual que Fir, Karla lleva una armadura dorada, \u00a1aunque con un inconfundible dise\u00f1o asim\u00e9trico!<\/dt>\r\n                        <dd class=\"sec_dd\">\r\n                            <a href=\"https:\/\/guide.fire-emblem-heroes.com\/wp-content\/uploads\/fir_dual_warriors_pop03.png\" class=\"popup-image\">\r\n                                <img decoding=\"async\" src=\"https:\/\/guide.fire-emblem-heroes.com\/wp-content\/uploads\/fir_dual_warriors_info03.png\" alt=\"\" \/>\r\n                            <\/a>\r\n                        <\/dd>\r\n                        <dt id=\"CHARA_1283_012\" class=\"sec_dt\">Fir y Karla combaten en el coliseo mientras siguen perfeccionando su destreza. \u00a1Estoy deseando ver lo que este d\u00fao de madre e hija es capaz de hacer!<\/dt>\r\n                        <dd class=\"sec_dd\">\r\n                            <a href=\"https:\/\/guide.fire-emblem-heroes.com\/wp-content\/uploads\/fir_dual_warriors_pop04.png\" class=\"popup-image\">\r\n                                <img decoding=\"async\" src=\"https:\/\/guide.fire-emblem-heroes.com\/wp-content\/uploads\/fir_dual_warriors_info04.png\" alt=\"\" \/>\r\n                            <\/a>\r\n                        <\/dd>\r\n                    <\/dl>\r\n                    <h3 id=\"CHARA_1283_013\" class=\"sec_h3charatxt\">Personajes con los que tienen relaci\u00f3n<\/h3>\r\n                    <h4 id=\"CHARA_1283_014\" class=\"sec_h4charatxt\">Bartre<\/h4>\r\n                    <p id=\"CHARA_1283_015\" class=\"sec_charatxt\">Guerrero de un pueblo fronterizo que se embarc\u00f3 en un viaje para rencontrarse con su hija, Fir. Es el marido de Karla.<\/p>\r\n                    <h4 id=\"CHARA_1283_016\" class=\"sec_h4charatxt\">Karel<\/h4>\r\n                    <p id=\"CHARA_1283_017\" class=\"sec_charatxt\">Un espadach\u00edn letal dedicado en cuerpo y alma a perfeccionar su maestr\u00eda con el acero. Hermano de Karla y, por tanto, t\u00edo de Fir.<\/p>\r\n                <\/section>\r\n            <\/article>\r\n        <\/main>","protected":false},"excerpt":{"rendered":"Unidades armonizadas Espadas duales Fir Aparecen en Fire Emblem: The Binding BladeFire Emblem: The Blazing Blade \u00a1Presentaci\u00f3n de personajes con Sharena! Espadas duales Fir Fir se mueve por todo el continente de Elibe mientras perfecciona su habilidad con la espada. En esta ocasi\u00f3n, se encuentra en la naci\u00f3n militar de Regna Ferox, donde va a [&hellip;]","protected":false},"author":1,"featured_media":62165,"comment_status":"closed","ping_status":"closed","sticky":false,"template":"","format":"standard","meta":{"advanced_seo_description":"","jetpack_seo_html_title":"","jetpack_seo_noindex":false,"_jetpack_newsletter_access":"","_jetpack_dont_email_post_to_subs":false,"_jetpack_newsletter_tier_id":0,"_jetpack_memberships_contains_paywalled_content":false,"_locale":"es_ES","_original_post":"https:\/\/guide.fire-emblem-heroes.com\/?p=62012","_jetpack_memberships_contains_paid_content":false,"footnotes":"","jetpack_publicize_message":"","jetpack_publicize_feature_enabled":true,"jetpack_social_post_already_shared":false,"jetpack_social_options":{"image_generator_settings":{"template":"highway","default_image_id":0,"font":"","enabled":false},"version":2},"_wpas_customize_per_network":false,"jetpack_post_was_ever_published":false},"categories":[1384,1464,1426,1390],"tags":[1468],"class_list":["post-62018","post","type-post","status-publish","format-standard","has-post-thumbnail","hentry","category-character","category-harmonized_heroes","category-ex_works_the_binding_blade","category-stay_heroes","tag-unidades-armonizadas","es-ES"],"jetpack_publicize_connections":[],"jetpack_featured_media_url":"https:\/\/guide.fire-emblem-heroes.com\/wp-content\/uploads\/fir_dual_warriors.png","jetpack_sharing_enabled":false,"jetpack_shortlink":"https:\/\/wp.me\/pa0Mj3-g8i","jetpack_likes_enabled":false,"amp_enabled":false,"_links":{"self":[{"href":"https:\/\/guide.fire-emblem-heroes.com\/wp-json\/wp\/v2\/posts\/62018","targetHints":{"allow":["GET"]}}],"collection":[{"href":"https:\/\/guide.fire-emblem-heroes.com\/wp-json\/wp\/v2\/posts"}],"about":[{"href":"https:\/\/guide.fire-emblem-heroes.com\/wp-json\/wp\/v2\/types\/post"}],"author":[{"embeddable":true,"href":"https:\/\/guide.fire-emblem-heroes.com\/wp-json\/wp\/v2\/users\/1"}],"replies":[{"embeddable":true,"href":"https:\/\/guide.fire-emblem-heroes.com\/wp-json\/wp\/v2\/comments?post=62018"}],"version-history":[{"count":1,"href":"https:\/\/guide.fire-emblem-heroes.com\/wp-json\/wp\/v2\/posts\/62018\/revisions"}],"predecessor-version":[{"id":62033,"href":"https:\/\/guide.fire-emblem-heroes.com\/wp-json\/wp\/v2\/posts\/62018\/revisions\/62033"}],"wp:featuredmedia":[{"embeddable":true,"href":"https:\/\/guide.fire-emblem-heroes.com\/wp-json\/wp\/v2\/media\/62165"}],"wp:attachment":[{"href":"https:\/\/guide.fire-emblem-heroes.com\/wp-json\/wp\/v2\/media?parent=62018"}],"wp:term":[{"taxonomy":"category","embeddable":true,"href":"https:\/\/guide.fire-emblem-heroes.com\/wp-json\/wp\/v2\/categories?post=62018"},{"taxonomy":"post_tag","embeddable":true,"href":"https:\/\/guide.fire-emblem-heroes.com\/wp-json\/wp\/v2\/tags?post=62018"}],"curies":[{"name":"wp","href":"https:\/\/api.w.org\/{rel}","templated":true}]}}