






{"id":62659,"date":"2025-10-03T13:33:47","date_gmt":"2025-10-03T04:33:47","guid":{"rendered":"https:\/\/guide.fire-emblem-heroes.com\/?p=62659"},"modified":"2025-11-06T16:18:46","modified_gmt":"2025-11-06T07:18:46","slug":"00004007001296-2","status":"publish","type":"post","link":"https:\/\/guide.fire-emblem-heroes.com\/es-ES\/00004007001296-2\/","title":{"rendered":"<span class=\"character_nick\">Latidos al un\u00edsono<\/span><span class=\"character_name\">Freyja<\/span>"},"content":{"rendered":"<main id=\"CHARA_1296\" class=\"main_page character\">\r\n            <article>\r\n                <section class=\"sec sec_character\">\r\n                    <ul class=\"sec_ul sec_ul--character slick-box\">\r\n                        <li class=\"sec_li sec_li--character\">\r\n                            <img decoding=\"async\" src=\"https:\/\/guide.fire-emblem-heroes.com\/wp-content\/uploads\/freya_parallel_hearts_slide01.png\" alt=\"\" \/>\r\n                        <\/li>\r\n                        <li class=\"sec_li sec_li--character\">\r\n                            <img decoding=\"async\" src=\"https:\/\/guide.fire-emblem-heroes.com\/wp-content\/uploads\/freya_parallel_hearts_slide02.png\" alt=\"\" \/>\r\n                        <\/li>\r\n                        <li class=\"sec_li sec_li--character\">\r\n                            <img decoding=\"async\" src=\"https:\/\/guide.fire-emblem-heroes.com\/wp-content\/uploads\/freya_parallel_hearts_slide03.png\" alt=\"\" \/>\r\n                        <\/li>\r\n                        <li class=\"sec_li sec_li--character\">\r\n                            <img decoding=\"async\" src=\"https:\/\/guide.fire-emblem-heroes.com\/wp-content\/uploads\/freya_parallel_hearts_slide04.png\" alt=\"\" \/>\r\n                        <\/li>\r\n                    <\/ul>\r\n                    <div class=\"sec_charainfoarea flex\">\r\n                        <div class=\"sec_gif\"><img loading=\"lazy\" decoding=\"async\" src=\"https:\/\/guide.fire-emblem-heroes.com\/wp-content\/uploads\/freya_parallel_hearts.png\" alt=\"\" width=\"210\" height=\"190\"\/><\/div>\r\n                        <div class=\"sec_charainfo\">\r\n                            <p id=\"CHARA_1296_002\" class=\"sec_characate sec_characate--duo_hero\">Unidades dobles<\/p>\r\n                            <p id=\"CHARA_1296_003\" class=\"sec_charanick\">Latidos al un\u00edsono<\/p>\r\n                            <p id=\"CHARA_1296_004\" class=\"sec_charaname\">Freyja<\/p>\r\n                            <p id=\"CHARA_1296_005\" class=\"sec_charaappearancetxt\">Aparece en<\/p>\r\n                            <p id=\"CHARA_1296_006\" class=\"sec_charaappearancetxt\">Fire Emblem Heroes<\/p>\r\n                        <\/div>\r\n                    <\/div>\r\n                <\/section>\r\n            <\/article>\r\n            <article>\r\n                <section class=\"sec sec_characterarea\">\r\n                    <div class=\"sec_h2chara\">\r\n                        <p id=\"CHARA_1296_007\" class=\"sec_h2charattl\">\u00a1Presentaci\u00f3n de personajes con Sharena!<\/p>\r\n                        <h2 id=\"CHARA_1296_008\" class=\"sec_h2charatxt\">Latidos al un\u00edsono Freyja<\/h2>\r\n                    <\/div>\r\n                    <dl class=\"sec_dl flex\">\r\n                        <dt id=\"CHARA_1296_009\" class=\"sec_dt\">\u00a1Freyja, reina de D\u00f6kk\u00e1lfheimr, y Eitr, que en otro tiempo sirvi\u00f3 al monarca del vac\u00edo, han venido a disfrutar con nosotros del festival de la cosecha!<\/dt>\r\n                        <dd class=\"sec_dd\">\r\n                            <a href=\"https:\/\/guide.fire-emblem-heroes.com\/wp-content\/uploads\/freya_parallel_hearts_pop01.png\" class=\"popup-image\">\r\n                                <img decoding=\"async\" src=\"https:\/\/guide.fire-emblem-heroes.com\/wp-content\/uploads\/freya_parallel_hearts_info01.png\" alt=\"\" \/>\r\n                            <\/a>\r\n                        <\/dd>\r\n                        <dt id=\"CHARA_1296_010\" class=\"sec_dt\">El contraste de los trajes que han elegido para el festival es muy llamativo. Para empezar, Freyja va de negro y con falda larga. \u00a1En la espalda parece que lleva dos alas de drag\u00f3n!<\/dt>\r\n                        <dd class=\"sec_dd\">\r\n                            <a href=\"https:\/\/guide.fire-emblem-heroes.com\/wp-content\/uploads\/freya_parallel_hearts_pop02.png\" class=\"popup-image\">\r\n                                <img decoding=\"async\" src=\"https:\/\/guide.fire-emblem-heroes.com\/wp-content\/uploads\/freya_parallel_hearts_info02.png\" alt=\"\" \/>\r\n                            <\/a>\r\n                        <\/dd>\r\n                        <dt id=\"CHARA_1296_011\" class=\"sec_dt\">Por otro lado tenemos a Eitr, que luce un modelo blanco y tambi\u00e9n lleva alas. \u00a1Pero las suyas son de pegaso! \u00a1Adem\u00e1s, del hombro le cuelga un bolso mon\u00edsimo con forma de lazo!<\/dt>\r\n                        <dd class=\"sec_dd\">\r\n                            <a href=\"https:\/\/guide.fire-emblem-heroes.com\/wp-content\/uploads\/freya_parallel_hearts_pop03.png\" class=\"popup-image\">\r\n                                <img decoding=\"async\" src=\"https:\/\/guide.fire-emblem-heroes.com\/wp-content\/uploads\/freya_parallel_hearts_info03.png\" alt=\"\" \/>\r\n                            <\/a>\r\n                        <\/dd>\r\n                        <dt id=\"CHARA_1296_012\" class=\"sec_dt\">Eitr, que es t\u00edmida y retra\u00edda, est\u00e1 haciendo grandes esfuerzos por divertirse en el festival, mientras que Freyja la anima a disfrutar. \u00a1Tengo la sensaci\u00f3n de que lo van a pasar en grande juntas!<\/dt>\r\n                        <dd class=\"sec_dd\">\r\n                            <a href=\"https:\/\/guide.fire-emblem-heroes.com\/wp-content\/uploads\/freya_parallel_hearts_pop04.png\" class=\"popup-image\">\r\n                                <img decoding=\"async\" src=\"https:\/\/guide.fire-emblem-heroes.com\/wp-content\/uploads\/freya_parallel_hearts_info04.png\" alt=\"\" \/>\r\n                            <\/a>\r\n                        <\/dd>\r\n                    <\/dl>\r\n                    <h3 id=\"CHARA_1296_013\" class=\"sec_h3charatxt\">Personajes con los que tienen relaci\u00f3n<\/h3>\r\n                    <h4 id=\"CHARA_1296_014\" class=\"sec_h4charatxt\">Freyr<\/h4>\r\n                    <p id=\"CHARA_1296_015\" class=\"sec_charatxt\">Rey on\u00edrico de Lj\u00f3s\u00e1lfheimr, el reino de los sue\u00f1os. Es el dios de los sue\u00f1os y desea que todo el mundo pueda disfrutar de una vida tranquila y apacible. Hermano de Freyja, que lo quiere con locura.<\/p>\r\n                    <h4 id=\"CHARA_1296_016\" class=\"sec_h4charatxt\">Ginnungagap<\/h4>\r\n                    <p id=\"CHARA_1296_017\" class=\"sec_charatxt\">Monarca que reina sobre el vac\u00edo. Anhela poner fin a toda esperanza y acabar con los sue\u00f1os, la humanidad, la reina de las pesadillas y todos los elfos. Obliga a Eitr a ayudarla en todos sus designios.<\/p>\r\n                <\/section>\r\n            <\/article>\r\n        <\/main>","protected":false},"excerpt":{"rendered":"Unidades dobles Latidos al un\u00edsono Freyja Aparece en Fire Emblem Heroes \u00a1Presentaci\u00f3n de personajes con Sharena! Latidos al un\u00edsono Freyja \u00a1Freyja, reina de D\u00f6kk\u00e1lfheimr, y Eitr, que en otro tiempo sirvi\u00f3 al monarca del vac\u00edo, han venido a disfrutar con nosotros del festival de la cosecha! El contraste de los trajes que han elegido para [&hellip;]","protected":false},"author":1,"featured_media":62778,"comment_status":"closed","ping_status":"closed","sticky":false,"template":"","format":"standard","meta":{"advanced_seo_description":"","jetpack_seo_html_title":"","jetpack_seo_noindex":false,"_jetpack_newsletter_access":"","_jetpack_dont_email_post_to_subs":false,"_jetpack_newsletter_tier_id":0,"_jetpack_memberships_contains_paywalled_content":false,"_locale":"es_ES","_original_post":"https:\/\/guide.fire-emblem-heroes.com\/?p=62652","_jetpack_memberships_contains_paid_content":false,"footnotes":"","jetpack_publicize_message":"","jetpack_publicize_feature_enabled":true,"jetpack_social_post_already_shared":false,"jetpack_social_options":{"image_generator_settings":{"template":"highway","default_image_id":0,"font":"","enabled":false},"version":2},"_wpas_customize_per_network":false,"jetpack_post_was_ever_published":false},"categories":[1384,1423,1390,1440],"tags":[1444],"class_list":["post-62659","post","type-post","status-publish","format-standard","has-post-thumbnail","hentry","category-character","category-ex_works_heroes","category-stay_heroes","category-duo_heroes","tag-unidades-dobles","es-ES"],"jetpack_publicize_connections":[],"jetpack_featured_media_url":"https:\/\/guide.fire-emblem-heroes.com\/wp-content\/uploads\/freya_parallel_hearts.png","jetpack_sharing_enabled":false,"jetpack_shortlink":"https:\/\/wp.me\/pa0Mj3-giD","jetpack_likes_enabled":false,"amp_enabled":false,"_links":{"self":[{"href":"https:\/\/guide.fire-emblem-heroes.com\/wp-json\/wp\/v2\/posts\/62659","targetHints":{"allow":["GET"]}}],"collection":[{"href":"https:\/\/guide.fire-emblem-heroes.com\/wp-json\/wp\/v2\/posts"}],"about":[{"href":"https:\/\/guide.fire-emblem-heroes.com\/wp-json\/wp\/v2\/types\/post"}],"author":[{"embeddable":true,"href":"https:\/\/guide.fire-emblem-heroes.com\/wp-json\/wp\/v2\/users\/1"}],"replies":[{"embeddable":true,"href":"https:\/\/guide.fire-emblem-heroes.com\/wp-json\/wp\/v2\/comments?post=62659"}],"version-history":[{"count":1,"href":"https:\/\/guide.fire-emblem-heroes.com\/wp-json\/wp\/v2\/posts\/62659\/revisions"}],"predecessor-version":[{"id":62670,"href":"https:\/\/guide.fire-emblem-heroes.com\/wp-json\/wp\/v2\/posts\/62659\/revisions\/62670"}],"wp:featuredmedia":[{"embeddable":true,"href":"https:\/\/guide.fire-emblem-heroes.com\/wp-json\/wp\/v2\/media\/62778"}],"wp:attachment":[{"href":"https:\/\/guide.fire-emblem-heroes.com\/wp-json\/wp\/v2\/media?parent=62659"}],"wp:term":[{"taxonomy":"category","embeddable":true,"href":"https:\/\/guide.fire-emblem-heroes.com\/wp-json\/wp\/v2\/categories?post=62659"},{"taxonomy":"post_tag","embeddable":true,"href":"https:\/\/guide.fire-emblem-heroes.com\/wp-json\/wp\/v2\/tags?post=62659"}],"curies":[{"name":"wp","href":"https:\/\/api.w.org\/{rel}","templated":true}]}}