






{"id":62985,"date":"2025-10-15T12:40:07","date_gmt":"2025-10-15T03:40:07","guid":{"rendered":"https:\/\/guide.fire-emblem-heroes.com\/?p=62985"},"modified":"2026-01-04T12:30:35","modified_gmt":"2026-01-04T03:30:35","slug":"08019005001305-2","status":"publish","type":"post","link":"https:\/\/guide.fire-emblem-heroes.com\/es-ES\/08019005001305-2\/","title":{"rendered":"<span class=\"character_nick\">Hoja rec\u00f3ndita<\/span><span class=\"character_name\">Stefan<\/span>"},"content":{"rendered":"<main id=\"CHARA_1304\" class=\"main_page character\">\r\n            <article>\r\n                <section class=\"sec sec_character\">\r\n                    <ul class=\"sec_ul sec_ul--character slick-box\">\r\n                        <li class=\"sec_li sec_li--character\">\r\n                            <img decoding=\"async\" src=\"https:\/\/guide.fire-emblem-heroes.com\/wp-content\/uploads\/stefan_no-mans-blade_slide01.png\" alt=\"\" \/>\r\n                        <\/li>\r\n                        <li class=\"sec_li sec_li--character\">\r\n                            <img decoding=\"async\" src=\"https:\/\/guide.fire-emblem-heroes.com\/wp-content\/uploads\/stefan_no-mans-blade_slide02.png\" alt=\"\" \/>\r\n                        <\/li>\r\n                        <li class=\"sec_li sec_li--character\">\r\n                            <img decoding=\"async\" src=\"https:\/\/guide.fire-emblem-heroes.com\/wp-content\/uploads\/stefan_no-mans-blade_slide03.png\" alt=\"\" \/>\r\n                        <\/li>\r\n                        <li class=\"sec_li sec_li--character\">\r\n                            <img decoding=\"async\" src=\"https:\/\/guide.fire-emblem-heroes.com\/wp-content\/uploads\/stefan_no-mans-blade_slide04.png\" alt=\"\" \/>\r\n                        <\/li>\r\n                    <\/ul>\r\n                    <div class=\"sec_charainfoarea flex\">\r\n                        <div class=\"sec_gif\"><img loading=\"lazy\" decoding=\"async\" src=\"https:\/\/guide.fire-emblem-heroes.com\/wp-content\/uploads\/stefan_no-mans-blade.png\" alt=\"\" width=\"210\" height=\"190\"\/><\/div>\r\n                        <div class=\"sec_charainfo\">\r\n                            <p id=\"CHARA_1304_002\" class=\"sec_characate sec_characate--heroes\">H\u00e9roes<\/p>\r\n                            <p id=\"CHARA_1304_003\" class=\"sec_charanick\">Hoja rec\u00f3ndita<\/p>\r\n                            <p id=\"CHARA_1304_004\" class=\"sec_charaname\">Stefan<\/p>\r\n                            <p id=\"CHARA_1304_005\" class=\"sec_charaappearancetxt\">Aparece en<\/p>\r\n                            <p id=\"CHARA_1304_006\" class=\"sec_charaappearancetxt\">Fire Emblem: Path of Radiance<\/p>\r\n                        <\/div>\r\n                    <\/div>\r\n                <\/section>\r\n            <\/article>\r\n            <article>\r\n                <section class=\"sec sec_characterarea\">\r\n                    <div class=\"sec_h2chara\">\r\n                        <p id=\"CHARA_1304_007\" class=\"sec_h2charattl\">\u00a1Presentaci\u00f3n de personajes con Sharena!<\/p>\r\n                        <h2 id=\"CHARA_1304_008\" class=\"sec_h2charatxt\">Hoja rec\u00f3ndita Stefan<\/h2>\r\n                    <\/div>\r\n                    <dl class=\"sec_dl flex\">\r\n                        <dt id=\"CHARA_1304_009\" class=\"sec_dt\">El misterioso Stefan es un espadach\u00edn de Tellius que blande la Vague Katti. Seg\u00fan me han contado, durante un tiempo vivi\u00f3 aislado en el desierto de Grann, en Begnion.<\/dt>\r\n                        <dd class=\"sec_dd\">\r\n                            <a href=\"https:\/\/guide.fire-emblem-heroes.com\/wp-content\/uploads\/stefan_no-mans-blade_pop01.png\" class=\"popup-image\">\r\n                                <img decoding=\"async\" src=\"https:\/\/guide.fire-emblem-heroes.com\/wp-content\/uploads\/stefan_no-mans-blade_info01.png\" alt=\"\" \/>\r\n                            <\/a>\r\n                        <\/dd>\r\n                        <dt id=\"CHARA_1304_010\" class=\"sec_dt\">El rec\u00f3ndito asentamiento donde viv\u00eda era tambi\u00e9n el hogar de un pueblo de ascendencia mixta beorc y laguz, entre los que se encontraba el propio Stefan.<\/dt>\r\n                        <dd class=\"sec_dd\">\r\n                            <a href=\"https:\/\/guide.fire-emblem-heroes.com\/wp-content\/uploads\/stefan_no-mans-blade_pop02.png\" class=\"popup-image\">\r\n                                <img decoding=\"async\" src=\"https:\/\/guide.fire-emblem-heroes.com\/wp-content\/uploads\/stefan_no-mans-blade_info02.png\" alt=\"\" \/>\r\n                            <\/a>\r\n                        <\/dd>\r\n                        <dt id=\"CHARA_1304_011\" class=\"sec_dt\">Un d\u00eda, los mercenarios de Greil se adentraron en el desierto. Stefan, que sent\u00eda inter\u00e9s por los laguz de la tribu fiera que acompa\u00f1aban a los mercenarios, decidi\u00f3 unirse a ellos.<\/dt>\r\n                        <dd class=\"sec_dd\">\r\n                            <a href=\"https:\/\/guide.fire-emblem-heroes.com\/wp-content\/uploads\/stefan_no-mans-blade_pop03.png\" class=\"popup-image\">\r\n                                <img decoding=\"async\" src=\"https:\/\/guide.fire-emblem-heroes.com\/wp-content\/uploads\/stefan_no-mans-blade_info03.png\" alt=\"\" \/>\r\n                            <\/a>\r\n                        <\/dd>\r\n                        <dt id=\"CHARA_1304_012\" class=\"sec_dt\">\u00a1Aunque Stefan resulta indescifrable, su dominio de la espada no tiene igual! \u00a1Sin duda ser\u00e1 una gran aportaci\u00f3n a los Guardianes de Askr!<\/dt>\r\n                        <dd class=\"sec_dd\">\r\n                            <a href=\"https:\/\/guide.fire-emblem-heroes.com\/wp-content\/uploads\/stefan_no-mans-blade_pop04.png\" class=\"popup-image\">\r\n                                <img decoding=\"async\" src=\"https:\/\/guide.fire-emblem-heroes.com\/wp-content\/uploads\/stefan_no-mans-blade_info04.png\" alt=\"\" \/>\r\n                            <\/a>\r\n                        <\/dd>\r\n                    <\/dl>\r\n                    <h3 id=\"CHARA_1304_013\" class=\"sec_h3charatxt\">Personajes con los que tiene relaci\u00f3n<\/h3>\r\n                    <h4 id=\"CHARA_1304_014\" class=\"sec_h4charatxt\">Mordecai<\/h4>\r\n                    <p id=\"CHARA_1304_015\" class=\"sec_charatxt\">Guerrero del clan tigre de Gallia, el hogar de los laguz de la tribu fiera. A pesar de su aspecto f\u00edsico, tiene un coraz\u00f3n de oro y es muy pac\u00edfico. Stefan es su compa\u00f1ero de aventuras.<\/p>\r\n                    <h4 id=\"CHARA_1304_016\" class=\"sec_h4charatxt\">Lethe<\/h4>\r\n                    <p id=\"CHARA_1304_017\" class=\"sec_charatxt\">Guerrera del clan gato de Gallia, hogar de los laguz de la tribu fiera. Stefan es su compa\u00f1ero de aventuras.<\/p>\r\n                    <h4 id=\"CHARA_1304_018\" class=\"sec_h4charatxt\">Soren<\/h4>\r\n                    <p id=\"CHARA_1304_019\" class=\"sec_charatxt\">Un miembro de los mercenarios de Greil, objetivo y realista, que se abre a Ike. Al igual que Stefan, desciende de un linaje de beorc y laguz.<\/p>\r\n                <\/section>\r\n            <\/article>\r\n        <\/main>","protected":false},"excerpt":{"rendered":"H\u00e9roes Hoja rec\u00f3ndita Stefan Aparece en Fire Emblem: Path of Radiance \u00a1Presentaci\u00f3n de personajes con Sharena! Hoja rec\u00f3ndita Stefan El misterioso Stefan es un espadach\u00edn de Tellius que blande la Vague Katti. Seg\u00fan me han contado, durante un tiempo vivi\u00f3 aislado en el desierto de Grann, en Begnion. El rec\u00f3ndito asentamiento donde viv\u00eda era tambi\u00e9n [&hellip;]","protected":false},"author":1,"featured_media":63138,"comment_status":"closed","ping_status":"closed","sticky":false,"template":"","format":"standard","meta":{"advanced_seo_description":"","jetpack_seo_html_title":"","jetpack_seo_noindex":false,"_jetpack_newsletter_access":"","_jetpack_dont_email_post_to_subs":false,"_jetpack_newsletter_tier_id":0,"_jetpack_memberships_contains_paywalled_content":false,"_locale":"es_ES","_original_post":"https:\/\/guide.fire-emblem-heroes.com\/?p=62977","_jetpack_memberships_contains_paid_content":false,"footnotes":"","jetpack_publicize_message":"","jetpack_publicize_feature_enabled":true,"jetpack_social_post_already_shared":false,"jetpack_social_options":{"image_generator_settings":{"template":"highway","default_image_id":0,"font":"","enabled":false},"version":2},"_wpas_customize_per_network":false,"jetpack_post_was_ever_published":false},"categories":[1384,1415,1429,1390],"tags":[1422],"class_list":["post-62985","post","type-post","status-publish","format-standard","has-post-thumbnail","hentry","category-character","category-heroes","category-ex_works_path_of_radiance","category-stay_heroes","tag-heroes-2","es-ES"],"jetpack_publicize_connections":[],"jetpack_featured_media_url":"https:\/\/guide.fire-emblem-heroes.com\/wp-content\/uploads\/stefan_no-mans-blade.png","jetpack_sharing_enabled":false,"jetpack_shortlink":"https:\/\/wp.me\/pa0Mj3-gnT","jetpack_likes_enabled":false,"amp_enabled":false,"_links":{"self":[{"href":"https:\/\/guide.fire-emblem-heroes.com\/wp-json\/wp\/v2\/posts\/62985","targetHints":{"allow":["GET"]}}],"collection":[{"href":"https:\/\/guide.fire-emblem-heroes.com\/wp-json\/wp\/v2\/posts"}],"about":[{"href":"https:\/\/guide.fire-emblem-heroes.com\/wp-json\/wp\/v2\/types\/post"}],"author":[{"embeddable":true,"href":"https:\/\/guide.fire-emblem-heroes.com\/wp-json\/wp\/v2\/users\/1"}],"replies":[{"embeddable":true,"href":"https:\/\/guide.fire-emblem-heroes.com\/wp-json\/wp\/v2\/comments?post=62985"}],"version-history":[{"count":1,"href":"https:\/\/guide.fire-emblem-heroes.com\/wp-json\/wp\/v2\/posts\/62985\/revisions"}],"predecessor-version":[{"id":62998,"href":"https:\/\/guide.fire-emblem-heroes.com\/wp-json\/wp\/v2\/posts\/62985\/revisions\/62998"}],"wp:featuredmedia":[{"embeddable":true,"href":"https:\/\/guide.fire-emblem-heroes.com\/wp-json\/wp\/v2\/media\/63138"}],"wp:attachment":[{"href":"https:\/\/guide.fire-emblem-heroes.com\/wp-json\/wp\/v2\/media?parent=62985"}],"wp:term":[{"taxonomy":"category","embeddable":true,"href":"https:\/\/guide.fire-emblem-heroes.com\/wp-json\/wp\/v2\/categories?post=62985"},{"taxonomy":"post_tag","embeddable":true,"href":"https:\/\/guide.fire-emblem-heroes.com\/wp-json\/wp\/v2\/tags?post=62985"}],"curies":[{"name":"wp","href":"https:\/\/api.w.org\/{rel}","templated":true}]}}