






{"id":63988,"date":"2025-12-12T12:10:55","date_gmt":"2025-12-12T03:10:55","guid":{"rendered":"https:\/\/guide.fire-emblem-heroes.com\/?p=63988"},"modified":"2026-01-15T16:04:49","modified_gmt":"2026-01-15T07:04:49","slug":"00007001001324-2","status":"publish","type":"post","link":"https:\/\/guide.fire-emblem-heroes.com\/es-ES\/00007001001324-2\/","title":{"rendered":"<span class=\"character_nick\">Vela de esperanza<\/span><span class=\"character_name\">Sei\u00f0r<\/span>"},"content":{"rendered":"<main id=\"CHARA_1324\" class=\"main_page character\">\r\n            <article>\r\n                <section class=\"sec sec_character\">\r\n                    <ul class=\"sec_ul sec_ul--character slick-box\">\r\n                        <li class=\"sec_li sec_li--character\">\r\n                            <img decoding=\"async\" src=\"https:\/\/guide.fire-emblem-heroes.com\/wp-content\/uploads\/seith_candlelit_hope_slide01.png\" alt=\"\" \/>\r\n                        <\/li>\r\n                        <li class=\"sec_li sec_li--character\">\r\n                            <img decoding=\"async\" src=\"https:\/\/guide.fire-emblem-heroes.com\/wp-content\/uploads\/seith_candlelit_hope_slide02.png\" alt=\"\" \/>\r\n                        <\/li>\r\n                        <li class=\"sec_li sec_li--character\">\r\n                            <img decoding=\"async\" src=\"https:\/\/guide.fire-emblem-heroes.com\/wp-content\/uploads\/seith_candlelit_hope_slide03.png\" alt=\"\" \/>\r\n                        <\/li>\r\n                        <li class=\"sec_li sec_li--character\">\r\n                            <img decoding=\"async\" src=\"https:\/\/guide.fire-emblem-heroes.com\/wp-content\/uploads\/seith_candlelit_hope_slide04.png\" alt=\"\" \/>\r\n                        <\/li>\r\n                    <\/ul>\r\n                    <div class=\"sec_charainfoarea flex\">\r\n                        <div class=\"sec_gif\"><img loading=\"lazy\" decoding=\"async\" src=\"https:\/\/guide.fire-emblem-heroes.com\/wp-content\/uploads\/seith_candlelit_hope.png\" alt=\"\" width=\"210\" height=\"190\"\/><\/div>\r\n                        <div class=\"sec_charainfo\">\r\n                            <p id=\"CHARA_1324_002\" class=\"sec_characate sec_characate--special_heroes\">H\u00e9roes especiales<\/p>\r\n                            <p id=\"CHARA_1324_003\" class=\"sec_charanick\">Vela de esperanza<\/p>\r\n                            <p id=\"CHARA_1324_004\" class=\"sec_charaname\">Sei\u00f0r<\/p>\r\n                            <p id=\"CHARA_1324_005\" class=\"sec_charaappearancetxt\">Aparece en<\/p>\r\n                            <p id=\"CHARA_1324_006\" class=\"sec_charaappearancetxt\">Fire Emblem Heroes<\/p>\r\n                        <\/div>\r\n                    <\/div>\r\n                <\/section>\r\n            <\/article>\r\n            <article>\r\n                <section class=\"sec sec_characterarea\">\r\n                    <div class=\"sec_h2chara\">\r\n                        <p id=\"CHARA_1324_007\" class=\"sec_h2charattl\">\u00a1Presentaci\u00f3n de personajes con Sharena!<\/p>\r\n                        <h2 id=\"CHARA_1324_008\" class=\"sec_h2charatxt\">Vela de esperanza Sei\u00f0r<\/h2>\r\n                    <\/div>\r\n                    <dl class=\"sec_dl flex\">\r\n                        <dt id=\"CHARA_1324_009\" class=\"sec_dt\">\u00a1Pero qu\u00e9 esplendor! Es Sei\u00f0r, una de las diosas de Vanaheimr, el reino de la luz. \u00a1Y ha venido a disfrutar con nosotros del festival de invierno!<\/dt>\r\n                        <dd class=\"sec_dd\">\r\n                            <a href=\"https:\/\/guide.fire-emblem-heroes.com\/wp-content\/uploads\/seith_candlelit_hope_pop01.png\" class=\"popup-image\">\r\n                                <img decoding=\"async\" src=\"https:\/\/guide.fire-emblem-heroes.com\/wp-content\/uploads\/seith_candlelit_hope_info01.png\" alt=\"\" \/>\r\n                            <\/a>\r\n                        <\/dd>\r\n                        <dt id=\"CHARA_1324_010\" class=\"sec_dt\">Este es su traje especial para el festival. \u00a1Porta los colores tradicionales, verde y rojo, y luce una estola con dise\u00f1os que evocan el cielo estrellado y los lazos de los regalos!<\/dt>\r\n                        <dd class=\"sec_dd\">\r\n                            <a href=\"https:\/\/guide.fire-emblem-heroes.com\/wp-content\/uploads\/seith_candlelit_hope_pop02.png\" class=\"popup-image\">\r\n                                <img decoding=\"async\" src=\"https:\/\/guide.fire-emblem-heroes.com\/wp-content\/uploads\/seith_candlelit_hope_info02.png\" alt=\"\" \/>\r\n                            <\/a>\r\n                        <\/dd>\r\n                        <dt id=\"CHARA_1324_011\" class=\"sec_dt\">\u00a1La punta de la varita est\u00e1 decorada con una estrella enorme! Con ella reparte algo m\u00e1s que alegr\u00eda, \u00a1pues tambi\u00e9n sirve de arma!<\/dt>\r\n                        <dd class=\"sec_dd\">\r\n                            <a href=\"https:\/\/guide.fire-emblem-heroes.com\/wp-content\/uploads\/seith_candlelit_hope_pop03.png\" class=\"popup-image\">\r\n                                <img decoding=\"async\" src=\"https:\/\/guide.fire-emblem-heroes.com\/wp-content\/uploads\/seith_candlelit_hope_info03.png\" alt=\"\" \/>\r\n                            <\/a>\r\n                        <\/dd>\r\n                        <dt id=\"CHARA_1324_012\" class=\"sec_dt\">El festival de invierno est\u00e1 deslumbrante con las luces de la calle y el brillo de las sonrisas. Y ahora que ha llegado Sei\u00f0r como su representante, \u00a1el festival va a relucir m\u00e1s que nunca!<\/dt>\r\n                        <dd class=\"sec_dd\">\r\n                            <a href=\"https:\/\/guide.fire-emblem-heroes.com\/wp-content\/uploads\/seith_candlelit_hope_pop04.png\" class=\"popup-image\">\r\n                                <img decoding=\"async\" src=\"https:\/\/guide.fire-emblem-heroes.com\/wp-content\/uploads\/seith_candlelit_hope_info04.png\" alt=\"\" \/>\r\n                            <\/a>\r\n                        <\/dd>\r\n                    <\/dl>\r\n                    <h3 id=\"CHARA_1324_013\" class=\"sec_h3charatxt\">Personajes con los que tiene relaci\u00f3n<\/h3>\r\n                    <h4 id=\"CHARA_1324_014\" class=\"sec_h4charatxt\">Gullveig<\/h4>\r\n                    <p id=\"CHARA_1324_015\" class=\"sec_charatxt\">Sei\u00f0r, diosa de Vanaheimr, el reino de la luz, convertida en Gullveig, la profetisa de oro.<\/p>\r\n                    <h4 id=\"CHARA_1324_016\" class=\"sec_h4charatxt\">Nj\u00f6r\u00f0r<\/h4>\r\n                    <p id=\"CHARA_1324_017\" class=\"sec_charatxt\">Rey de Vanaheimr, el reino de la luz. Sei\u00f0r le rinde pleites\u00eda.<\/p>\r\n                    <h4 id=\"CHARA_1324_018\" class=\"sec_h4charatxt\">Hei\u00f0r<\/h4>\r\n                    <p id=\"CHARA_1324_019\" class=\"sec_charatxt\">Diosa de Vanaheimr, el reino de la luz. Pura e inocente. Adora a Sei\u00f0r como a una hermana.<\/p>\r\n                <\/section>\r\n            <\/article>\r\n        <\/main>","protected":false},"excerpt":{"rendered":"H\u00e9roes especiales Vela de esperanza Sei\u00f0r Aparece en Fire Emblem Heroes \u00a1Presentaci\u00f3n de personajes con Sharena! Vela de esperanza Sei\u00f0r \u00a1Pero qu\u00e9 esplendor! Es Sei\u00f0r, una de las diosas de Vanaheimr, el reino de la luz. \u00a1Y ha venido a disfrutar con nosotros del festival de invierno! Este es su traje especial para el festival. [&hellip;]","protected":false},"author":1,"featured_media":64119,"comment_status":"closed","ping_status":"closed","sticky":false,"template":"","format":"standard","meta":{"advanced_seo_description":"","jetpack_seo_html_title":"","jetpack_seo_noindex":false,"_jetpack_newsletter_access":"","_jetpack_dont_email_post_to_subs":false,"_jetpack_newsletter_tier_id":0,"_jetpack_memberships_contains_paywalled_content":false,"_locale":"es_ES","_original_post":"https:\/\/guide.fire-emblem-heroes.com\/?p=63982","_jetpack_memberships_contains_paid_content":false,"footnotes":"","jetpack_publicize_message":"","jetpack_publicize_feature_enabled":true,"jetpack_social_post_already_shared":false,"jetpack_social_options":{"image_generator_settings":{"template":"highway","default_image_id":0,"font":"","enabled":false},"version":2},"_wpas_customize_per_network":false,"jetpack_post_was_ever_published":false},"categories":[1384,1423,1405,1390],"tags":[1409],"class_list":["post-63988","post","type-post","status-publish","format-standard","has-post-thumbnail","hentry","category-character","category-ex_works_heroes","category-special_heroes","category-stay_heroes","tag-heroes-especiales","es-ES"],"jetpack_publicize_connections":[],"jetpack_featured_media_url":"https:\/\/guide.fire-emblem-heroes.com\/wp-content\/uploads\/seith_candlelit_hope.png","jetpack_sharing_enabled":false,"jetpack_shortlink":"https:\/\/wp.me\/pa0Mj3-gE4","jetpack_likes_enabled":false,"amp_enabled":false,"_links":{"self":[{"href":"https:\/\/guide.fire-emblem-heroes.com\/wp-json\/wp\/v2\/posts\/63988","targetHints":{"allow":["GET"]}}],"collection":[{"href":"https:\/\/guide.fire-emblem-heroes.com\/wp-json\/wp\/v2\/posts"}],"about":[{"href":"https:\/\/guide.fire-emblem-heroes.com\/wp-json\/wp\/v2\/types\/post"}],"author":[{"embeddable":true,"href":"https:\/\/guide.fire-emblem-heroes.com\/wp-json\/wp\/v2\/users\/1"}],"replies":[{"embeddable":true,"href":"https:\/\/guide.fire-emblem-heroes.com\/wp-json\/wp\/v2\/comments?post=63988"}],"version-history":[{"count":1,"href":"https:\/\/guide.fire-emblem-heroes.com\/wp-json\/wp\/v2\/posts\/63988\/revisions"}],"predecessor-version":[{"id":64002,"href":"https:\/\/guide.fire-emblem-heroes.com\/wp-json\/wp\/v2\/posts\/63988\/revisions\/64002"}],"wp:featuredmedia":[{"embeddable":true,"href":"https:\/\/guide.fire-emblem-heroes.com\/wp-json\/wp\/v2\/media\/64119"}],"wp:attachment":[{"href":"https:\/\/guide.fire-emblem-heroes.com\/wp-json\/wp\/v2\/media?parent=63988"}],"wp:term":[{"taxonomy":"category","embeddable":true,"href":"https:\/\/guide.fire-emblem-heroes.com\/wp-json\/wp\/v2\/categories?post=63988"},{"taxonomy":"post_tag","embeddable":true,"href":"https:\/\/guide.fire-emblem-heroes.com\/wp-json\/wp\/v2\/tags?post=63988"}],"curies":[{"name":"wp","href":"https:\/\/api.w.org\/{rel}","templated":true}]}}