






{"id":64445,"date":"2026-01-04T12:22:05","date_gmt":"2026-01-04T03:22:05","guid":{"rendered":"https:\/\/guide.fire-emblem-heroes.com\/?p=64445"},"modified":"2026-01-29T16:34:47","modified_gmt":"2026-01-29T07:34:47","slug":"07001024901337-2","status":"publish","type":"post","link":"https:\/\/guide.fire-emblem-heroes.com\/es-ES\/07001024901337-2\/","title":{"rendered":"<span class=\"character_nick\">El Guerrero<\/span><span class=\"character_name\">Garcia<\/span>"},"content":{"rendered":"<main id=\"CHARA_1337\" class=\"main_page character\">\r\n            <article>\r\n                <section class=\"sec sec_character\">\r\n                    <ul class=\"sec_ul sec_ul--character slick-box\">\r\n                        <li class=\"sec_li sec_li--character\">\r\n                            <img decoding=\"async\" src=\"https:\/\/guide.fire-emblem-heroes.com\/wp-content\/uploads\/garcia_warrior_reborn_slide01.png\" alt=\"\" \/>\r\n                        <\/li>\r\n                        <li class=\"sec_li sec_li--character\">\r\n                            <img decoding=\"async\" src=\"https:\/\/guide.fire-emblem-heroes.com\/wp-content\/uploads\/garcia_warrior_reborn_slide02.png\" alt=\"\" \/>\r\n                        <\/li>\r\n                        <li class=\"sec_li sec_li--character\">\r\n                            <img decoding=\"async\" src=\"https:\/\/guide.fire-emblem-heroes.com\/wp-content\/uploads\/garcia_warrior_reborn_slide03.png\" alt=\"\" \/>\r\n                        <\/li>\r\n                        <li class=\"sec_li sec_li--character\">\r\n                            <img decoding=\"async\" src=\"https:\/\/guide.fire-emblem-heroes.com\/wp-content\/uploads\/garcia_warrior_reborn_slide04.png\" alt=\"\" \/>\r\n                        <\/li>\r\n                    <\/ul>\r\n                    <div class=\"sec_charainfoarea flex\">\r\n                        <div class=\"sec_gif\"><img loading=\"lazy\" decoding=\"async\" src=\"https:\/\/guide.fire-emblem-heroes.com\/wp-content\/uploads\/garcia_warrior_reborn.png\" alt=\"\" width=\"210\" height=\"190\"\/><\/div>\r\n                        <div class=\"sec_charainfo\">\r\n                            <p id=\"CHARA_1337_002\" class=\"sec_characate sec_characate--heroes\">H\u00e9roes<\/p>\r\n                            <p id=\"CHARA_1337_003\" class=\"sec_charanick\">El Guerrero<\/p>\r\n                            <p id=\"CHARA_1337_004\" class=\"sec_charaname\">Garcia<\/p>\r\n                            <p id=\"CHARA_1337_005\" class=\"sec_charaappearancetxt\">Aparece en<\/p>\r\n                            <p id=\"CHARA_1337_006\" class=\"sec_charaappearancetxt\">Fire Emblem: The Sacred Stones<\/p>\r\n                        <\/div>\r\n                    <\/div>\r\n                <\/section>\r\n            <\/article>\r\n            <article>\r\n                <section class=\"sec sec_characterarea\">\r\n                    <div class=\"sec_h2chara\">\r\n                        <p id=\"CHARA_1337_007\" class=\"sec_h2charattl\">\u00a1Presentaci\u00f3n de personajes con Sharena!<\/p>\r\n                        <h2 id=\"CHARA_1337_008\" class=\"sec_h2charatxt\">El Guerrero Garcia<\/h2>\r\n                    <\/div>\r\n                    <dl class=\"sec_dl flex\">\r\n                        <dt id=\"CHARA_1337_009\" class=\"sec_dt\">\u00a1Aqu\u00ed tenemos a Garcia, un h\u00e9roe del continente de Magvel! Este intr\u00e9pido guerrero en su d\u00eda lider\u00f3 el ej\u00e9rcito de Renais.<\/dt>\r\n                        <dd class=\"sec_dd\">\r\n                            <a href=\"https:\/\/guide.fire-emblem-heroes.com\/wp-content\/uploads\/garcia_warrior_reborn_pop01.png\" class=\"popup-image\">\r\n                                <img decoding=\"async\" src=\"https:\/\/guide.fire-emblem-heroes.com\/wp-content\/uploads\/garcia_warrior_reborn_info01.png\" alt=\"\" \/>\r\n                            <\/a>\r\n                        <\/dd>\r\n                        <dt id=\"CHARA_1337_010\" class=\"sec_dt\">Hubo un tiempo en el que Garcia estaba plenamente consagrado a luchar por su pa\u00eds, pero todo cambi\u00f3 cuando una enfermedad le arrebat\u00f3 a su esposa y se qued\u00f3 solo con su hijo. Garcia, que ahora lamentaba el tiempo que no hab\u00eda pasado con su familia, abandon\u00f3 el ej\u00e9rcito.<\/dt>\r\n                        <dd class=\"sec_dd\">\r\n                            <a href=\"https:\/\/guide.fire-emblem-heroes.com\/wp-content\/uploads\/garcia_warrior_reborn_pop02.png\" class=\"popup-image\">\r\n                                <img decoding=\"async\" src=\"https:\/\/guide.fire-emblem-heroes.com\/wp-content\/uploads\/garcia_warrior_reborn_info02.png\" alt=\"\" \/>\r\n                            <\/a>\r\n                        <\/dd>\r\n                        <dt id=\"CHARA_1337_011\" class=\"sec_dt\">Se llev\u00f3 a su hijo, Ross, a una aldea de las afueras de Renais, donde creci\u00f3 ajeno a todo conflicto. Pero, un d\u00eda, unos forajidos atacaron la aldea y Garcia se vio obligado a retomar las armas. Cuando lleg\u00f3 el ej\u00e9rcito de Eirika, aun\u00f3 fuerzas con ellos para repeler el ataque.<\/dt>\r\n                        <dd class=\"sec_dd\">\r\n                            <a href=\"https:\/\/guide.fire-emblem-heroes.com\/wp-content\/uploads\/garcia_warrior_reborn_pop03.png\" class=\"popup-image\">\r\n                                <img decoding=\"async\" src=\"https:\/\/guide.fire-emblem-heroes.com\/wp-content\/uploads\/garcia_warrior_reborn_info03.png\" alt=\"\" \/>\r\n                            <\/a>\r\n                        <\/dd>\r\n                        <dt id=\"CHARA_1337_012\" class=\"sec_dt\">M\u00e1s tarde, Garcia volvi\u00f3 a su vida en soledad. Pero Ross, que se hab\u00eda convertido en un guerrero de pleno derecho, tuvo una charla muy seria con su padre que lo inspir\u00f3 a volver al campo de batalla. As\u00ed fue como decidi\u00f3 volver a luchar por Renais, \u00a1esta vez junto a su amado hijo!<\/dt>\r\n                        <dd class=\"sec_dd\">\r\n                            <a href=\"https:\/\/guide.fire-emblem-heroes.com\/wp-content\/uploads\/garcia_warrior_reborn_pop04.png\" class=\"popup-image\">\r\n                                <img decoding=\"async\" src=\"https:\/\/guide.fire-emblem-heroes.com\/wp-content\/uploads\/garcia_warrior_reborn_info04.png\" alt=\"\" \/>\r\n                            <\/a>\r\n                        <\/dd>\r\n                    <\/dl>\r\n                    <h3 id=\"CHARA_1337_013\" class=\"sec_h3charatxt\">Personajes con los que tiene relaci\u00f3n<\/h3>\r\n                    <h4 id=\"CHARA_1337_014\" class=\"sec_h4charatxt\">Ross<\/h4>\r\n                    <p id=\"CHARA_1337_015\" class=\"sec_charatxt\">Hijo de Garcia, un guerrero de Renais, quien lo crio solo tras la muerte de su esposa. Es impetuoso y sincero, y tiene en muy alta opini\u00f3n a su padre y su destreza con las armas.<\/p>\r\n                <\/section>\r\n            <\/article>\r\n        <\/main>","protected":false},"excerpt":{"rendered":"H\u00e9roes El Guerrero Garcia Aparece en Fire Emblem: The Sacred Stones \u00a1Presentaci\u00f3n de personajes con Sharena! El Guerrero Garcia \u00a1Aqu\u00ed tenemos a Garcia, un h\u00e9roe del continente de Magvel! Este intr\u00e9pido guerrero en su d\u00eda lider\u00f3 el ej\u00e9rcito de Renais. Hubo un tiempo en el que Garcia estaba plenamente consagrado a luchar por su pa\u00eds, [&hellip;]","protected":false},"author":1,"featured_media":64512,"comment_status":"closed","ping_status":"closed","sticky":false,"template":"","format":"standard","meta":{"advanced_seo_description":"","jetpack_seo_html_title":"","jetpack_seo_noindex":false,"_jetpack_newsletter_access":"","_jetpack_dont_email_post_to_subs":false,"_jetpack_newsletter_tier_id":0,"_jetpack_memberships_contains_paywalled_content":false,"_locale":"es_ES","_original_post":"https:\/\/guide.fire-emblem-heroes.com\/?p=64439","_jetpack_memberships_contains_paid_content":false,"footnotes":"","jetpack_publicize_message":"","jetpack_publicize_feature_enabled":true,"jetpack_social_post_already_shared":false,"jetpack_social_options":{"image_generator_settings":{"template":"highway","default_image_id":0,"font":"","enabled":false},"version":2},"_wpas_customize_per_network":false,"jetpack_post_was_ever_published":false},"categories":[1384,1428,1415,1390],"tags":[1422],"class_list":["post-64445","post","type-post","status-publish","format-standard","has-post-thumbnail","hentry","category-character","category-ex_works_the_sacred_stones","category-heroes","category-stay_heroes","tag-heroes-2","es-ES"],"jetpack_publicize_connections":[],"jetpack_featured_media_url":"https:\/\/guide.fire-emblem-heroes.com\/wp-content\/uploads\/garcia_warrior_reborn.png","jetpack_sharing_enabled":false,"jetpack_shortlink":"https:\/\/wp.me\/pa0Mj3-gLr","jetpack_likes_enabled":false,"amp_enabled":false,"_links":{"self":[{"href":"https:\/\/guide.fire-emblem-heroes.com\/wp-json\/wp\/v2\/posts\/64445","targetHints":{"allow":["GET"]}}],"collection":[{"href":"https:\/\/guide.fire-emblem-heroes.com\/wp-json\/wp\/v2\/posts"}],"about":[{"href":"https:\/\/guide.fire-emblem-heroes.com\/wp-json\/wp\/v2\/types\/post"}],"author":[{"embeddable":true,"href":"https:\/\/guide.fire-emblem-heroes.com\/wp-json\/wp\/v2\/users\/1"}],"replies":[{"embeddable":true,"href":"https:\/\/guide.fire-emblem-heroes.com\/wp-json\/wp\/v2\/comments?post=64445"}],"version-history":[{"count":1,"href":"https:\/\/guide.fire-emblem-heroes.com\/wp-json\/wp\/v2\/posts\/64445\/revisions"}],"predecessor-version":[{"id":64457,"href":"https:\/\/guide.fire-emblem-heroes.com\/wp-json\/wp\/v2\/posts\/64445\/revisions\/64457"}],"wp:featuredmedia":[{"embeddable":true,"href":"https:\/\/guide.fire-emblem-heroes.com\/wp-json\/wp\/v2\/media\/64512"}],"wp:attachment":[{"href":"https:\/\/guide.fire-emblem-heroes.com\/wp-json\/wp\/v2\/media?parent=64445"}],"wp:term":[{"taxonomy":"category","embeddable":true,"href":"https:\/\/guide.fire-emblem-heroes.com\/wp-json\/wp\/v2\/categories?post=64445"},{"taxonomy":"post_tag","embeddable":true,"href":"https:\/\/guide.fire-emblem-heroes.com\/wp-json\/wp\/v2\/tags?post=64445"}],"curies":[{"name":"wp","href":"https:\/\/api.w.org\/{rel}","templated":true}]}}