






{"id":65687,"date":"2026-03-27T11:58:18","date_gmt":"2026-03-27T02:58:18","guid":{"rendered":"https:\/\/guide.fire-emblem-heroes.com\/?p=65687"},"modified":"2026-04-17T16:00:49","modified_gmt":"2026-04-17T07:00:49","slug":"10069001001361-2","status":"publish","type":"post","link":"https:\/\/guide.fire-emblem-heroes.com\/es-ES\/10069001001361-2\/","title":{"rendered":"<span class=\"character_nick\">Del Despertar<\/span><span class=\"character_name\">Lucina<\/span>"},"content":{"rendered":"<main id=\"CHARA_1361\" class=\"main_page character\">\r\n            <article>\r\n                <section class=\"sec sec_character\">\r\n                    <ul class=\"sec_ul sec_ul--character slick-box\">\r\n                        <li class=\"sec_li sec_li--character\">\r\n                            <img decoding=\"async\" src=\"https:\/\/guide.fire-emblem-heroes.com\/wp-content\/uploads\/lucina_of_awakening_slide01.png\" alt=\"\" \/>\r\n                        <\/li>\r\n                        <li class=\"sec_li sec_li--character\">\r\n                            <img decoding=\"async\" src=\"https:\/\/guide.fire-emblem-heroes.com\/wp-content\/uploads\/lucina_of_awakening_slide02.png\" alt=\"\" \/>\r\n                        <\/li>\r\n                        <li class=\"sec_li sec_li--character\">\r\n                            <img decoding=\"async\" src=\"https:\/\/guide.fire-emblem-heroes.com\/wp-content\/uploads\/lucina_of_awakening_slide03.png\" alt=\"\" \/>\r\n                        <\/li>\r\n                        <li class=\"sec_li sec_li--character\">\r\n                            <img decoding=\"async\" src=\"https:\/\/guide.fire-emblem-heroes.com\/wp-content\/uploads\/lucina_of_awakening_slide04.png\" alt=\"\" \/>\r\n                        <\/li>\r\n                    <\/ul>\r\n                    <div class=\"sec_charainfoarea flex\">\r\n                        <div class=\"sec_gif\"><img loading=\"lazy\" decoding=\"async\" src=\"https:\/\/guide.fire-emblem-heroes.com\/wp-content\/uploads\/lucina_of_awakening.png\" alt=\"\" width=\"210\" height=\"190\"\/><\/div>\r\n                        <div class=\"sec_charainfo\">\r\n                            <p id=\"CHARA_1361_002\" class=\"sec_characate sec_characate--emblem_heroes\">H\u00e9roes Emblema<\/p>\r\n                            <p id=\"CHARA_1361_003\" class=\"sec_charanick\">Del Despertar<\/p>\r\n                            <p id=\"CHARA_1361_004\" class=\"sec_charaname\">Lucina<\/p>\r\n                            <p id=\"CHARA_1361_005\" class=\"sec_charaappearancetxt\">Aparece en<\/p>\r\n                            <p id=\"CHARA_1361_006\" class=\"sec_charaappearancetxt\">Fire Emblem: Awakening<br \/>Fire Emblem Engage<\/p>\r\n                        <\/div>\r\n                    <\/div>\r\n                <\/section>\r\n            <\/article>\r\n            <article>\r\n                <section class=\"sec sec_characterarea\">\r\n                    <div class=\"sec_h2chara\">\r\n                        <p id=\"CHARA_1361_007\" class=\"sec_h2charattl\">\u00a1Presentaci\u00f3n de personajes con Sharena!<\/p>\r\n                        <h2 id=\"CHARA_1361_008\" class=\"sec_h2charatxt\">Del Despertar Lucina<\/h2>\r\n                    <\/div>\r\n                    <dl class=\"sec_dl flex\">\r\n                        <dt id=\"CHARA_1361_009\" class=\"sec_dt\">El Anillo de la Venerable es una reliquia del continente de Elyos. En \u00e9l habita Lucina, uno de los 12\u00a0Emblemas que salvaron Elyos.<\/dt>\r\n                        <dd class=\"sec_dd\">\r\n                            <a href=\"https:\/\/guide.fire-emblem-heroes.com\/wp-content\/uploads\/lucina_of_awakening_pop01.png\" class=\"popup-image\">\r\n                                <img decoding=\"async\" src=\"https:\/\/guide.fire-emblem-heroes.com\/wp-content\/uploads\/lucina_of_awakening_info01.png\" alt=\"\" \/>\r\n                            <\/a>\r\n                        <\/dd>\r\n                        <dt id=\"CHARA_1361_010\" class=\"sec_dt\">Lucina cambi\u00f3 el futuro viajando al pasado para salvar el continente de Ylisse. En Elyos, su Emblema ayud\u00f3 al Drag\u00f3n Divino Lumera a ponerle freno al Drag\u00f3n Ca\u00eddo Sombron.<\/dt>\r\n                        <dd class=\"sec_dd\">\r\n                            <a href=\"https:\/\/guide.fire-emblem-heroes.com\/wp-content\/uploads\/lucina_of_awakening_pop02.png\" class=\"popup-image\">\r\n                                <img decoding=\"async\" src=\"https:\/\/guide.fire-emblem-heroes.com\/wp-content\/uploads\/lucina_of_awakening_info02.png\" alt=\"\" \/>\r\n                            <\/a>\r\n                        <\/dd>\r\n                        <dt id=\"CHARA_1361_011\" class=\"sec_dt\">\u00a1Mil a\u00f1os m\u00e1s tarde, Lucina volvi\u00f3 de nuevo a Elyos! \u00a1Esta vez, va a ayudar al hijo de Lumera, Alear, en una nueva batalla contra Sombron, que ha resucitado!<\/dt>\r\n                        <dd class=\"sec_dd\">\r\n                            <a href=\"https:\/\/guide.fire-emblem-heroes.com\/wp-content\/uploads\/lucina_of_awakening_pop03.png\" class=\"popup-image\">\r\n                                <img decoding=\"async\" src=\"https:\/\/guide.fire-emblem-heroes.com\/wp-content\/uploads\/lucina_of_awakening_info03.png\" alt=\"\" \/>\r\n                            <\/a>\r\n                        <\/dd>\r\n                        <dt id=\"CHARA_1361_012\" class=\"sec_dt\">Se dice que Lucina confiaba en el poder de su v\u00ednculo con sus aliados para escapar a su funesto destino. \u00a1No me cabe duda de que reunir\u00e1 a los miembros de los Guardianes de Askr y forjar\u00e1 un futuro lleno de esperanza!<\/dt>\r\n                        <dd class=\"sec_dd\">\r\n                            <a href=\"https:\/\/guide.fire-emblem-heroes.com\/wp-content\/uploads\/lucina_of_awakening_pop04.png\" class=\"popup-image\">\r\n                                <img decoding=\"async\" src=\"https:\/\/guide.fire-emblem-heroes.com\/wp-content\/uploads\/lucina_of_awakening_info04.png\" alt=\"\" \/>\r\n                            <\/a>\r\n                        <\/dd>\r\n                    <\/dl>\r\n                    <h3 id=\"CHARA_1361_013\" class=\"sec_h3charatxt\">Personajes con los que tiene relaci\u00f3n<\/h3>\r\n                    <h4 id=\"CHARA_1361_014\" class=\"sec_h4charatxt\">Alear<\/h4>\r\n                    <p id=\"CHARA_1361_015\" class=\"sec_charatxt\">Descendiente del Drag\u00f3n Divino que acaba de despertar. Invoca a Lucina y a otros Emblemas para salvar al mundo.<\/p>\r\n                    <h4 id=\"CHARA_1361_016\" class=\"sec_h4charatxt\">Lumera<\/h4>\r\n                    <p id=\"CHARA_1361_017\" class=\"sec_charatxt\">Drag\u00f3n Divino y se\u00f1ora de la Tierra Sagrada de Lythos. Es la madre de Alear y la hero\u00edna que salv\u00f3 todo Elyos con la ayuda de Lucina y los dem\u00e1s Emblemas.<\/p>\r\n                <\/section>\r\n            <\/article>\r\n        <\/main>","protected":false},"excerpt":{"rendered":"H\u00e9roes Emblema Del Despertar Lucina Aparece en Fire Emblem: AwakeningFire Emblem Engage \u00a1Presentaci\u00f3n de personajes con Sharena! Del Despertar Lucina El Anillo de la Venerable es una reliquia del continente de Elyos. En \u00e9l habita Lucina, uno de los 12\u00a0Emblemas que salvaron Elyos. Lucina cambi\u00f3 el futuro viajando al pasado para salvar el continente de [&hellip;]","protected":false},"author":1,"featured_media":65717,"comment_status":"closed","ping_status":"closed","sticky":false,"template":"","format":"standard","meta":{"advanced_seo_description":"","jetpack_seo_html_title":"","jetpack_seo_noindex":false,"_jetpack_newsletter_access":"","_jetpack_dont_email_post_to_subs":false,"_jetpack_newsletter_tier_id":0,"_jetpack_memberships_contains_paywalled_content":false,"_locale":"es_ES","_original_post":"https:\/\/guide.fire-emblem-heroes.com\/?p=65681","_jetpack_memberships_contains_paid_content":false,"footnotes":"","jetpack_publicize_message":"","jetpack_publicize_feature_enabled":true,"jetpack_social_post_already_shared":false,"jetpack_social_options":{"image_generator_settings":{"template":"highway","default_image_id":0,"font":"","enabled":false},"version":2},"_wpas_customize_per_network":false,"jetpack_post_was_ever_published":false},"categories":[1512,1384,1527,1431,1390],"tags":[1530],"class_list":["post-65687","post","type-post","status-publish","format-standard","has-post-thumbnail","hentry","category-ex_works_engage","category-character","category-emblem_heroes","category-ex_works_awakening","category-stay_heroes","tag-heroes-emblema","es-ES"],"jetpack_publicize_connections":[],"jetpack_featured_media_url":"https:\/\/guide.fire-emblem-heroes.com\/wp-content\/uploads\/lucina_of_awakening.png","jetpack_sharing_enabled":false,"jetpack_shortlink":"https:\/\/wp.me\/pa0Mj3-h5t","jetpack_likes_enabled":false,"amp_enabled":false,"_links":{"self":[{"href":"https:\/\/guide.fire-emblem-heroes.com\/wp-json\/wp\/v2\/posts\/65687","targetHints":{"allow":["GET"]}}],"collection":[{"href":"https:\/\/guide.fire-emblem-heroes.com\/wp-json\/wp\/v2\/posts"}],"about":[{"href":"https:\/\/guide.fire-emblem-heroes.com\/wp-json\/wp\/v2\/types\/post"}],"author":[{"embeddable":true,"href":"https:\/\/guide.fire-emblem-heroes.com\/wp-json\/wp\/v2\/users\/1"}],"replies":[{"embeddable":true,"href":"https:\/\/guide.fire-emblem-heroes.com\/wp-json\/wp\/v2\/comments?post=65687"}],"version-history":[{"count":1,"href":"https:\/\/guide.fire-emblem-heroes.com\/wp-json\/wp\/v2\/posts\/65687\/revisions"}],"predecessor-version":[{"id":65703,"href":"https:\/\/guide.fire-emblem-heroes.com\/wp-json\/wp\/v2\/posts\/65687\/revisions\/65703"}],"wp:featuredmedia":[{"embeddable":true,"href":"https:\/\/guide.fire-emblem-heroes.com\/wp-json\/wp\/v2\/media\/65717"}],"wp:attachment":[{"href":"https:\/\/guide.fire-emblem-heroes.com\/wp-json\/wp\/v2\/media?parent=65687"}],"wp:term":[{"taxonomy":"category","embeddable":true,"href":"https:\/\/guide.fire-emblem-heroes.com\/wp-json\/wp\/v2\/categories?post=65687"},{"taxonomy":"post_tag","embeddable":true,"href":"https:\/\/guide.fire-emblem-heroes.com\/wp-json\/wp\/v2\/tags?post=65687"}],"curies":[{"name":"wp","href":"https:\/\/api.w.org\/{rel}","templated":true}]}}