






{"id":67672,"date":"2026-08-05T12:34:33","date_gmt":"2026-08-05T03:34:33","guid":{"rendered":"https:\/\/guide.fire-emblem-heroes.com\/?p=67672"},"modified":"2026-08-10T15:44:11","modified_gmt":"2026-08-10T06:44:11","slug":"10001003001402-2","status":"publish","type":"post","link":"https:\/\/guide.fire-emblem-heroes.com\/es-ES\/10001003001402-2\/","title":{"rendered":"<span class=\"character_nick\">Estratega termal<\/span><span class=\"character_name\">Daraen<\/span>"},"content":{"rendered":"<main id=\"CHARA_1402\" class=\"main_page character\">\r\n            <article>\r\n                <section class=\"sec sec_character\">\r\n                    <ul class=\"sec_ul sec_ul--character slick-box\">\r\n                        <li class=\"sec_li sec_li--character\">\r\n                            <img decoding=\"async\" src=\"https:\/\/guide.fire-emblem-heroes.com\/wp-content\/uploads\/reflet_onsen_tactician_slide01.png\" alt=\"\" \/>\r\n                        <\/li>\r\n                        <li class=\"sec_li sec_li--character\">\r\n                            <img decoding=\"async\" src=\"https:\/\/guide.fire-emblem-heroes.com\/wp-content\/uploads\/reflet_onsen_tactician_slide02.png\" alt=\"\" \/>\r\n                        <\/li>\r\n                        <li class=\"sec_li sec_li--character\">\r\n                            <img decoding=\"async\" src=\"https:\/\/guide.fire-emblem-heroes.com\/wp-content\/uploads\/reflet_onsen_tactician_slide03.png\" alt=\"\" \/>\r\n                        <\/li>\r\n                        <li class=\"sec_li sec_li--character\">\r\n                            <img decoding=\"async\" src=\"https:\/\/guide.fire-emblem-heroes.com\/wp-content\/uploads\/reflet_onsen_tactician_slide04.png\" alt=\"\" \/>\r\n                        <\/li>\r\n                    <\/ul>\r\n                    <div class=\"sec_charainfoarea flex\">\r\n                        <div class=\"sec_gif\"><img loading=\"lazy\" decoding=\"async\" src=\"https:\/\/guide.fire-emblem-heroes.com\/wp-content\/uploads\/reflet_onsen_tactician.png\" alt=\"\" width=\"210\" height=\"190\"\/><\/div>\r\n                        <div class=\"sec_charainfo\">\r\n                            <p id=\"CHARA_1402_002\" class=\"sec_characate sec_characate--rearmed_heroes\">H\u00e9roes misteriosos<\/p>\r\n                            <p id=\"CHARA_1402_003\" class=\"sec_charanick\">Estratega termal<\/p>\r\n                            <p id=\"CHARA_1402_004\" class=\"sec_charaname\">Daraen<\/p>\r\n                            <p id=\"CHARA_1402_005\" class=\"sec_charaappearancetxt\">Aparece en<\/p>\r\n                            <p id=\"CHARA_1402_006\" class=\"sec_charaappearancetxt\">Fire Emblem: Awakening<\/p>\r\n                        <\/div>\r\n                    <\/div>\r\n                <\/section>\r\n            <\/article>\r\n            <article>\r\n                <section class=\"sec sec_characterarea\">\r\n                    <div class=\"sec_h2chara\">\r\n                        <p id=\"CHARA_1402_007\" class=\"sec_h2charattl\">\u00a1Presentaci\u00f3n de personajes con Sharena!<\/p>\r\n                        <h2 id=\"CHARA_1402_008\" class=\"sec_h2charatxt\">Estratega termal Daraen<\/h2>\r\n                    <\/div>\r\n                    <dl class=\"sec_dl flex\">\r\n                        <dt id=\"CHARA_1402_009\" class=\"sec_dt\">Daraen es la c\u00e9lebre estratega de los Custodios de Ylisse, el grupo que lidera Chrom. En esta ocasi\u00f3n, luce el traje t\u00edpico de una tierra muy lejana para ir de excursi\u00f3n a las termas.<\/dt>\r\n                        <dd class=\"sec_dd\">\r\n                            <a href=\"https:\/\/guide.fire-emblem-heroes.com\/wp-content\/uploads\/reflet_onsen_tactician_pop01_2.png\" class=\"popup-image\">\r\n                                <img decoding=\"async\" src=\"https:\/\/guide.fire-emblem-heroes.com\/wp-content\/uploads\/reflet_onsen_tactician_info01.png\" alt=\"\" \/>\r\n                            <\/a>\r\n                        <\/dd>\r\n                        <dt id=\"CHARA_1402_010\" class=\"sec_dt\">Aqu\u00ed la tenemos con su yukata, que presenta un degradado de beis y morado. El pelo recogido y la toalla en los hombros indican claramente que ha venido a relajarse en el agua.<\/dt>\r\n                        <dd class=\"sec_dd\">\r\n                            <a href=\"https:\/\/guide.fire-emblem-heroes.com\/wp-content\/uploads\/reflet_onsen_tactician_pop02.png\" class=\"popup-image\">\r\n                                <img decoding=\"async\" src=\"https:\/\/guide.fire-emblem-heroes.com\/wp-content\/uploads\/reflet_onsen_tactician_info02.png\" alt=\"\" \/>\r\n                            <\/a>\r\n                        <\/dd>\r\n                        <dt id=\"CHARA_1402_011\" class=\"sec_dt\">Lleva el cubo de ba\u00f1o t\u00edpico de las termas&#8230; \u00a1que tambi\u00e9n le puede servir de arma en caso de necesidad! Por cierto, \u00a1los patitos que asoman son una aut\u00e9ntica monada!<\/dt>\r\n                        <dd class=\"sec_dd\">\r\n                            <a href=\"https:\/\/guide.fire-emblem-heroes.com\/wp-content\/uploads\/reflet_onsen_tactician_pop03.png\" class=\"popup-image\">\r\n                                <img decoding=\"async\" src=\"https:\/\/guide.fire-emblem-heroes.com\/wp-content\/uploads\/reflet_onsen_tactician_info03.png\" alt=\"\" \/>\r\n                            <\/a>\r\n                        <\/dd>\r\n                        <dt id=\"CHARA_1402_012\" class=\"sec_dt\">La mente de Daraen no para de idear estrategias nuevas. \u00a1Puede que un remoj\u00f3n en las termas le aguce a\u00fan m\u00e1s el ingenio!<\/dt>\r\n                        <dd class=\"sec_dd\">\r\n                            <a href=\"https:\/\/guide.fire-emblem-heroes.com\/wp-content\/uploads\/reflet_onsen_tactician_pop04.png\" class=\"popup-image\">\r\n                                <img decoding=\"async\" src=\"https:\/\/guide.fire-emblem-heroes.com\/wp-content\/uploads\/reflet_onsen_tactician_info04.png\" alt=\"\" \/>\r\n                            <\/a>\r\n                        <\/dd>\r\n                    <\/dl>\r\n                    <h3 id=\"CHARA_1402_013\" class=\"sec_h3charatxt\">Personajes con los que tiene relaci\u00f3n<\/h3>\r\n                    <h4 id=\"CHARA_1402_014\" class=\"sec_h4charatxt\">Chrom<\/h4>\r\n                    <p id=\"CHARA_1402_015\" class=\"sec_charatxt\">Pr\u00edncipe de Ylisse y descendiente del rey heroico. Dirige a los Custodios. Rescata a Daraen cuando se la encuentra inconsciente.<\/p>\r\n                    <h4 id=\"CHARA_1402_016\" class=\"sec_h4charatxt\">Linfan<\/h4>\r\n                    <p id=\"CHARA_1402_017\" class=\"sec_charatxt\">Daraen es su madre. Aspirante a estratega que padece amnesia. Es alegre y le gusta estudiar.<\/p>\r\n                <\/section>\r\n            <\/article>\r\n        <\/main>","protected":false},"excerpt":{"rendered":"H\u00e9roes misteriosos Estratega termal Daraen Aparece en Fire Emblem: Awakening \u00a1Presentaci\u00f3n de personajes con Sharena! Estratega termal Daraen Daraen es la c\u00e9lebre estratega de los Custodios de Ylisse, el grupo que lidera Chrom. En esta ocasi\u00f3n, luce el traje t\u00edpico de una tierra muy lejana para ir de excursi\u00f3n a las termas. Aqu\u00ed la tenemos [&hellip;]","protected":false},"author":1,"featured_media":67809,"comment_status":"closed","ping_status":"closed","sticky":false,"template":"","format":"standard","meta":{"advanced_seo_description":"","jetpack_seo_html_title":"","jetpack_seo_noindex":false,"jetpack_seo_schema_type":"","_jetpack_newsletter_access":"","_jetpack_dont_email_post_to_subs":false,"_jetpack_newsletter_tier_id":0,"_jetpack_memberships_contains_paywalled_content":false,"_locale":"es_ES","_original_post":"https:\/\/guide.fire-emblem-heroes.com\/?p=67666","_wpcom_ai_launchpad_first_post":false,"_jetpack_feature_clip_id":0,"_jetpack_memberships_contains_paid_content":false,"footnotes":"","jetpack_publicize_message":"{title}\n\n{excerpt}\n\n{url}","jetpack_publicize_feature_enabled":true,"jetpack_social_post_already_shared":false,"jetpack_social_options":{"image_generator_settings":{"template":"highway","default_image_id":0,"font":"","enabled":false},"version":2},"_wpas_customize_per_network":false,"jetpack_post_was_ever_published":false},"categories":[1384,1431,1496,1389],"tags":[1500],"class_list":["post-67672","post","type-post","status-publish","format-standard","has-post-thumbnail","hentry","category-character","category-ex_works_awakening","category-rearmed_heroes","category-new_heroes","tag-heroes-misteriosos","es-ES"],"jetpack_publicize_connections":[],"jetpack_sharing_enabled":false,"jetpack_shortlink":"https:\/\/wp.me\/pa0Mj3-hBu","jetpack_likes_enabled":false,"amp_enabled":false,"jetpack_featured_media_url":"https:\/\/guide.fire-emblem-heroes.com\/wp-content\/uploads\/reflet_onsen_tactician.png","_links":{"self":[{"href":"https:\/\/guide.fire-emblem-heroes.com\/wp-json\/wp\/v2\/posts\/67672","targetHints":{"allow":["GET"]}}],"collection":[{"href":"https:\/\/guide.fire-emblem-heroes.com\/wp-json\/wp\/v2\/posts"}],"about":[{"href":"https:\/\/guide.fire-emblem-heroes.com\/wp-json\/wp\/v2\/types\/post"}],"author":[{"embeddable":true,"href":"https:\/\/guide.fire-emblem-heroes.com\/wp-json\/wp\/v2\/users\/1"}],"replies":[{"embeddable":true,"href":"https:\/\/guide.fire-emblem-heroes.com\/wp-json\/wp\/v2\/comments?post=67672"}],"version-history":[{"count":2,"href":"https:\/\/guide.fire-emblem-heroes.com\/wp-json\/wp\/v2\/posts\/67672\/revisions"}],"predecessor-version":[{"id":67837,"href":"https:\/\/guide.fire-emblem-heroes.com\/wp-json\/wp\/v2\/posts\/67672\/revisions\/67837"}],"wp:featuredmedia":[{"embeddable":true,"href":"https:\/\/guide.fire-emblem-heroes.com\/wp-json\/wp\/v2\/media\/67809"}],"wp:attachment":[{"href":"https:\/\/guide.fire-emblem-heroes.com\/wp-json\/wp\/v2\/media?parent=67672"}],"wp:term":[{"taxonomy":"category","embeddable":true,"href":"https:\/\/guide.fire-emblem-heroes.com\/wp-json\/wp\/v2\/categories?post=67672"},{"taxonomy":"post_tag","embeddable":true,"href":"https:\/\/guide.fire-emblem-heroes.com\/wp-json\/wp\/v2\/tags?post=67672"}],"curies":[{"name":"wp","href":"https:\/\/api.w.org\/{rel}","templated":true}]}}