






{"id":10350,"date":"2019-06-18T15:14:00","date_gmt":"2019-06-18T06:14:00","guid":{"rendered":"https:\/\/guide.fire-emblem-heroes.com\/?p=10350"},"modified":"2019-08-09T13:54:53","modified_gmt":"2019-08-09T04:54:53","slug":"00003002000388","status":"publish","type":"post","link":"https:\/\/guide.fire-emblem-heroes.com\/es-MX\/00003002000388\/","title":{"rendered":"<span class=\"character_nick\">Sol ardiente<\/span><span class=\"character_name\">Laegjarn<\/span>"},"content":{"rendered":"<main id=\"CHARA_066\" class=\"main_page character\">\r\n    <article>\r\n        <section class=\"sec sec_character\">\r\n            <ul class=\"sec_ul sec_ul--character slick-box\">\r\n                <li class=\"sec_li sec_li--character\">\r\n                    <img decoding=\"async\" src=\"https:\/\/guide.fire-emblem-heroes.com\/wp-content\/uploads\/laegjarn_burning_sun_slide01.png\" alt=\"\" \/>\r\n                <\/li>\r\n                <li class=\"sec_li sec_li--character\">\r\n                    <img decoding=\"async\" src=\"https:\/\/guide.fire-emblem-heroes.com\/wp-content\/uploads\/laegjarn_burning_sun_slide02.png\" alt=\"\" \/>\r\n                <\/li>\r\n                <li class=\"sec_li sec_li--character\">\r\n                    <img decoding=\"async\" src=\"https:\/\/guide.fire-emblem-heroes.com\/wp-content\/uploads\/laegjarn_burning_sun_slide03.png\" alt=\"\" \/>\r\n                <\/li>\r\n                <li class=\"sec_li sec_li--character\">\r\n                    <img decoding=\"async\" src=\"https:\/\/guide.fire-emblem-heroes.com\/wp-content\/uploads\/laegjarn_burning_sun_slide04.png\" alt=\"\" \/>\r\n                <\/li>\r\n            <\/ul>\r\n            <div class=\"sec_charainfoarea flex\">\r\n                <div class=\"sec_gif\"><img loading=\"lazy\" decoding=\"async\" src=\"https:\/\/guide.fire-emblem-heroes.com\/wp-content\/uploads\/laegjarn_burning_sun.png\" alt=\"\" width=\"210\" height=\"190\"\/><\/div>\r\n                <div class=\"sec_charainfo\">\r\n                    <p id=\"CHARA_066_002\" class=\"sec_characate sec_characate--special_heroes\">H\u00e9roes especiales<\/p>\r\n                    <p id=\"CHARA_066_003\" class=\"sec_charanick\">Sol ardiente<\/p>\r\n                    <p id=\"CHARA_066_004\" class=\"sec_charaname\">Laegjarn<\/p>\r\n                    <p id=\"CHARA_066_005\" class=\"sec_charaappearancetxt\">Aparece en<\/p>\r\n                    <p id=\"CHARA_066_006\" class=\"sec_charaappearancetxt\">Fire Emblem Heroes<\/p>\r\n                <\/div>\r\n            <\/div>\r\n        <\/section>\r\n    <\/article>\r\n    <article>\r\n        <section class=\"sec sec_characterarea\">\r\n            <div class=\"sec_h2chara\">\r\n                <p id=\"CHARA_066_007\" class=\"sec_h2charattl\">\u00a1Sharena te contar\u00e1 de ella!<\/p>\r\n                <h2 id=\"CHARA_066_008\" class=\"sec_h2charatxt\">Sol ardiente Laegjarn<\/h2>\r\n            <\/div>\r\n            <dl class=\"sec_dl flex\">\r\n                <dt id=\"CHARA_066_009\" class=\"sec_dt\">\u00a1Vaya! Laegjarn, la primera princesa de M\u00faspell, \u00a1se invit\u00f3 a s\u00ed misma a nuestras actividades veraniegas! Esto se podr\u00eda poner inc\u00f3modo.<\/dt>\r\n                <dd class=\"sec_dd\">\r\n                    <a href=\"https:\/\/guide.fire-emblem-heroes.com\/wp-content\/uploads\/laegjarn_burning_sun_pop01.png\" class=\"popup-image\">\r\n                        <img decoding=\"async\" src=\"https:\/\/guide.fire-emblem-heroes.com\/wp-content\/uploads\/laegjarn_burning_sun_info01.png\" alt=\"\" \/>\r\n                    <\/a>\r\n                <\/dd>\r\n                <dt id=\"CHARA_066_010\" class=\"sec_dt\">Probablemente estar\u00e1s pensando &#8220;\u00bfno era nuestra enemiga?&#8221;. Se podr\u00eda decir que s\u00ed, pero no se puede negar que tambi\u00e9n es una hero\u00edna que luch\u00f3 por sus convicciones.<\/dt>\r\n                <dd class=\"sec_dd\">\r\n                    <a href=\"https:\/\/guide.fire-emblem-heroes.com\/wp-content\/uploads\/laegjarn_burning_sun_pop02.png\" class=\"popup-image\">\r\n                        <img decoding=\"async\" src=\"https:\/\/guide.fire-emblem-heroes.com\/wp-content\/uploads\/laegjarn_burning_sun_info02.png\" alt=\"\" \/>\r\n                    <\/a>\r\n                <\/dd>\r\n                <dt id=\"CHARA_066_011\" class=\"sec_dt\">Laegjarn llevaba puesto un traje de armadura imponente la \u00faltima vez que la vimos, pero \u00bfqui\u00e9n llevar\u00eda una armadura a la playa? Esta vez, \u00a1lleva un traje de ba\u00f1o espectacular!<\/dt>\r\n                <dd class=\"sec_dd\">\r\n                    <a href=\"https:\/\/guide.fire-emblem-heroes.com\/wp-content\/uploads\/laegjarn_burning_sun_pop03.png\" class=\"popup-image\">\r\n                        <img decoding=\"async\" src=\"https:\/\/guide.fire-emblem-heroes.com\/wp-content\/uploads\/laegjarn_burning_sun_info03.png\" alt=\"\" \/>\r\n                    <\/a>\r\n                <\/dd>\r\n                <dt id=\"CHARA_066_012\" class=\"sec_dt\">Se ve tan natural como un pez en el agua bajo el sol de Askr. \u00bfQu\u00e9 dices si nos olvidamos del combate y nos fijamos en lo m\u00e1s importante? \u00a1En disfrutar de las vacaciones antes de que termine el verano!<\/dt>\r\n                <dd class=\"sec_dd\">\r\n                    <a href=\"https:\/\/guide.fire-emblem-heroes.com\/wp-content\/uploads\/laegjarn_burning_sun_pop04.png\" class=\"popup-image\">\r\n                        <img decoding=\"async\" src=\"https:\/\/guide.fire-emblem-heroes.com\/wp-content\/uploads\/laegjarn_burning_sun_info04.png\" alt=\"\" \/>\r\n                    <\/a>\r\n                <\/dd>\r\n            <\/dl>\r\n            <h3 id=\"CHARA_066_013\" class=\"sec_h3charatxt\">Personajes relacionados<\/h3>\r\n            <h4 id=\"CHARA_066_014\" class=\"sec_h4charatxt\">Surtr<\/h4>\r\n            <p id=\"CHARA_066_015\" class=\"sec_charatxt\">Es el padre de Laegjarn y rey de M\u00faspell, el reino del fuego. Tiene la sangre del drag\u00f3n \u00edgneo. Es un gobernante severo cuyo anhelo por la conquista no tiene l\u00edmite. <\/p>\r\n            <h4 id=\"CHARA_066_016\" class=\"sec_h4charatxt\">Laevatein<\/h4>\r\n            <p id=\"CHARA_066_017\" class=\"sec_charatxt\">Es la segunda princesa de M\u00faspell, el reino del fuego. Se considera a s\u00ed misma y a la espada que blande como un mismo ser, y mantiene sus emociones bajo control.<\/p>\r\n        <\/section>\r\n    <\/article>\r\n<\/main>","protected":false},"excerpt":{"rendered":"H\u00e9roes especiales Sol ardiente Laegjarn Aparece en Fire Emblem Heroes \u00a1Sharena te contar\u00e1 de ella! Sol ardiente Laegjarn \u00a1Vaya! Laegjarn, la primera princesa de M\u00faspell, \u00a1se invit\u00f3 a s\u00ed misma a nuestras actividades veraniegas! Esto se podr\u00eda poner inc\u00f3modo. Probablemente estar\u00e1s pensando &#8220;\u00bfno era nuestra enemiga?&#8221;. Se podr\u00eda decir que s\u00ed, pero no se puede [&hellip;]","protected":false},"author":1,"featured_media":10448,"comment_status":"closed","ping_status":"closed","sticky":false,"template":"","format":"standard","meta":{"advanced_seo_description":"","jetpack_seo_html_title":"","jetpack_seo_noindex":false,"_jetpack_newsletter_access":"","_jetpack_dont_email_post_to_subs":false,"_jetpack_newsletter_tier_id":0,"_jetpack_memberships_contains_paywalled_content":false,"_locale":"es_MX","_original_post":"10345","_jetpack_memberships_contains_paid_content":false,"footnotes":"","jetpack_publicize_message":"","jetpack_publicize_feature_enabled":true,"jetpack_social_post_already_shared":true,"jetpack_social_options":{"image_generator_settings":{"template":"highway","default_image_id":0,"font":"","enabled":false},"version":2},"_wpas_customize_per_network":false,"jetpack_post_was_ever_published":false},"categories":[1384,1423,1405,1390],"tags":[1409],"class_list":["post-10350","post","type-post","status-publish","format-standard","has-post-thumbnail","hentry","category-character","category-ex_works_heroes","category-special_heroes","category-stay_heroes","tag-heroes-especiales","es-MX"],"jetpack_publicize_connections":[],"jetpack_featured_media_url":"https:\/\/guide.fire-emblem-heroes.com\/wp-content\/uploads\/laegjarn_burning_sun.png","jetpack_sharing_enabled":false,"jetpack_shortlink":"https:\/\/wp.me\/pa0Mj3-2GW","jetpack_likes_enabled":false,"amp_enabled":true,"_links":{"self":[{"href":"https:\/\/guide.fire-emblem-heroes.com\/wp-json\/wp\/v2\/posts\/10350","targetHints":{"allow":["GET"]}}],"collection":[{"href":"https:\/\/guide.fire-emblem-heroes.com\/wp-json\/wp\/v2\/posts"}],"about":[{"href":"https:\/\/guide.fire-emblem-heroes.com\/wp-json\/wp\/v2\/types\/post"}],"author":[{"embeddable":true,"href":"https:\/\/guide.fire-emblem-heroes.com\/wp-json\/wp\/v2\/users\/1"}],"replies":[{"embeddable":true,"href":"https:\/\/guide.fire-emblem-heroes.com\/wp-json\/wp\/v2\/comments?post=10350"}],"version-history":[{"count":1,"href":"https:\/\/guide.fire-emblem-heroes.com\/wp-json\/wp\/v2\/posts\/10350\/revisions"}],"predecessor-version":[{"id":10359,"href":"https:\/\/guide.fire-emblem-heroes.com\/wp-json\/wp\/v2\/posts\/10350\/revisions\/10359"}],"wp:featuredmedia":[{"embeddable":true,"href":"https:\/\/guide.fire-emblem-heroes.com\/wp-json\/wp\/v2\/media\/10448"}],"wp:attachment":[{"href":"https:\/\/guide.fire-emblem-heroes.com\/wp-json\/wp\/v2\/media?parent=10350"}],"wp:term":[{"taxonomy":"category","embeddable":true,"href":"https:\/\/guide.fire-emblem-heroes.com\/wp-json\/wp\/v2\/categories?post=10350"},{"taxonomy":"post_tag","embeddable":true,"href":"https:\/\/guide.fire-emblem-heroes.com\/wp-json\/wp\/v2\/tags?post=10350"}],"curies":[{"name":"wp","href":"https:\/\/api.w.org\/{rel}","templated":true}]}}