






{"id":10959,"date":"2019-07-18T19:54:20","date_gmt":"2019-07-18T10:54:20","guid":{"rendered":"https:\/\/guide.fire-emblem-heroes.com\/?p=10959"},"modified":"2019-08-07T12:38:40","modified_gmt":"2019-08-07T03:38:40","slug":"12002001000399","status":"publish","type":"post","link":"https:\/\/guide.fire-emblem-heroes.com\/es-MX\/12002001000399\/","title":{"rendered":"<span class=\"character_nick\">Heredera \u00e1vida<\/span><span class=\"character_name\">Edelgard<\/span>"},"content":{"rendered":"<main id=\"CHARA_079\" class=\"main_page character\">\r\n    <article>\r\n        <section class=\"sec sec_character\">\r\n            <ul class=\"sec_ul sec_ul--character slick-box\">\r\n                <li class=\"sec_li sec_li--character\">\r\n                    <img decoding=\"async\" src=\"https:\/\/guide.fire-emblem-heroes.com\/wp-content\/uploads\/edelgard_of_black_eagles_slide01.png\" alt=\"\" \/>\r\n                <\/li>\r\n                <li class=\"sec_li sec_li--character\">\r\n                    <img decoding=\"async\" src=\"https:\/\/guide.fire-emblem-heroes.com\/wp-content\/uploads\/edelgard_of_black_eagles_slide02.png\" alt=\"\" \/>\r\n                <\/li>\r\n                <li class=\"sec_li sec_li--character\">\r\n                    <img decoding=\"async\" src=\"https:\/\/guide.fire-emblem-heroes.com\/wp-content\/uploads\/edelgard_of_black_eagles_slide03.png\" alt=\"\" \/>\r\n                <\/li>\r\n                <li class=\"sec_li sec_li--character\">\r\n                    <img decoding=\"async\" src=\"https:\/\/guide.fire-emblem-heroes.com\/wp-content\/uploads\/edelgard_of_black_eagles_slide04.png\" alt=\"\" \/>\r\n                <\/li>\r\n            <\/ul>\r\n            <div class=\"sec_charainfoarea flex\">\r\n                <div class=\"sec_gif\"><img loading=\"lazy\" decoding=\"async\" src=\"https:\/\/guide.fire-emblem-heroes.com\/wp-content\/uploads\/edelgard_of_black_eagles.png\" alt=\"\" width=\"210\" height=\"190\"\/><\/div>\r\n                <div class=\"sec_charainfo\">\r\n                    <p id=\"CHARA_079_002\" class=\"sec_characate sec_characate--heroes\">H\u00e9roes<\/p>\r\n                    <p id=\"CHARA_079_003\" class=\"sec_charanick\">Heredera \u00e1vida<\/p>\r\n                    <p id=\"CHARA_079_004\" class=\"sec_charaname\">Edelgard<\/p>\r\n                    <p id=\"CHARA_079_005\" class=\"sec_charaappearancetxt\">Aparece en<\/p>\r\n                    <p id=\"CHARA_079_006\" class=\"sec_charaappearancetxt\">Fire Emblem: Three Houses<\/p>\r\n                <\/div>\r\n            <\/div>\r\n        <\/section>\r\n    <\/article>\r\n    <article>\r\n        <section class=\"sec sec_characterarea\">\r\n            <div class=\"sec_h2chara\">\r\n                <p id=\"CHARA_079_007\" class=\"sec_h2charattl\">\u00a1Sharena te contar\u00e1 de ella!<\/p>\r\n                <h2 id=\"CHARA_079_008\" class=\"sec_h2charatxt\">Heredera \u00e1vida Edelgard<\/h2>\r\n            <\/div>\r\n            <dl class=\"sec_dl flex\">\r\n                <dt id=\"CHARA_079_009\" class=\"sec_dt\">Edelgard es l\u00edder de la Casa del \u00c1guila Negra. Es la casa de los estudiantes del Imperio de Adrestia en la Academia de Oficiales del continente de F\u00f3dlan.<\/dt>\r\n                <dd class=\"sec_dd\">\r\n                    <a href=\"https:\/\/guide.fire-emblem-heroes.com\/wp-content\/uploads\/edelgard_of_black_eagles_pop01.png\" class=\"popup-image\">\r\n                        <img decoding=\"async\" src=\"https:\/\/guide.fire-emblem-heroes.com\/wp-content\/uploads\/edelgard_of_black_eagles_info01.png\" alt=\"\" \/>\r\n                    <\/a>\r\n                <\/dd>\r\n                <dt id=\"CHARA_079_010\" class=\"sec_dt\">Es la \u00fanica heredera del trono del imperio. \u00a1Tiene un aire de dignidad y seguridad que ya quisieran tener otros pr\u00edncipes y princesas! Cr\u00e9eme.<\/dt>\r\n                <dd class=\"sec_dd\">\r\n                    <a href=\"https:\/\/guide.fire-emblem-heroes.com\/wp-content\/uploads\/edelgard_of_black_eagles_pop02.png\" class=\"popup-image\">\r\n                        <img decoding=\"async\" src=\"https:\/\/guide.fire-emblem-heroes.com\/wp-content\/uploads\/edelgard_of_black_eagles_info02.png\" alt=\"\" \/>\r\n                    <\/a>\r\n                <\/dd>\r\n                <dt id=\"CHARA_079_011\" class=\"sec_dt\">Edelgard estudia la historia y el arte de gobernaci\u00f3n con mucha pasi\u00f3n. Parece como si la motivara alguna meta o ambici\u00f3n.<\/dt>\r\n                <dd class=\"sec_dd\">\r\n                    <a href=\"https:\/\/guide.fire-emblem-heroes.com\/wp-content\/uploads\/edelgard_of_black_eagles_pop03.png\" class=\"popup-image\">\r\n                        <img decoding=\"async\" src=\"https:\/\/guide.fire-emblem-heroes.com\/wp-content\/uploads\/edelgard_of_black_eagles_info03.png\" alt=\"\" \/>\r\n                    <\/a>\r\n                <\/dd>\r\n                <dt id=\"CHARA_079_012\" class=\"sec_dt\">Tiene una disposici\u00f3n tranquila y met\u00f3dica. Sea cual sea su plan, se asegurar\u00e1 de llevarlo a cabo paso por paso. \u00bfMe pregunto a qu\u00e9 se dedicar\u00e1 cuando termine sus estudios con las \u00c1guilas Negras?<\/dt>\r\n                <dd class=\"sec_dd\">\r\n                    <a href=\"https:\/\/guide.fire-emblem-heroes.com\/wp-content\/uploads\/edelgard_of_black_eagles_pop04.png\" class=\"popup-image\">\r\n                        <img decoding=\"async\" src=\"https:\/\/guide.fire-emblem-heroes.com\/wp-content\/uploads\/edelgard_of_black_eagles_info04.png\" alt=\"\" \/>\r\n                    <\/a>\r\n                <\/dd>\r\n            <\/dl>\r\n            <h3 id=\"CHARA_079_013\" class=\"sec_h3charatxt\">Personajes relacionados<\/h3>\r\n            <h4 id=\"CHARA_079_014\" class=\"sec_h4charatxt\">Dimitri<\/h4>\r\n            <p id=\"CHARA_079_015\" class=\"sec_charatxt\">Es pr\u00edncipe y heredero del Sacro Reino de Faerghus. Tiene fama de ser valiente y fiel, pero tiene un lado oscuro. Es l\u00edder de los Leones Azules y rival de Edelgard.<\/p>\r\n            <h4 id=\"CHARA_079_016\" class=\"sec_h4charatxt\">Claude<\/h4>\r\n            <p id=\"CHARA_079_017\" class=\"sec_charatxt\">Es el hijo de duque Riegan, el l\u00edder de la Alianza de Leicester. Es dif\u00edcil comprenderlo y usa m\u00e9todos tanto justos como sucios para lograr su objetivo. Es l\u00edder de la Casa del Ciervo Dorado y otro rival de Edelgard.<\/p>\r\n        <\/section>\r\n    <\/article>\r\n<\/main>","protected":false},"excerpt":{"rendered":"H\u00e9roes Heredera \u00e1vida Edelgard Aparece en Fire Emblem: Three Houses \u00a1Sharena te contar\u00e1 de ella! Heredera \u00e1vida Edelgard Edelgard es l\u00edder de la Casa del \u00c1guila Negra. Es la casa de los estudiantes del Imperio de Adrestia en la Academia de Oficiales del continente de F\u00f3dlan. Es la \u00fanica heredera del trono del imperio. \u00a1Tiene [&hellip;]","protected":false},"author":1,"featured_media":10997,"comment_status":"closed","ping_status":"closed","sticky":false,"template":"","format":"standard","meta":{"advanced_seo_description":"","jetpack_seo_html_title":"","jetpack_seo_noindex":false,"_jetpack_newsletter_access":"","_jetpack_dont_email_post_to_subs":false,"_jetpack_newsletter_tier_id":0,"_jetpack_memberships_contains_paywalled_content":false,"_locale":"es_MX","_original_post":"10954","_jetpack_memberships_contains_paid_content":false,"footnotes":"","jetpack_publicize_message":"","jetpack_publicize_feature_enabled":true,"jetpack_social_post_already_shared":true,"jetpack_social_options":{"image_generator_settings":{"template":"highway","default_image_id":0,"font":"","enabled":false},"version":2},"_wpas_customize_per_network":false,"jetpack_post_was_ever_published":false},"categories":[1384,1415,1434,1390],"tags":[1422],"class_list":["post-10959","post","type-post","status-publish","format-standard","has-post-thumbnail","hentry","category-character","category-heroes","category-ex_works_three_houses","category-stay_heroes","tag-heroes-2","es-MX"],"jetpack_publicize_connections":[],"jetpack_featured_media_url":"https:\/\/guide.fire-emblem-heroes.com\/wp-content\/uploads\/edelgard_of_black_eagles.png","jetpack_sharing_enabled":false,"jetpack_shortlink":"https:\/\/wp.me\/pa0Mj3-2QL","jetpack_likes_enabled":false,"amp_enabled":true,"_links":{"self":[{"href":"https:\/\/guide.fire-emblem-heroes.com\/wp-json\/wp\/v2\/posts\/10959","targetHints":{"allow":["GET"]}}],"collection":[{"href":"https:\/\/guide.fire-emblem-heroes.com\/wp-json\/wp\/v2\/posts"}],"about":[{"href":"https:\/\/guide.fire-emblem-heroes.com\/wp-json\/wp\/v2\/types\/post"}],"author":[{"embeddable":true,"href":"https:\/\/guide.fire-emblem-heroes.com\/wp-json\/wp\/v2\/users\/1"}],"replies":[{"embeddable":true,"href":"https:\/\/guide.fire-emblem-heroes.com\/wp-json\/wp\/v2\/comments?post=10959"}],"version-history":[{"count":1,"href":"https:\/\/guide.fire-emblem-heroes.com\/wp-json\/wp\/v2\/posts\/10959\/revisions"}],"predecessor-version":[{"id":10968,"href":"https:\/\/guide.fire-emblem-heroes.com\/wp-json\/wp\/v2\/posts\/10959\/revisions\/10968"}],"wp:featuredmedia":[{"embeddable":true,"href":"https:\/\/guide.fire-emblem-heroes.com\/wp-json\/wp\/v2\/media\/10997"}],"wp:attachment":[{"href":"https:\/\/guide.fire-emblem-heroes.com\/wp-json\/wp\/v2\/media?parent=10959"}],"wp:term":[{"taxonomy":"category","embeddable":true,"href":"https:\/\/guide.fire-emblem-heroes.com\/wp-json\/wp\/v2\/categories?post=10959"},{"taxonomy":"post_tag","embeddable":true,"href":"https:\/\/guide.fire-emblem-heroes.com\/wp-json\/wp\/v2\/tags?post=10959"}],"curies":[{"name":"wp","href":"https:\/\/api.w.org\/{rel}","templated":true}]}}