






{"id":14348,"date":"2019-12-04T12:47:06","date_gmt":"2019-12-04T03:47:06","guid":{"rendered":"https:\/\/guide.fire-emblem-heroes.com\/?p=14348"},"modified":"2019-12-25T15:35:51","modified_gmt":"2019-12-25T06:35:51","slug":"04001004000458","status":"publish","type":"post","link":"https:\/\/guide.fire-emblem-heroes.com\/es-MX\/04001004000458\/","title":{"rendered":"<span class=\"character_nick\">Se\u00f1ora de Fiana<\/span> <span class=\"character_name\">Eyvel<\/span>"},"content":{"rendered":"<main id=\"CHARA_159\" class=\"main_page character\">\r\n    <article>\r\n        <section class=\"sec sec_character\">\r\n            <ul class=\"sec_ul sec_ul--character slick-box\">\r\n                <li class=\"sec_li sec_li--character\">\r\n                    <img decoding=\"async\" src=\"https:\/\/guide.fire-emblem-heroes.com\/wp-content\/uploads\/eyvel_mistress_of_fiana_slide01.png\" alt=\"\" \/>\r\n                <\/li>\r\n                <li class=\"sec_li sec_li--character\">\r\n                    <img decoding=\"async\" src=\"https:\/\/guide.fire-emblem-heroes.com\/wp-content\/uploads\/eyvel_mistress_of_fiana_slide02.png\" alt=\"\" \/>\r\n                <\/li>\r\n                <li class=\"sec_li sec_li--character\">\r\n                    <img decoding=\"async\" src=\"https:\/\/guide.fire-emblem-heroes.com\/wp-content\/uploads\/eyvel_mistress_of_fiana_slide03.png\" alt=\"\" \/>\r\n                <\/li>\r\n                <li class=\"sec_li sec_li--character\">\r\n                    <img decoding=\"async\" src=\"https:\/\/guide.fire-emblem-heroes.com\/wp-content\/uploads\/eyvel_mistress_of_fiana_slide04.png\" alt=\"\" \/>\r\n                <\/li>\r\n            <\/ul>\r\n            <div class=\"sec_charainfoarea flex\">\r\n                <div class=\"sec_gif\"><img loading=\"lazy\" decoding=\"async\" src=\"https:\/\/guide.fire-emblem-heroes.com\/wp-content\/uploads\/eyvel_mistress_of_fiana.png\" alt=\"\" width=\"210\" height=\"190\"\/><\/div>\r\n                <div class=\"sec_charainfo\">\r\n                    <p id=\"CHARA_159_002\" class=\"sec_characate sec_characate--heroes\">H\u00e9roes<\/p>\r\n                    <p id=\"CHARA_159_003\" class=\"sec_charanick\">Se\u00f1ora de Fiana<\/p>\r\n                    <p id=\"CHARA_159_004\" class=\"sec_charaname\">Eyvel<\/p>\r\n                    <p id=\"CHARA_159_005\" class=\"sec_charaappearancetxt\">Aparece en<\/p>\r\n                    <p id=\"CHARA_159_006\" class=\"sec_charaappearancetxt\">Fire Emblem: Thracia 776<\/p>\r\n                <\/div>\r\n            <\/div>\r\n        <\/section>\r\n    <\/article>\r\n    <article>\r\n        <section class=\"sec sec_characterarea\">\r\n            <div class=\"sec_h2chara\">\r\n                <p id=\"CHARA_159_007\" class=\"sec_h2charattl\">\u00a1Sharena te contar\u00e1 de ella!<\/p>\r\n                <h2 id=\"CHARA_159_008\" class=\"sec_h2charatxt\">Se\u00f1ora de Fiana Eyvel<\/h2>\r\n            <\/div>\r\n            <dl class=\"sec_dl flex\">\r\n                <dt id=\"CHARA_159_009\" class=\"sec_dt\">En el continente de Jugdral, al este de Thracia, hay una peque\u00f1a aldea llamada Fiana. All\u00ed, una espadachina indomable lidera una peque\u00f1a comunidad. Su nombre es Eyvel \u00a1y es una hero\u00edna!<\/dt>\r\n                <dd class=\"sec_dd\">\r\n                    <a href=\"https:\/\/guide.fire-emblem-heroes.com\/wp-content\/uploads\/eyvel_mistress_of_fiana_pop01.png\" class=\"popup-image\">\r\n                        <img decoding=\"async\" src=\"https:\/\/guide.fire-emblem-heroes.com\/wp-content\/uploads\/eyvel_mistress_of_fiana_info01.png\" alt=\"\" \/>\r\n                    <\/a>\r\n                <\/dd>\r\n                <dt id=\"CHARA_159_010\" class=\"sec_dt\">Eyvel no recuerda los detalles de su pasado. Por un tiempo se gan\u00f3 la vida trabajando de mercenaria errante, hasta que estableci\u00f3 la aldea de Fiana luego de deshacerse de los piratas y bandidos que intimidaban a sus habitantes.<\/dt>\r\n                <dd class=\"sec_dd\">\r\n                    <a href=\"https:\/\/guide.fire-emblem-heroes.com\/wp-content\/uploads\/eyvel_mistress_of_fiana_pop02.png\" class=\"popup-image\">\r\n                        <img decoding=\"async\" src=\"https:\/\/guide.fire-emblem-heroes.com\/wp-content\/uploads\/eyvel_mistress_of_fiana_info02.png\" alt=\"\" \/>\r\n                    <\/a>\r\n                <\/dd>\r\n                <dt id=\"CHARA_159_011\" class=\"sec_dt\">Un d\u00eda que Eyvel se encontraba ausente de la aldea, llegaron unos soldados de Grannvale persiguiendo a Leif, el pr\u00edncipe de Leonster. Durante el enfrentamiento, Mareeta, la hija adoptiva de Eyvel, fue secuestrada.<\/dt>\r\n                <dd class=\"sec_dd\">\r\n                    <a href=\"https:\/\/guide.fire-emblem-heroes.com\/wp-content\/uploads\/eyvel_mistress_of_fiana_pop03.png\" class=\"popup-image\">\r\n                        <img decoding=\"async\" src=\"https:\/\/guide.fire-emblem-heroes.com\/wp-content\/uploads\/eyvel_mistress_of_fiana_info03.png\" alt=\"\" \/>\r\n                    <\/a>\r\n                <\/dd>\r\n                <dt id=\"CHARA_159_012\" class=\"sec_dt\">Para poder rescatar a su hija, Eyvel decidi\u00f3 unirse a Leif en su lucha contra el imperio de Grannvale. \u00a1Ahora esos infames podr\u00e1n ver su don con la espada con sus propios ojos!<\/dt>\r\n                <dd class=\"sec_dd\">\r\n                    <a href=\"https:\/\/guide.fire-emblem-heroes.com\/wp-content\/uploads\/eyvel_mistress_of_fiana_pop04.png\" class=\"popup-image\">\r\n                        <img decoding=\"async\" src=\"https:\/\/guide.fire-emblem-heroes.com\/wp-content\/uploads\/eyvel_mistress_of_fiana_info04.png\" alt=\"\" \/>\r\n                    <\/a>\r\n                <\/dd>\r\n            <\/dl>\r\n            <h3 id=\"CHARA_159_013\" class=\"sec_h3charatxt\">Personajes relacionados<\/h3>\r\n            <h4 id=\"CHARA_159_014\" class=\"sec_h4charatxt\">Mareeta<\/h4>\r\n            <p id=\"CHARA_159_015\" class=\"sec_charatxt\">Es una espadachina de Fiana. Eyvel rescat\u00f3 a la joven Mareeta de unos traficantes de esclavos y la adopt\u00f3.<\/p>\r\n            <h4 id=\"CHARA_159_016\" class=\"sec_h4charatxt\">Osian<\/h4>\r\n            <p id=\"CHARA_159_017\" class=\"sec_charatxt\">Es un guerrero miembro de los Valientes de Fiana. Es impaciente e impulsivo, pero tiene un buen coraz\u00f3n. Se uni\u00f3 a la causa de Leif cuando Eyvel se enlist\u00f3 en su ej\u00e9rcito.<\/p>\r\n            <h4 id=\"CHARA_159_018\" class=\"sec_h4charatxt\">Halvan<\/h4>\r\n            <p id=\"CHARA_159_019\" class=\"sec_charatxt\">Es otro de los guerreros de los Valientes de Fiana. El car\u00e1cter calmado y sereno de Halvan complementa el de Osian. Considera a Eyvel como una madre.<\/p>\r\n        <\/section>\r\n    <\/article>\r\n<\/main>","protected":false},"excerpt":{"rendered":"H\u00e9roes Se\u00f1ora de Fiana Eyvel Aparece en Fire Emblem: Thracia 776 \u00a1Sharena te contar\u00e1 de ella! Se\u00f1ora de Fiana Eyvel En el continente de Jugdral, al este de Thracia, hay una peque\u00f1a aldea llamada Fiana. All\u00ed, una espadachina indomable lidera una peque\u00f1a comunidad. Su nombre es Eyvel \u00a1y es una hero\u00edna! Eyvel no recuerda los [&hellip;]","protected":false},"author":1,"featured_media":14460,"comment_status":"closed","ping_status":"closed","sticky":false,"template":"","format":"standard","meta":{"advanced_seo_description":"","jetpack_seo_html_title":"","jetpack_seo_noindex":false,"_jetpack_newsletter_access":"","_jetpack_dont_email_post_to_subs":false,"_jetpack_newsletter_tier_id":0,"_jetpack_memberships_contains_paywalled_content":false,"_locale":"es_MX","_original_post":"14342","_jetpack_memberships_contains_paid_content":false,"footnotes":"","jetpack_publicize_message":"","jetpack_publicize_feature_enabled":true,"jetpack_social_post_already_shared":true,"jetpack_social_options":{"image_generator_settings":{"template":"highway","default_image_id":0,"font":"","enabled":false},"version":2},"_wpas_customize_per_network":false,"jetpack_post_was_ever_published":false},"categories":[1384,1438,1415,1390],"tags":[1422],"class_list":["post-14348","post","type-post","status-publish","format-standard","has-post-thumbnail","hentry","category-character","category-ex_works_thracia_776","category-heroes","category-stay_heroes","tag-heroes-2","es-MX"],"jetpack_publicize_connections":[],"jetpack_featured_media_url":"https:\/\/guide.fire-emblem-heroes.com\/wp-content\/uploads\/eyvel_mistress_of_fiana.png","jetpack_sharing_enabled":false,"jetpack_shortlink":"https:\/\/wp.me\/pa0Mj3-3Jq","jetpack_likes_enabled":false,"amp_enabled":true,"_links":{"self":[{"href":"https:\/\/guide.fire-emblem-heroes.com\/wp-json\/wp\/v2\/posts\/14348","targetHints":{"allow":["GET"]}}],"collection":[{"href":"https:\/\/guide.fire-emblem-heroes.com\/wp-json\/wp\/v2\/posts"}],"about":[{"href":"https:\/\/guide.fire-emblem-heroes.com\/wp-json\/wp\/v2\/types\/post"}],"author":[{"embeddable":true,"href":"https:\/\/guide.fire-emblem-heroes.com\/wp-json\/wp\/v2\/users\/1"}],"replies":[{"embeddable":true,"href":"https:\/\/guide.fire-emblem-heroes.com\/wp-json\/wp\/v2\/comments?post=14348"}],"version-history":[{"count":1,"href":"https:\/\/guide.fire-emblem-heroes.com\/wp-json\/wp\/v2\/posts\/14348\/revisions"}],"predecessor-version":[{"id":14362,"href":"https:\/\/guide.fire-emblem-heroes.com\/wp-json\/wp\/v2\/posts\/14348\/revisions\/14362"}],"wp:featuredmedia":[{"embeddable":true,"href":"https:\/\/guide.fire-emblem-heroes.com\/wp-json\/wp\/v2\/media\/14460"}],"wp:attachment":[{"href":"https:\/\/guide.fire-emblem-heroes.com\/wp-json\/wp\/v2\/media?parent=14348"}],"wp:term":[{"taxonomy":"category","embeddable":true,"href":"https:\/\/guide.fire-emblem-heroes.com\/wp-json\/wp\/v2\/categories?post=14348"},{"taxonomy":"post_tag","embeddable":true,"href":"https:\/\/guide.fire-emblem-heroes.com\/wp-json\/wp\/v2\/tags?post=14348"}],"curies":[{"name":"wp","href":"https:\/\/api.w.org\/{rel}","templated":true}]}}