






{"id":14411,"date":"2019-12-04T13:12:36","date_gmt":"2019-12-04T04:12:36","guid":{"rendered":"https:\/\/guide.fire-emblem-heroes.com\/?p=14411"},"modified":"2019-12-23T13:15:50","modified_gmt":"2019-12-23T04:15:50","slug":"04099003000459","status":"publish","type":"post","link":"https:\/\/guide.fire-emblem-heroes.com\/es-MX\/04099003000459\/","title":{"rendered":"<span class=\"character_nick\">General instigador<\/span> <span class=\"character_name\">Kempf<\/span>"},"content":{"rendered":"<main id=\"CHARA_162\" class=\"main_page character\">\r\n    <article>\r\n        <section class=\"sec sec_character\">\r\n            <ul class=\"sec_ul sec_ul--character slick-box\">\r\n                <li class=\"sec_li sec_li--character\">\r\n                    <img decoding=\"async\" src=\"https:\/\/guide.fire-emblem-heroes.com\/wp-content\/uploads\/kempf_conniving_general_slide01.png\" alt=\"\" \/>\r\n                <\/li>\r\n                <li class=\"sec_li sec_li--character\">\r\n                    <img decoding=\"async\" src=\"https:\/\/guide.fire-emblem-heroes.com\/wp-content\/uploads\/kempf_conniving_general_slide02.png\" alt=\"\" \/>\r\n                <\/li>\r\n                <li class=\"sec_li sec_li--character\">\r\n                    <img decoding=\"async\" src=\"https:\/\/guide.fire-emblem-heroes.com\/wp-content\/uploads\/kempf_conniving_general_slide03.png\" alt=\"\" \/>\r\n                <\/li>\r\n                <li class=\"sec_li sec_li--character\">\r\n                    <img decoding=\"async\" src=\"https:\/\/guide.fire-emblem-heroes.com\/wp-content\/uploads\/kempf_conniving_general_slide04.png\" alt=\"\" \/>\r\n                <\/li>\r\n            <\/ul>\r\n            <div class=\"sec_charainfoarea flex\">\r\n                <div class=\"sec_gif\"><img loading=\"lazy\" decoding=\"async\" src=\"https:\/\/guide.fire-emblem-heroes.com\/wp-content\/uploads\/kempf_conniving_general.png\" alt=\"\" width=\"210\" height=\"190\"\/><\/div>\r\n                <div class=\"sec_charainfo\">\r\n                    <p id=\"CHARA_162_002\" class=\"sec_characate sec_characate--heroes\">H\u00e9roes<\/p>\r\n                    <p id=\"CHARA_162_003\" class=\"sec_charanick\">General instigador<\/p>\r\n                    <p id=\"CHARA_162_004\" class=\"sec_charaname\">Kempf<\/p>\r\n                    <p id=\"CHARA_162_005\" class=\"sec_charaappearancetxt\">Aparece en<\/p>\r\n                    <p id=\"CHARA_162_006\" class=\"sec_charaappearancetxt\">Fire Emblem: Thracia 776<\/p>\r\n                <\/div>\r\n            <\/div>\r\n        <\/section>\r\n    <\/article>\r\n    <article>\r\n        <section class=\"sec sec_characterarea\">\r\n            <div class=\"sec_h2chara\">\r\n                <p id=\"CHARA_162_007\" class=\"sec_h2charattl\">\u00a1Sharena te contar\u00e1 de \u00e9l!<\/p>\r\n                <h2 id=\"CHARA_162_008\" class=\"sec_h2charatxt\">General instigador Kempf<\/h2>\r\n            <\/div>\r\n            <dl class=\"sec_dl flex\">\r\n                <dt id=\"CHARA_162_009\" class=\"sec_dt\">Kempf es un general de las fuerzas imperiales de Grannvale. Tambi\u00e9n es miembro de la familia real de Friege, descendientes del cruzado Thrud, y al parecer su linaje se le subi\u00f3 a la cabeza.<\/dt>\r\n                <dd class=\"sec_dd\">\r\n                    <a href=\"https:\/\/guide.fire-emblem-heroes.com\/wp-content\/uploads\/kempf_conniving_general_pop01.png\" class=\"popup-image\">\r\n                        <img decoding=\"async\" src=\"https:\/\/guide.fire-emblem-heroes.com\/wp-content\/uploads\/kempf_conniving_general_info01.png\" alt=\"\" \/>\r\n                    <\/a>\r\n                <\/dd>\r\n                <dt id=\"CHARA_162_010\" class=\"sec_dt\">Kempf tiene muchos celos de Reinhardt, a quien a menudo le llaman la reencarnaci\u00f3n de Thrud. Y cada vez que se presenta la ocasi\u00f3n, se pelea con Olwen, la hermana de Reinhardt.<\/dt>\r\n                <dd class=\"sec_dd\">\r\n                    <a href=\"https:\/\/guide.fire-emblem-heroes.com\/wp-content\/uploads\/kempf_conniving_general_pop02.png\" class=\"popup-image\">\r\n                        <img decoding=\"async\" src=\"https:\/\/guide.fire-emblem-heroes.com\/wp-content\/uploads\/kempf_conniving_general_info02.png\" alt=\"\" \/>\r\n                    <\/a>\r\n                <\/dd>\r\n                <dt id=\"CHARA_162_011\" class=\"sec_dt\">Kempf es un astuto estratega con un talento para elaborar t\u00e1cticas inusuales. Por desgracia, esas t\u00e1cticas pueden resultar en la muerte de sus aliados si le sirven para derrotar a su enemigo. Pueden incluso conllevarlo a abandonar a sus aliados si hay riesgo de sufrir una derrota. \u00a1Cielos!<\/dt>\r\n                <dd class=\"sec_dd\">\r\n                    <a href=\"https:\/\/guide.fire-emblem-heroes.com\/wp-content\/uploads\/kempf_conniving_general_pop03.png\" class=\"popup-image\">\r\n                        <img decoding=\"async\" src=\"https:\/\/guide.fire-emblem-heroes.com\/wp-content\/uploads\/kempf_conniving_general_info03.png\" alt=\"\" \/>\r\n                    <\/a>\r\n                <\/dd>\r\n                <dt id=\"CHARA_162_012\" class=\"sec_dt\">Bueno, es cierto que podr\u00eda tener una mejor personalidad, y posiblemente no es un &#8220;h\u00e9roe&#8221; en el sentido estricto de la palabra, pero a\u00fan pienso que Kempf podr\u00eda ayudar a la Orden de H\u00e9roes con su mente anal\u00edtica&#8230; \u00a1Y ojal\u00e1 sin tener que sacrificar a nadie por la victoria!<\/dt>\r\n                <dd class=\"sec_dd\">\r\n                    <a href=\"https:\/\/guide.fire-emblem-heroes.com\/wp-content\/uploads\/kempf_conniving_general_pop04.png\" class=\"popup-image\">\r\n                        <img decoding=\"async\" src=\"https:\/\/guide.fire-emblem-heroes.com\/wp-content\/uploads\/kempf_conniving_general_info04.png\" alt=\"\" \/>\r\n                    <\/a>\r\n                <\/dd>\r\n            <\/dl>\r\n            <h3 id=\"CHARA_162_013\" class=\"sec_h3charatxt\">Personajes relacionados<\/h3>\r\n            <h4 id=\"CHARA_162_014\" class=\"sec_h4charatxt\">Olwen<\/h4>\r\n            <p id=\"CHARA_162_015\" class=\"sec_charatxt\">Es una caballera maga del ej\u00e9rcito de Friege. Sus ideales a veces la hacen tener disputas con su querido hermano, Reinhardt. Kempf tiene tanta envidia de Reinhardt, que no puede ni mirarla.<\/p>\r\n            <h4 id=\"CHARA_162_016\" class=\"sec_h4charatxt\">Reinhardt<\/h4>\r\n            <p id=\"CHARA_162_017\" class=\"sec_charatxt\">Es un caballero mago formidable y admirado del ej\u00e9rcito de Friege. Siempre tiene tiempo para su hermana menor, Olwen. Kempf le tiene una envidia amarga.<\/p>\r\n        <\/section>\r\n    <\/article>\r\n<\/main>","protected":false},"excerpt":{"rendered":"H\u00e9roes General instigador Kempf Aparece en Fire Emblem: Thracia 776 \u00a1Sharena te contar\u00e1 de \u00e9l! General instigador Kempf Kempf es un general de las fuerzas imperiales de Grannvale. Tambi\u00e9n es miembro de la familia real de Friege, descendientes del cruzado Thrud, y al parecer su linaje se le subi\u00f3 a la cabeza. Kempf tiene muchos [&hellip;]","protected":false},"author":1,"featured_media":14473,"comment_status":"closed","ping_status":"closed","sticky":false,"template":"","format":"standard","meta":{"advanced_seo_description":"","jetpack_seo_html_title":"","jetpack_seo_noindex":false,"_jetpack_newsletter_access":"","_jetpack_dont_email_post_to_subs":false,"_jetpack_newsletter_tier_id":0,"_jetpack_memberships_contains_paywalled_content":false,"_locale":"es_MX","_original_post":"14405","_jetpack_memberships_contains_paid_content":false,"footnotes":"","jetpack_publicize_message":"","jetpack_publicize_feature_enabled":true,"jetpack_social_post_already_shared":true,"jetpack_social_options":{"image_generator_settings":{"template":"highway","default_image_id":0,"font":"","enabled":false},"version":2},"_wpas_customize_per_network":false,"jetpack_post_was_ever_published":false},"categories":[1384,1438,1415,1390],"tags":[1422],"class_list":["post-14411","post","type-post","status-publish","format-standard","has-post-thumbnail","hentry","category-character","category-ex_works_thracia_776","category-heroes","category-stay_heroes","tag-heroes-2","es-MX"],"jetpack_publicize_connections":[],"jetpack_featured_media_url":"https:\/\/guide.fire-emblem-heroes.com\/wp-content\/uploads\/kempf_conniving_general.png","jetpack_sharing_enabled":false,"jetpack_shortlink":"https:\/\/wp.me\/pa0Mj3-3Kr","jetpack_likes_enabled":false,"amp_enabled":true,"_links":{"self":[{"href":"https:\/\/guide.fire-emblem-heroes.com\/wp-json\/wp\/v2\/posts\/14411","targetHints":{"allow":["GET"]}}],"collection":[{"href":"https:\/\/guide.fire-emblem-heroes.com\/wp-json\/wp\/v2\/posts"}],"about":[{"href":"https:\/\/guide.fire-emblem-heroes.com\/wp-json\/wp\/v2\/types\/post"}],"author":[{"embeddable":true,"href":"https:\/\/guide.fire-emblem-heroes.com\/wp-json\/wp\/v2\/users\/1"}],"replies":[{"embeddable":true,"href":"https:\/\/guide.fire-emblem-heroes.com\/wp-json\/wp\/v2\/comments?post=14411"}],"version-history":[{"count":1,"href":"https:\/\/guide.fire-emblem-heroes.com\/wp-json\/wp\/v2\/posts\/14411\/revisions"}],"predecessor-version":[{"id":14424,"href":"https:\/\/guide.fire-emblem-heroes.com\/wp-json\/wp\/v2\/posts\/14411\/revisions\/14424"}],"wp:featuredmedia":[{"embeddable":true,"href":"https:\/\/guide.fire-emblem-heroes.com\/wp-json\/wp\/v2\/media\/14473"}],"wp:attachment":[{"href":"https:\/\/guide.fire-emblem-heroes.com\/wp-json\/wp\/v2\/media?parent=14411"}],"wp:term":[{"taxonomy":"category","embeddable":true,"href":"https:\/\/guide.fire-emblem-heroes.com\/wp-json\/wp\/v2\/categories?post=14411"},{"taxonomy":"post_tag","embeddable":true,"href":"https:\/\/guide.fire-emblem-heroes.com\/wp-json\/wp\/v2\/tags?post=14411"}],"curies":[{"name":"wp","href":"https:\/\/api.w.org\/{rel}","templated":true}]}}