






{"id":14757,"date":"2019-12-23T12:04:31","date_gmt":"2019-12-23T03:04:31","guid":{"rendered":"https:\/\/guide.fire-emblem-heroes.com\/?p=14757"},"modified":"2020-01-06T17:24:25","modified_gmt":"2020-01-06T08:24:25","slug":"02002001000465","status":"publish","type":"post","link":"https:\/\/guide.fire-emblem-heroes.com\/es-MX\/02002001000465\/","title":{"rendered":"<span class=\"character_nick\">Reina de Valentia<\/span> <span class=\"character_name\">Celica<\/span>"},"content":{"rendered":"<main id=\"CHARA_168\" class=\"main_page character\">\r\n    <article>\r\n        <section class=\"sec sec_character\">\r\n            <ul class=\"sec_ul sec_ul--character slick-box\">\r\n                <li class=\"sec_li sec_li--character\">\r\n                    <img decoding=\"async\" src=\"https:\/\/guide.fire-emblem-heroes.com\/wp-content\/uploads\/celica_queen_of_valentia_slide01.png\" alt=\"\" \/>\r\n                <\/li>\r\n                <li class=\"sec_li sec_li--character\">\r\n                    <img decoding=\"async\" src=\"https:\/\/guide.fire-emblem-heroes.com\/wp-content\/uploads\/celica_queen_of_valentia_slide02.png\" alt=\"\" \/>\r\n                <\/li>\r\n                <li class=\"sec_li sec_li--character\">\r\n                    <img decoding=\"async\" src=\"https:\/\/guide.fire-emblem-heroes.com\/wp-content\/uploads\/celica_queen_of_valentia_slide03.png\" alt=\"\" \/>\r\n                <\/li>\r\n                <li class=\"sec_li sec_li--character\">\r\n                    <img decoding=\"async\" src=\"https:\/\/guide.fire-emblem-heroes.com\/wp-content\/uploads\/celica_queen_of_valentia_slide04.png\" alt=\"\" \/>\r\n                <\/li>\r\n            <\/ul>\r\n            <div class=\"sec_charainfoarea flex\">\r\n                <div class=\"sec_gif\"><img loading=\"lazy\" decoding=\"async\" src=\"https:\/\/guide.fire-emblem-heroes.com\/wp-content\/uploads\/celica_queen_of_valentia.png\" alt=\"\" width=\"210\" height=\"190\"\/><\/div>\r\n                <div class=\"sec_charainfo\">\r\n                    <p id=\"CHARA_168_002\" class=\"sec_characate sec_characate--legendary_heroes\">H\u00e9roes legendarios<\/p>\r\n                    <p id=\"CHARA_168_003\" class=\"sec_charanick\">Reina de Valentia<\/p>\r\n                    <p id=\"CHARA_168_004\" class=\"sec_charaname\">Celica<\/p>\r\n                    <p id=\"CHARA_168_005\" class=\"sec_charaappearancetxt\">Aparece en<\/p>\r\n                    <p id=\"CHARA_168_006\" class=\"sec_charaappearancetxt\">Fire Emblem Echoes: Shadows of Valentia<\/p>\r\n                <\/div>\r\n            <\/div>\r\n        <\/section>\r\n    <\/article>\r\n    <article>\r\n        <section class=\"sec sec_characterarea\">\r\n            <div class=\"sec_h2chara\">\r\n                <p id=\"CHARA_168_007\" class=\"sec_h2charattl\">\u00a1Sharena te contar\u00e1 de ella!<\/p>\r\n                <h2 id=\"CHARA_168_008\" class=\"sec_h2charatxt\">Reina de Valentia Celica<\/h2>\r\n            <\/div>\r\n            <dl class=\"sec_dl flex\">\r\n                <dt id=\"CHARA_168_009\" class=\"sec_dt\">Celica vivi\u00f3 como sacerdotisa en el priorato de la isla de Novis, al sur de Valentia. Pero ocultaba un secreto: su verdadero nombre es Anthiese, \u00a1y es un miembro de la familia real de Zofia que sobrevivi\u00f3 el ataque del Imperio de Rigel!<\/dt>\r\n                <dd class=\"sec_dd\">\r\n                    <a href=\"https:\/\/guide.fire-emblem-heroes.com\/wp-content\/uploads\/celica_queen_of_valentia_pop01.png\" class=\"popup-image\">\r\n                        <img decoding=\"async\" src=\"https:\/\/guide.fire-emblem-heroes.com\/wp-content\/uploads\/celica_queen_of_valentia_info01.png\" alt=\"\" \/>\r\n                    <\/a>\r\n                <\/dd>\r\n                <dt id=\"CHARA_168_010\" class=\"sec_dt\">Celica emprendi\u00f3 una aventura junto a sus amigos en busca del significado de las pesadillas que la atormentaban y para investigar la causa del mal que plagaba a Zofia. Durante su traves\u00eda se reuni\u00f3 con Alm, su viejo amigo con quien creci\u00f3 en Villamard\u00e1n.<\/dt>\r\n                <dd class=\"sec_dd\">\r\n                    <a href=\"https:\/\/guide.fire-emblem-heroes.com\/wp-content\/uploads\/celica_queen_of_valentia_pop02.png\" class=\"popup-image\">\r\n                        <img decoding=\"async\" src=\"https:\/\/guide.fire-emblem-heroes.com\/wp-content\/uploads\/celica_queen_of_valentia_info02.png\" alt=\"\" \/>\r\n                    <\/a>\r\n                <\/dd>\r\n                <dt id=\"CHARA_168_011\" class=\"sec_dt\">Tiempo despu\u00e9s se enfrent\u00f3 en su contra al ser pose\u00edda por Duma tras un simple malentendido. Juntos lucharon a viento y marea para superar esa terrible experiencia, y desafiaron a Duma por el bienestar de Valentia.<\/dt>\r\n                <dd class=\"sec_dd\">\r\n                    <a href=\"https:\/\/guide.fire-emblem-heroes.com\/wp-content\/uploads\/celica_queen_of_valentia_pop03.png\" class=\"popup-image\">\r\n                        <img decoding=\"async\" src=\"https:\/\/guide.fire-emblem-heroes.com\/wp-content\/uploads\/celica_queen_of_valentia_info03.png\" alt=\"\" \/>\r\n                    <\/a>\r\n                <\/dd>\r\n                <dt id=\"CHARA_168_012\" class=\"sec_dt\">Eso dio pie a una batalla feroz en la cual Duma fue derrotado finalmente. Con su victoria, Alm unific\u00f3 y estableci\u00f3 el reino de Valentia. Se cas\u00f3 con Celica y ella continu\u00f3 apoy\u00e1ndolo como la primera reina del nuevo reino.<\/dt>\r\n                <dd class=\"sec_dd\">\r\n                    <a href=\"https:\/\/guide.fire-emblem-heroes.com\/wp-content\/uploads\/celica_queen_of_valentia_pop04.png\" class=\"popup-image\">\r\n                        <img decoding=\"async\" src=\"https:\/\/guide.fire-emblem-heroes.com\/wp-content\/uploads\/celica_queen_of_valentia_info04.png\" alt=\"\" \/>\r\n                    <\/a>\r\n                <\/dd>\r\n            <\/dl>\r\n            <h3 id=\"CHARA_168_013\" class=\"sec_h3charatxt\">Personajes relacionados<\/h3>\r\n            <h4 id=\"CHARA_168_014\" class=\"sec_h4charatxt\">Alm<\/h4>\r\n            <p id=\"CHARA_168_015\" class=\"sec_charatxt\">Es el pr\u00edncipe de Rigel que derrot\u00f3 a Duma y se convirti\u00f3 en el primer soberano del reino unificado de Valentia. Las generaciones posteriores lo recuerdan como un l\u00edder sabio.<\/p>\r\n            <h4 id=\"CHARA_168_016\" class=\"sec_h4charatxt\">Conrad<\/h4>\r\n            <p id=\"CHARA_168_017\" class=\"sec_charatxt\">Es un caballero enigm\u00e1tico que acude al rescate de Celica cuando est\u00e1 en peligro. Su personalidad cambia por completo al usar su m\u00e1scara. Es medio hermano de Celica y fueron separados a una temprana edad.<\/p>\r\n        <\/section>\r\n    <\/article>\r\n<\/main>","protected":false},"excerpt":{"rendered":"H\u00e9roes legendarios Reina de Valentia Celica Aparece en Fire Emblem Echoes: Shadows of Valentia \u00a1Sharena te contar\u00e1 de ella! Reina de Valentia Celica Celica vivi\u00f3 como sacerdotisa en el priorato de la isla de Novis, al sur de Valentia. Pero ocultaba un secreto: su verdadero nombre es Anthiese, \u00a1y es un miembro de la familia [&hellip;]","protected":false},"author":1,"featured_media":14894,"comment_status":"closed","ping_status":"closed","sticky":false,"template":"","format":"standard","meta":{"advanced_seo_description":"","jetpack_seo_html_title":"","jetpack_seo_noindex":false,"_jetpack_newsletter_access":"","_jetpack_dont_email_post_to_subs":false,"_jetpack_newsletter_tier_id":0,"_jetpack_memberships_contains_paywalled_content":false,"_locale":"es_MX","_original_post":"14751","_jetpack_memberships_contains_paid_content":false,"footnotes":"","jetpack_publicize_message":"","jetpack_publicize_feature_enabled":true,"jetpack_social_post_already_shared":true,"jetpack_social_options":{"image_generator_settings":{"template":"highway","default_image_id":0,"font":"","enabled":false},"version":2},"_wpas_customize_per_network":false,"jetpack_post_was_ever_published":false},"categories":[1384,1425,1390,1388],"tags":[1395],"class_list":["post-14757","post","type-post","status-publish","format-standard","has-post-thumbnail","hentry","category-character","category-ex_works_shadows_of_valentia","category-stay_heroes","category-legendary_heroes","tag-heroes-legendarios","es-MX"],"jetpack_publicize_connections":[],"jetpack_featured_media_url":"https:\/\/guide.fire-emblem-heroes.com\/wp-content\/uploads\/celica_queen_of_valentia.png","jetpack_sharing_enabled":false,"jetpack_shortlink":"https:\/\/wp.me\/pa0Mj3-3Q1","jetpack_likes_enabled":false,"amp_enabled":true,"_links":{"self":[{"href":"https:\/\/guide.fire-emblem-heroes.com\/wp-json\/wp\/v2\/posts\/14757","targetHints":{"allow":["GET"]}}],"collection":[{"href":"https:\/\/guide.fire-emblem-heroes.com\/wp-json\/wp\/v2\/posts"}],"about":[{"href":"https:\/\/guide.fire-emblem-heroes.com\/wp-json\/wp\/v2\/types\/post"}],"author":[{"embeddable":true,"href":"https:\/\/guide.fire-emblem-heroes.com\/wp-json\/wp\/v2\/users\/1"}],"replies":[{"embeddable":true,"href":"https:\/\/guide.fire-emblem-heroes.com\/wp-json\/wp\/v2\/comments?post=14757"}],"version-history":[{"count":1,"href":"https:\/\/guide.fire-emblem-heroes.com\/wp-json\/wp\/v2\/posts\/14757\/revisions"}],"predecessor-version":[{"id":14766,"href":"https:\/\/guide.fire-emblem-heroes.com\/wp-json\/wp\/v2\/posts\/14757\/revisions\/14766"}],"wp:featuredmedia":[{"embeddable":true,"href":"https:\/\/guide.fire-emblem-heroes.com\/wp-json\/wp\/v2\/media\/14894"}],"wp:attachment":[{"href":"https:\/\/guide.fire-emblem-heroes.com\/wp-json\/wp\/v2\/media?parent=14757"}],"wp:term":[{"taxonomy":"category","embeddable":true,"href":"https:\/\/guide.fire-emblem-heroes.com\/wp-json\/wp\/v2\/categories?post=14757"},{"taxonomy":"post_tag","embeddable":true,"href":"https:\/\/guide.fire-emblem-heroes.com\/wp-json\/wp\/v2\/tags?post=14757"}],"curies":[{"name":"wp","href":"https:\/\/api.w.org\/{rel}","templated":true}]}}