






{"id":15867,"date":"2020-02-05T12:49:21","date_gmt":"2020-02-05T03:49:21","guid":{"rendered":"https:\/\/guide.fire-emblem-heroes.com\/?p=15867"},"modified":"2020-03-06T14:09:13","modified_gmt":"2020-03-06T05:09:13","slug":"02001001000482","status":"publish","type":"post","link":"https:\/\/guide.fire-emblem-heroes.com\/es-MX\/02001001000482\/","title":{"rendered":"<span class=\"character_nick\">D\u00fao rom\u00e1ntico<\/span><span class=\"character_name\">Alm<\/span>"},"content":{"rendered":"<main id=\"CHARA_198\" class=\"main_page character\">\r\n            <article>\r\n                <section class=\"sec sec_character\">\r\n                    <ul class=\"sec_ul sec_ul--character slick-box\">\r\n                        <li class=\"sec_li sec_li--character\">\r\n                            <img decoding=\"async\" src=\"https:\/\/guide.fire-emblem-heroes.com\/wp-content\/uploads\/alm_lovebird_duo_slide01.png\" alt=\"\" \/>\r\n                        <\/li>\r\n                        <li class=\"sec_li sec_li--character\">\r\n                            <img decoding=\"async\" src=\"https:\/\/guide.fire-emblem-heroes.com\/wp-content\/uploads\/alm_lovebird_duo_slide02.png\" alt=\"\" \/>\r\n                        <\/li>\r\n                        <li class=\"sec_li sec_li--character\">\r\n                            <img decoding=\"async\" src=\"https:\/\/guide.fire-emblem-heroes.com\/wp-content\/uploads\/alm_lovebird_duo_slide03.png\" alt=\"\" \/>\r\n                        <\/li>\r\n                        <li class=\"sec_li sec_li--character\">\r\n                            <img decoding=\"async\" src=\"https:\/\/guide.fire-emblem-heroes.com\/wp-content\/uploads\/alm_lovebird_duo_slide04.png\" alt=\"\" \/>\r\n                        <\/li>\r\n                    <\/ul>\r\n                    <div class=\"sec_charainfoarea flex\">\r\n                        <div class=\"sec_gif\"><img loading=\"lazy\" decoding=\"async\" src=\"https:\/\/guide.fire-emblem-heroes.com\/wp-content\/uploads\/alm_lovebird_duo.png\" alt=\"\" width=\"210\" height=\"190\"\/><\/div>\r\n                        <div class=\"sec_charainfo\">\r\n                            <p id=\"CHARA_198_002\" class=\"sec_characate sec_characate--duo_hero\">Unidades dobles<\/p>\r\n                            <p id=\"CHARA_198_003\" class=\"sec_charanick\">D\u00fao rom\u00e1ntico<\/p>\r\n                            <p id=\"CHARA_198_004\" class=\"sec_charaname\">Alm<\/p>\r\n                            <p id=\"CHARA_198_005\" class=\"sec_charaappearancetxt\">Aparece en<\/p>\r\n                            <p id=\"CHARA_198_006\" class=\"sec_charaappearancetxt\">Fire Emblem Echoes: Shadows of Valentia<\/p>\r\n                        <\/div>\r\n                    <\/div>\r\n                <\/section>\r\n            <\/article>\r\n            <article>\r\n                <section class=\"sec sec_characterarea\">\r\n                    <div class=\"sec_h2chara\">\r\n                        <p id=\"CHARA_198_007\" class=\"sec_h2charattl\">\u00a1Sharena te contar\u00e1 de ellos!<\/p>\r\n                        <h2 id=\"CHARA_198_008\" class=\"sec_h2charatxt\">D\u00fao rom\u00e1ntico Alm<\/h2>\r\n                    <\/div>\r\n                    <dl class=\"sec_dl flex\">\r\n                        <dt id=\"CHARA_198_009\" class=\"sec_dt\">Alm y Celica lucharon hombro a hombro para poner fin al conflicto en Valentia. Los une un v\u00ednculo muy especial y duradero, \u00a1y ahora est\u00e1n aqu\u00ed para participar en la celebraci\u00f3n del D\u00eda de la Devoci\u00f3n!<\/dt>\r\n                        <dd class=\"sec_dd\">\r\n                            <a href=\"https:\/\/guide.fire-emblem-heroes.com\/wp-content\/uploads\/alm_lovebird_duo_pop01.png\" class=\"popup-image\">\r\n                                <img decoding=\"async\" src=\"https:\/\/guide.fire-emblem-heroes.com\/wp-content\/uploads\/alm_lovebird_duo_info01.png\" alt=\"\" \/>\r\n                            <\/a>\r\n                        <\/dd>\r\n                        <dt id=\"CHARA_198_010\" class=\"sec_dt\">Tanto Alm como Celica pertenecen a la nobleza y se nota por su atuendo. La flor que ambos llevan, el polemonio, se considera un s\u00edmbolo de armon\u00eda y buena cooperaci\u00f3n.<\/dt>\r\n                        <dd class=\"sec_dd\">\r\n                            <a href=\"https:\/\/guide.fire-emblem-heroes.com\/wp-content\/uploads\/alm_lovebird_duo_pop02.png\" class=\"popup-image\">\r\n                                <img decoding=\"async\" src=\"https:\/\/guide.fire-emblem-heroes.com\/wp-content\/uploads\/alm_lovebird_duo_info02.png\" alt=\"\" \/>\r\n                            <\/a>\r\n                        <\/dd>\r\n                        <dt id=\"CHARA_198_011\" class=\"sec_dt\">De hecho, me cuentan que sus trajes fueron creados despu\u00e9s de salvar el continente de Valentia. \u00bfTe recuerdan a algo en particular?<\/dt>\r\n                        <dd class=\"sec_dd\">\r\n                            <a href=\"https:\/\/guide.fire-emblem-heroes.com\/wp-content\/uploads\/alm_lovebird_duo_pop03.png\" class=\"popup-image\">\r\n                                <img decoding=\"async\" src=\"https:\/\/guide.fire-emblem-heroes.com\/wp-content\/uploads\/alm_lovebird_duo_info03.png\" alt=\"\" \/>\r\n                            <\/a>\r\n                        <\/dd>\r\n                        <dt id=\"CHARA_198_012\" class=\"sec_dt\">Alm y Celica se apoyaron mutuamente para vencer al destino. Saben bien el verdadero valor del amor. \u00a1No cabe duda de que celebrar\u00e1n el D\u00eda de la Devoci\u00f3n muy bien juntos!<\/dt>\r\n                        <dd class=\"sec_dd\">\r\n                            <a href=\"https:\/\/guide.fire-emblem-heroes.com\/wp-content\/uploads\/alm_lovebird_duo_pop04.png\" class=\"popup-image\">\r\n                                <img decoding=\"async\" src=\"https:\/\/guide.fire-emblem-heroes.com\/wp-content\/uploads\/alm_lovebird_duo_info04.png\" alt=\"\" \/>\r\n                            <\/a>\r\n                        <\/dd>\r\n                    <\/dl>\r\n                    <h3 id=\"CHARA_198_013\" class=\"sec_h3charatxt\">Personajes relacionados<\/h3>\r\n                    <h4 id=\"CHARA_198_014\" class=\"sec_h4charatxt\">Rudolf<\/h4>\r\n                    <p id=\"CHARA_198_015\" class=\"sec_charatxt\">Es emperador al mando de Rigel, padre de Alm y t\u00edo de Berkut.<\/p>\r\n                    <h4 id=\"CHARA_198_016\" class=\"sec_h4charatxt\">Conrad<\/h4>\r\n                    <p id=\"CHARA_198_017\" class=\"sec_charatxt\">Es un caballero enigm\u00e1tico que apoya a Celica siempre que est\u00e9 en peligro. Su personalidad cambia por completo cuando usa su m\u00e1scara. Llama a Celica por su verdadero nombre, Anthiese.<\/p>\r\n                <\/section>\r\n            <\/article>\r\n        <\/main>","protected":false},"excerpt":{"rendered":"Unidades dobles D\u00fao rom\u00e1ntico Alm Aparece en Fire Emblem Echoes: Shadows of Valentia \u00a1Sharena te contar\u00e1 de ellos! D\u00fao rom\u00e1ntico Alm Alm y Celica lucharon hombro a hombro para poner fin al conflicto en Valentia. Los une un v\u00ednculo muy especial y duradero, \u00a1y ahora est\u00e1n aqu\u00ed para participar en la celebraci\u00f3n del D\u00eda de [&hellip;]","protected":false},"author":1,"featured_media":15954,"comment_status":"closed","ping_status":"closed","sticky":false,"template":"","format":"standard","meta":{"advanced_seo_description":"","jetpack_seo_html_title":"","jetpack_seo_noindex":false,"jetpack_post_was_ever_published":false,"_jetpack_newsletter_access":"","_jetpack_dont_email_post_to_subs":false,"_jetpack_newsletter_tier_id":0,"_jetpack_memberships_contains_paywalled_content":false,"_locale":"es_MX","_original_post":"15861","_jetpack_memberships_contains_paid_content":false,"footnotes":"","jetpack_publicize_message":"","jetpack_publicize_feature_enabled":true,"jetpack_social_post_already_shared":true,"jetpack_social_options":{"image_generator_settings":{"template":"highway","default_image_id":0,"font":"","enabled":false},"version":2},"_wpas_customize_per_network":false},"categories":[1384,1425,1390,1440],"tags":[1444],"class_list":["post-15867","post","type-post","status-publish","format-standard","has-post-thumbnail","hentry","category-character","category-ex_works_shadows_of_valentia","category-stay_heroes","category-duo_heroes","tag-unidades-dobles","es-MX"],"jetpack_publicize_connections":[],"jetpack_featured_media_url":"https:\/\/guide.fire-emblem-heroes.com\/wp-content\/uploads\/alm_lovebird_duo.png","jetpack_sharing_enabled":false,"jetpack_shortlink":"https:\/\/wp.me\/pa0Mj3-47V","jetpack_likes_enabled":false,"amp_enabled":true,"_links":{"self":[{"href":"https:\/\/guide.fire-emblem-heroes.com\/wp-json\/wp\/v2\/posts\/15867","targetHints":{"allow":["GET"]}}],"collection":[{"href":"https:\/\/guide.fire-emblem-heroes.com\/wp-json\/wp\/v2\/posts"}],"about":[{"href":"https:\/\/guide.fire-emblem-heroes.com\/wp-json\/wp\/v2\/types\/post"}],"author":[{"embeddable":true,"href":"https:\/\/guide.fire-emblem-heroes.com\/wp-json\/wp\/v2\/users\/1"}],"replies":[{"embeddable":true,"href":"https:\/\/guide.fire-emblem-heroes.com\/wp-json\/wp\/v2\/comments?post=15867"}],"version-history":[{"count":1,"href":"https:\/\/guide.fire-emblem-heroes.com\/wp-json\/wp\/v2\/posts\/15867\/revisions"}],"predecessor-version":[{"id":15877,"href":"https:\/\/guide.fire-emblem-heroes.com\/wp-json\/wp\/v2\/posts\/15867\/revisions\/15877"}],"wp:featuredmedia":[{"embeddable":true,"href":"https:\/\/guide.fire-emblem-heroes.com\/wp-json\/wp\/v2\/media\/15954"}],"wp:attachment":[{"href":"https:\/\/guide.fire-emblem-heroes.com\/wp-json\/wp\/v2\/media?parent=15867"}],"wp:term":[{"taxonomy":"category","embeddable":true,"href":"https:\/\/guide.fire-emblem-heroes.com\/wp-json\/wp\/v2\/categories?post=15867"},{"taxonomy":"post_tag","embeddable":true,"href":"https:\/\/guide.fire-emblem-heroes.com\/wp-json\/wp\/v2\/tags?post=15867"}],"curies":[{"name":"wp","href":"https:\/\/api.w.org\/{rel}","templated":true}]}}