






{"id":16042,"date":"2020-02-13T12:23:27","date_gmt":"2020-02-13T03:23:27","guid":{"rendered":"https:\/\/guide.fire-emblem-heroes.com\/?p=16042"},"modified":"2020-03-06T14:50:16","modified_gmt":"2020-03-06T05:50:16","slug":"06011101000490-2","status":"publish","type":"post","link":"https:\/\/guide.fire-emblem-heroes.com\/es-MX\/06011101000490-2\/","title":{"rendered":"<span class=\"character_nick\">Lobo de Sacae<\/span><span class=\"character_name\">Rath<\/span>"},"content":{"rendered":"<main id=\"CHARA_200\" class=\"main_page character\">\r\n            <article>\r\n                <section class=\"sec sec_character\">\r\n                    <ul class=\"sec_ul sec_ul--character slick-box\">\r\n                        <li class=\"sec_li sec_li--character\">\r\n                            <img decoding=\"async\" src=\"https:\/\/guide.fire-emblem-heroes.com\/wp-content\/uploads\/rath_wolf_of_sacae_slide01.png\" alt=\"\" \/>\r\n                        <\/li>\r\n                        <li class=\"sec_li sec_li--character\">\r\n                            <img decoding=\"async\" src=\"https:\/\/guide.fire-emblem-heroes.com\/wp-content\/uploads\/rath_wolf_of_sacae_slide02.png\" alt=\"\" \/>\r\n                        <\/li>\r\n                        <li class=\"sec_li sec_li--character\">\r\n                            <img decoding=\"async\" src=\"https:\/\/guide.fire-emblem-heroes.com\/wp-content\/uploads\/rath_wolf_of_sacae_slide03.png\" alt=\"\" \/>\r\n                        <\/li>\r\n                        <li class=\"sec_li sec_li--character\">\r\n                            <img decoding=\"async\" src=\"https:\/\/guide.fire-emblem-heroes.com\/wp-content\/uploads\/rath_wolf_of_sacae_slide04.png\" alt=\"\" \/>\r\n                        <\/li>\r\n                    <\/ul>\r\n                    <div class=\"sec_charainfoarea flex\">\r\n                        <div class=\"sec_gif\"><img loading=\"lazy\" decoding=\"async\" src=\"https:\/\/guide.fire-emblem-heroes.com\/wp-content\/uploads\/rath_wolf_of_sacae.png\" alt=\"\" width=\"210\" height=\"190\"\/><\/div>\r\n                        <div class=\"sec_charainfo\">\r\n                            <p id=\"CHARA_200_002\" class=\"sec_characate sec_characate--heroes\">H\u00e9roes<\/p>\r\n                            <p id=\"CHARA_200_003\" class=\"sec_charanick\">Lobo de Sacae<\/p>\r\n                            <p id=\"CHARA_200_004\" class=\"sec_charaname\">Rath<\/p>\r\n                            <p id=\"CHARA_200_005\" class=\"sec_charaappearancetxt\">Aparece en<\/p>\r\n                            <p id=\"CHARA_200_006\" class=\"sec_charaappearancetxt\">Fire Emblem: The Blazing Blade<\/p>\r\n                        <\/div>\r\n                    <\/div>\r\n                <\/section>\r\n            <\/article>\r\n            <article>\r\n                <section class=\"sec sec_characterarea\">\r\n                    <div class=\"sec_h2chara\">\r\n                        <p id=\"CHARA_200_007\" class=\"sec_h2charattl\">\u00a1Sharena te contar\u00e1 de \u00e9l!<\/p>\r\n                        <h2 id=\"CHARA_200_008\" class=\"sec_h2charatxt\">Lobo de Sacae Rath<\/h2>\r\n                    <\/div>\r\n                    <dl class=\"sec_dl flex\">\r\n                        <dt id=\"CHARA_200_009\" class=\"sec_dt\">Rath es originario de Sacae (en el continente de Elibe) y sobresale por su aspecto fr\u00edo e indiferente. Es hijo del l\u00edder de los Kutolah, una de las tres grandes tribus de las llanuras.<\/dt>\r\n                        <dd class=\"sec_dd\">\r\n                            <a href=\"https:\/\/guide.fire-emblem-heroes.com\/wp-content\/uploads\/rath_wolf_of_sacae_pop01.png\" class=\"popup-image\">\r\n                                <img decoding=\"async\" src=\"https:\/\/guide.fire-emblem-heroes.com\/wp-content\/uploads\/rath_wolf_of_sacae_info01.png\" alt=\"\" \/>\r\n                            <\/a>\r\n                        <\/dd>\r\n                        <dt id=\"CHARA_200_010\" class=\"sec_dt\">Cuando Rath era ni\u00f1o, el adivino de la tribu vio un mal augurio en su futuro, una llama oscura que amenazaba con dejar todo hecho cenizas. Rath fue desterrado de la aldea y as\u00ed comenz\u00f3 su viaje solitario en busca de una manera de evitar la cat\u00e1strofe.<\/dt>\r\n                        <dd class=\"sec_dd\">\r\n                            <a href=\"https:\/\/guide.fire-emblem-heroes.com\/wp-content\/uploads\/rath_wolf_of_sacae_pop02.png\" class=\"popup-image\">\r\n                                <img decoding=\"async\" src=\"https:\/\/guide.fire-emblem-heroes.com\/wp-content\/uploads\/rath_wolf_of_sacae_info02.png\" alt=\"\" \/>\r\n                            <\/a>\r\n                        <\/dd>\r\n                        <dt id=\"CHARA_200_011\" class=\"sec_dt\">A lo largo de su traves\u00eda, Rath se convirti\u00f3 en un muchacho fuerte. Un d\u00eda se encontr\u00f3 a Lyn, otra n\u00f3mada de Sacae, y se involucr\u00f3 en la lucha contra las tinieblas que amenazaban a su mundo.<\/dt>\r\n                        <dd class=\"sec_dd\">\r\n                            <a href=\"https:\/\/guide.fire-emblem-heroes.com\/wp-content\/uploads\/rath_wolf_of_sacae_pop03.png\" class=\"popup-image\">\r\n                                <img decoding=\"async\" src=\"https:\/\/guide.fire-emblem-heroes.com\/wp-content\/uploads\/rath_wolf_of_sacae_info03.png\" alt=\"\" \/>\r\n                            <\/a>\r\n                        <\/dd>\r\n                        <dt id=\"CHARA_200_012\" class=\"sec_dt\">Rath no habla mucho, o m\u00e1s bien casi nada, pero sus ideales son su m\u00e1s fuerte motivaci\u00f3n. En cuanto al combate, \u00a1es como una r\u00e1faga potente que atraviesa el campo de batalla!<\/dt>\r\n                        <dd class=\"sec_dd\">\r\n                            <a href=\"https:\/\/guide.fire-emblem-heroes.com\/wp-content\/uploads\/rath_wolf_of_sacae_pop04.png\" class=\"popup-image\">\r\n                                <img decoding=\"async\" src=\"https:\/\/guide.fire-emblem-heroes.com\/wp-content\/uploads\/rath_wolf_of_sacae_info04.png\" alt=\"\" \/>\r\n                            <\/a>\r\n                        <\/dd>\r\n                    <\/dl>\r\n                    <h3 id=\"CHARA_200_013\" class=\"sec_h3charatxt\">Personajes relacionados<\/h3>\r\n                    <h4 id=\"CHARA_200_014\" class=\"sec_h4charatxt\">Lyn<\/h4>\r\n                    <p id=\"CHARA_200_015\" class=\"sec_charatxt\">Es una noble de Caelin cuyo nombre completo es Lyndis. Espera que sus regalos expresen todos los sentimientos que normalmente no puede expresar con palabras. Es aliada sacaena de Rath.<\/p>\r\n                    <h4 id=\"CHARA_200_016\" class=\"sec_h4charatxt\">Sue<\/h4>\r\n                    <p id=\"CHARA_200_017\" class=\"sec_charatxt\">Es nieta de Dayan, el Lobo plateado, l\u00edder de los kutolah. Escucha las voces del cielo y la tierra, y vive en armon\u00eda con la naturaleza. Es hija de Rath.<\/p>\r\n                <\/section>\r\n            <\/article>\r\n        <\/main>","protected":false},"excerpt":{"rendered":"H\u00e9roes Lobo de Sacae Rath Aparece en Fire Emblem: The Blazing Blade \u00a1Sharena te contar\u00e1 de \u00e9l! Lobo de Sacae Rath Rath es originario de Sacae (en el continente de Elibe) y sobresale por su aspecto fr\u00edo e indiferente. Es hijo del l\u00edder de los Kutolah, una de las tres grandes tribus de las llanuras. [&hellip;]","protected":false},"author":1,"featured_media":16211,"comment_status":"closed","ping_status":"closed","sticky":false,"template":"","format":"standard","meta":{"advanced_seo_description":"","jetpack_seo_html_title":"","jetpack_seo_noindex":false,"_jetpack_newsletter_access":"","_jetpack_dont_email_post_to_subs":false,"_jetpack_newsletter_tier_id":0,"_jetpack_memberships_contains_paywalled_content":false,"_locale":"es_MX","_original_post":"https:\/\/guide.fire-emblem-heroes.com\/?p=16035","_jetpack_memberships_contains_paid_content":false,"footnotes":"","jetpack_publicize_message":"","jetpack_publicize_feature_enabled":true,"jetpack_social_post_already_shared":true,"jetpack_social_options":{"image_generator_settings":{"template":"highway","default_image_id":0,"font":"","enabled":false},"version":2},"_wpas_customize_per_network":false,"jetpack_post_was_ever_published":false},"categories":[1384,1427,1415,1390],"tags":[1422],"class_list":["post-16042","post","type-post","status-publish","format-standard","has-post-thumbnail","hentry","category-character","category-ex_works_the_blazing_blade","category-heroes","category-stay_heroes","tag-heroes-2","es-MX"],"jetpack_publicize_connections":[],"jetpack_featured_media_url":"https:\/\/guide.fire-emblem-heroes.com\/wp-content\/uploads\/rath_wolf_of_sacae.png","jetpack_sharing_enabled":false,"jetpack_shortlink":"https:\/\/wp.me\/pa0Mj3-4aK","jetpack_likes_enabled":false,"amp_enabled":true,"_links":{"self":[{"href":"https:\/\/guide.fire-emblem-heroes.com\/wp-json\/wp\/v2\/posts\/16042","targetHints":{"allow":["GET"]}}],"collection":[{"href":"https:\/\/guide.fire-emblem-heroes.com\/wp-json\/wp\/v2\/posts"}],"about":[{"href":"https:\/\/guide.fire-emblem-heroes.com\/wp-json\/wp\/v2\/types\/post"}],"author":[{"embeddable":true,"href":"https:\/\/guide.fire-emblem-heroes.com\/wp-json\/wp\/v2\/users\/1"}],"replies":[{"embeddable":true,"href":"https:\/\/guide.fire-emblem-heroes.com\/wp-json\/wp\/v2\/comments?post=16042"}],"version-history":[{"count":2,"href":"https:\/\/guide.fire-emblem-heroes.com\/wp-json\/wp\/v2\/posts\/16042\/revisions"}],"predecessor-version":[{"id":16237,"href":"https:\/\/guide.fire-emblem-heroes.com\/wp-json\/wp\/v2\/posts\/16042\/revisions\/16237"}],"wp:featuredmedia":[{"embeddable":true,"href":"https:\/\/guide.fire-emblem-heroes.com\/wp-json\/wp\/v2\/media\/16211"}],"wp:attachment":[{"href":"https:\/\/guide.fire-emblem-heroes.com\/wp-json\/wp\/v2\/media?parent=16042"}],"wp:term":[{"taxonomy":"category","embeddable":true,"href":"https:\/\/guide.fire-emblem-heroes.com\/wp-json\/wp\/v2\/categories?post=16042"},{"taxonomy":"post_tag","embeddable":true,"href":"https:\/\/guide.fire-emblem-heroes.com\/wp-json\/wp\/v2\/tags?post=16042"}],"curies":[{"name":"wp","href":"https:\/\/api.w.org\/{rel}","templated":true}]}}