






{"id":17739,"date":"2020-04-16T12:26:22","date_gmt":"2020-04-16T03:26:22","guid":{"rendered":"https:\/\/guide.fire-emblem-heroes.com\/?p=17739"},"modified":"2020-07-29T12:58:32","modified_gmt":"2020-07-29T03:58:32","slug":"01001001000513-2","status":"publish","type":"post","link":"https:\/\/guide.fire-emblem-heroes.com\/es-MX\/01001001000513-2\/","title":{"rendered":"<span class=\"character_nick\">Legado heroico<\/span><span class=\"character_name\">Marth<\/span>"},"content":{"rendered":"<main id=\"CHARA_233\" class=\"main_page character\">\r\n            <article>\r\n                <section class=\"sec sec_character\">\r\n                    <ul class=\"sec_ul sec_ul--character slick-box\">\r\n                        <li class=\"sec_li sec_li--character\">\r\n                            <img decoding=\"async\" src=\"https:\/\/guide.fire-emblem-heroes.com\/wp-content\/uploads\/marth_legacied_hero_slide01.png\" alt=\"\" \/>\r\n                        <\/li>\r\n                        <li class=\"sec_li sec_li--character\">\r\n                            <img decoding=\"async\" src=\"https:\/\/guide.fire-emblem-heroes.com\/wp-content\/uploads\/marth_legacied_hero_slide02.png\" alt=\"\" \/>\r\n                        <\/li>\r\n                        <li class=\"sec_li sec_li--character\">\r\n                            <img decoding=\"async\" src=\"https:\/\/guide.fire-emblem-heroes.com\/wp-content\/uploads\/marth_legacied_hero_slide03.png\" alt=\"\" \/>\r\n                        <\/li>\r\n                        <li class=\"sec_li sec_li--character\">\r\n                            <img decoding=\"async\" src=\"https:\/\/guide.fire-emblem-heroes.com\/wp-content\/uploads\/marth_legacied_hero_slide04.png\" alt=\"\" \/>\r\n                        <\/li>\r\n                    <\/ul>\r\n                    <div class=\"sec_charainfoarea flex\">\r\n                        <div class=\"sec_gif\"><img loading=\"lazy\" decoding=\"async\" src=\"https:\/\/guide.fire-emblem-heroes.com\/wp-content\/uploads\/marth_legacied_hero.png\" alt=\"\" width=\"210\" height=\"190\"\/><\/div>\r\n                        <div class=\"sec_charainfo\">\r\n                            <p id=\"CHARA_233_002\" class=\"sec_characate sec_characate--special_heroes\">H\u00e9roes especiales<\/p>\r\n                            <p id=\"CHARA_233_003\" class=\"sec_charanick\">Legado heroico<\/p>\r\n                            <p id=\"CHARA_233_004\" class=\"sec_charaname\">Marth<\/p>\r\n                            <p id=\"CHARA_233_005\" class=\"sec_charaappearancetxt\">Aparece en<\/p>\r\n                            <p id=\"CHARA_233_006\" class=\"sec_charaappearancetxt\">Fire Emblem: Mystery of the Emblem<\/p>\r\n                        <\/div>\r\n                    <\/div>\r\n                <\/section>\r\n            <\/article>\r\n            <article>\r\n                <section class=\"sec sec_characterarea\">\r\n                    <div class=\"sec_h2chara\">\r\n                        <p id=\"CHARA_233_007\" class=\"sec_h2charattl\">\u00a1Sharena te contar\u00e1 de \u00e9l!<\/p>\r\n                        <h2 id=\"CHARA_233_008\" class=\"sec_h2charatxt\">Legado heroico Marth<\/h2>\r\n                    <\/div>\r\n                    <dl class=\"sec_dl flex\">\r\n                        <dt id=\"CHARA_233_009\" class=\"sec_dt\">\u00a1Qu\u00e9 peque\u00f1o h\u00e9roe tan lindo! \u00bfLo reconoces? \u00a1Trata de adivinar! As\u00ed es, \u00a1es el pr\u00edncipe Marth de Altea!<\/dt>\r\n                        <dd class=\"sec_dd\">\r\n                            <a href=\"https:\/\/guide.fire-emblem-heroes.com\/wp-content\/uploads\/marth_legacied_hero_pop01.png\" class=\"popup-image\">\r\n                                <img decoding=\"async\" src=\"https:\/\/guide.fire-emblem-heroes.com\/wp-content\/uploads\/marth_legacied_hero_info01.png\" alt=\"\" \/>\r\n                            <\/a>\r\n                        <\/dd>\r\n                        <dt id=\"CHARA_233_010\" class=\"sec_dt\">Marth es descendiente de Anri, el h\u00e9roe que sell\u00f3 a Medeus, el Drag\u00f3n de las Sombras. Hoy solo es un ni\u00f1o, pero \u00bfverdad que se ve galante?<\/dt>\r\n                        <dd class=\"sec_dd\">\r\n                            <a href=\"https:\/\/guide.fire-emblem-heroes.com\/wp-content\/uploads\/marth_legacied_hero_pop02.png\" class=\"popup-image\">\r\n                                <img decoding=\"async\" src=\"https:\/\/guide.fire-emblem-heroes.com\/wp-content\/uploads\/marth_legacied_hero_info02.png\" alt=\"\" \/>\r\n                            <\/a>\r\n                        <\/dd>\r\n                        <dt id=\"CHARA_233_011\" class=\"sec_dt\">Marth pas\u00f3 su infancia en compa\u00f1\u00eda de personas como Jagen, Elice y Merric. Tal vez esa influencia fue lo que foment\u00f3 su bondad innata.<\/dt>\r\n                        <dd class=\"sec_dd\">\r\n                            <a href=\"https:\/\/guide.fire-emblem-heroes.com\/wp-content\/uploads\/marth_legacied_hero_pop03.png\" class=\"popup-image\">\r\n                                <img decoding=\"async\" src=\"https:\/\/guide.fire-emblem-heroes.com\/wp-content\/uploads\/marth_legacied_hero_info03.png\" alt=\"\" \/>\r\n                            <\/a>\r\n                        <\/dd>\r\n                        <dt id=\"CHARA_233_012\" class=\"sec_dt\">\u00a1Incluso a esta edad, Marth ya est\u00e1 lleno de potencial! \u00a1Da gusto saber que era amable y noble incluso de ni\u00f1o!<\/dt>\r\n                        <dd class=\"sec_dd\">\r\n                            <a href=\"https:\/\/guide.fire-emblem-heroes.com\/wp-content\/uploads\/marth_legacied_hero_pop04.png\" class=\"popup-image\">\r\n                                <img decoding=\"async\" src=\"https:\/\/guide.fire-emblem-heroes.com\/wp-content\/uploads\/marth_legacied_hero_info04.png\" alt=\"\" \/>\r\n                            <\/a>\r\n                        <\/dd>\r\n                    <\/dl>\r\n                    <h3 id=\"CHARA_233_013\" class=\"sec_h3charatxt\">Personajes relacionados<\/h3>\r\n                    <h4 id=\"CHARA_233_014\" class=\"sec_h4charatxt\">Jagen<\/h4>\r\n                    <p id=\"CHARA_233_015\" class=\"sec_charatxt\">Es un caballero veterano de Altea que protegi\u00f3 a Marth desde que era joven.<\/p>\r\n                    <h4 id=\"CHARA_233_016\" class=\"sec_h4charatxt\">Merric<\/h4>\r\n                    <p id=\"CHARA_233_017\" class=\"sec_charatxt\">Es de la nobleza de Altea, y creci\u00f3 junto a Elice y Marth como si fueran familia.<\/p>\r\n                <\/section>\r\n            <\/article>\r\n        <\/main>","protected":false},"excerpt":{"rendered":"H\u00e9roes especiales Legado heroico Marth Aparece en Fire Emblem: Mystery of the Emblem \u00a1Sharena te contar\u00e1 de \u00e9l! Legado heroico Marth \u00a1Qu\u00e9 peque\u00f1o h\u00e9roe tan lindo! \u00bfLo reconoces? \u00a1Trata de adivinar! As\u00ed es, \u00a1es el pr\u00edncipe Marth de Altea! Marth es descendiente de Anri, el h\u00e9roe que sell\u00f3 a Medeus, el Drag\u00f3n de las Sombras. [&hellip;]","protected":false},"author":1,"featured_media":17842,"comment_status":"closed","ping_status":"closed","sticky":false,"template":"","format":"standard","meta":{"advanced_seo_description":"","jetpack_seo_html_title":"","jetpack_seo_noindex":false,"_jetpack_newsletter_access":"","_jetpack_dont_email_post_to_subs":false,"_jetpack_newsletter_tier_id":0,"_jetpack_memberships_contains_paywalled_content":false,"_locale":"es_MX","_original_post":"https:\/\/guide.fire-emblem-heroes.com\/?p=17732","_jetpack_memberships_contains_paid_content":false,"footnotes":"","jetpack_publicize_message":"","jetpack_publicize_feature_enabled":true,"jetpack_social_post_already_shared":true,"jetpack_social_options":{"image_generator_settings":{"template":"highway","default_image_id":0,"font":"","enabled":false},"version":2},"_wpas_customize_per_network":false,"jetpack_post_was_ever_published":false},"categories":[1384,1424,1405,1390],"tags":[1409],"class_list":["post-17739","post","type-post","status-publish","format-standard","has-post-thumbnail","hentry","category-character","category-ex_works_mystery_of_the_emblem","category-special_heroes","category-stay_heroes","tag-heroes-especiales","es-MX"],"jetpack_publicize_connections":[],"jetpack_featured_media_url":"https:\/\/guide.fire-emblem-heroes.com\/wp-content\/uploads\/marth_legacied_hero.png","jetpack_sharing_enabled":false,"jetpack_shortlink":"https:\/\/wp.me\/pa0Mj3-4C7","jetpack_likes_enabled":false,"amp_enabled":true,"_links":{"self":[{"href":"https:\/\/guide.fire-emblem-heroes.com\/wp-json\/wp\/v2\/posts\/17739","targetHints":{"allow":["GET"]}}],"collection":[{"href":"https:\/\/guide.fire-emblem-heroes.com\/wp-json\/wp\/v2\/posts"}],"about":[{"href":"https:\/\/guide.fire-emblem-heroes.com\/wp-json\/wp\/v2\/types\/post"}],"author":[{"embeddable":true,"href":"https:\/\/guide.fire-emblem-heroes.com\/wp-json\/wp\/v2\/users\/1"}],"replies":[{"embeddable":true,"href":"https:\/\/guide.fire-emblem-heroes.com\/wp-json\/wp\/v2\/comments?post=17739"}],"version-history":[{"count":2,"href":"https:\/\/guide.fire-emblem-heroes.com\/wp-json\/wp\/v2\/posts\/17739\/revisions"}],"predecessor-version":[{"id":20061,"href":"https:\/\/guide.fire-emblem-heroes.com\/wp-json\/wp\/v2\/posts\/17739\/revisions\/20061"}],"wp:featuredmedia":[{"embeddable":true,"href":"https:\/\/guide.fire-emblem-heroes.com\/wp-json\/wp\/v2\/media\/17842"}],"wp:attachment":[{"href":"https:\/\/guide.fire-emblem-heroes.com\/wp-json\/wp\/v2\/media?parent=17739"}],"wp:term":[{"taxonomy":"category","embeddable":true,"href":"https:\/\/guide.fire-emblem-heroes.com\/wp-json\/wp\/v2\/categories?post=17739"},{"taxonomy":"post_tag","embeddable":true,"href":"https:\/\/guide.fire-emblem-heroes.com\/wp-json\/wp\/v2\/tags?post=17739"}],"curies":[{"name":"wp","href":"https:\/\/api.w.org\/{rel}","templated":true}]}}