






{"id":17999,"date":"2020-04-27T12:52:45","date_gmt":"2020-04-27T03:52:45","guid":{"rendered":"https:\/\/guide.fire-emblem-heroes.com\/?p=17999"},"modified":"2020-05-07T16:07:52","modified_gmt":"2020-05-07T07:07:52","slug":"12002001000514-2","status":"publish","type":"post","link":"https:\/\/guide.fire-emblem-heroes.com\/es-MX\/12002001000514-2\/","title":{"rendered":"<span class=\"character_nick\">Emperatriz \u00edgnea<\/span><span class=\"character_name\">Edelgard<\/span>"},"content":{"rendered":"<main id=\"CHARA_237\" class=\"main_page character\">\r\n            <article>\r\n                <section class=\"sec sec_character\">\r\n                    <ul class=\"sec_ul sec_ul--character slick-box\">\r\n                        <li class=\"sec_li sec_li--character\">\r\n                            <img decoding=\"async\" src=\"https:\/\/guide.fire-emblem-heroes.com\/wp-content\/uploads\/edelgard_flame_emperor_slide01.png\" alt=\"\" \/>\r\n                        <\/li>\r\n                        <li class=\"sec_li sec_li--character\">\r\n                            <img decoding=\"async\" src=\"https:\/\/guide.fire-emblem-heroes.com\/wp-content\/uploads\/edelgard_flame_emperor_slide02.png\" alt=\"\" \/>\r\n                        <\/li>\r\n                        <li class=\"sec_li sec_li--character\">\r\n                            <img decoding=\"async\" src=\"https:\/\/guide.fire-emblem-heroes.com\/wp-content\/uploads\/edelgard_flame_emperor_slide03.png\" alt=\"\" \/>\r\n                        <\/li>\r\n                        <li class=\"sec_li sec_li--character\">\r\n                            <img decoding=\"async\" src=\"https:\/\/guide.fire-emblem-heroes.com\/wp-content\/uploads\/edelgard_flame_emperor_slide04.png\" alt=\"\" \/>\r\n                        <\/li>\r\n                    <\/ul>\r\n                    <div class=\"sec_charainfoarea flex\">\r\n                        <div class=\"sec_gif\"><img loading=\"lazy\" decoding=\"async\" src=\"https:\/\/guide.fire-emblem-heroes.com\/wp-content\/uploads\/edelgard_flame_emperor.png\" alt=\"\" width=\"210\" height=\"190\"\/><\/div>\r\n                        <div class=\"sec_charainfo\">\r\n                            <p id=\"CHARA_237_002\" class=\"sec_characate sec_characate--legendary_heroes\">H\u00e9roes legendarios<\/p>\r\n                            <p id=\"CHARA_237_003\" class=\"sec_charanick\">Emperatriz \u00edgnea<\/p>\r\n                            <p id=\"CHARA_237_004\" class=\"sec_charaname\">Edelgard<\/p>\r\n                            <p id=\"CHARA_237_005\" class=\"sec_charaappearancetxt\">Aparece en<\/p>\r\n                            <p id=\"CHARA_237_006\" class=\"sec_charaappearancetxt\">Fire Emblem: Three Houses<\/p>\r\n                        <\/div>\r\n                    <\/div>\r\n                <\/section>\r\n            <\/article>\r\n            <article>\r\n                <section class=\"sec sec_characterarea\">\r\n                    <div class=\"sec_h2chara\">\r\n                        <p id=\"CHARA_237_007\" class=\"sec_h2charattl\">\u00a1Sharena te contar\u00e1 de ella!<\/p>\r\n                        <h2 id=\"CHARA_237_008\" class=\"sec_h2charatxt\">Emperatriz \u00edgnea Edelgard<\/h2>\r\n                    <\/div>\r\n                    <dl class=\"sec_dl flex\">\r\n                        <dt id=\"CHARA_237_009\" class=\"sec_dt\">El Imperio de Adrestia es la naci\u00f3n m\u00e1s antigua del continente de F\u00f3dlan. En el a\u00f1o imperial 1181, Edelgard, portadora del emblema de fuego y del emblema menor de Seiros, ascendi\u00f3 al trono imperial.<\/dt>\r\n                        <dd class=\"sec_dd\">\r\n                            <a href=\"https:\/\/guide.fire-emblem-heroes.com\/wp-content\/uploads\/edelgard_flame_emperor_pop01.png\" class=\"popup-image\">\r\n                                <img decoding=\"async\" src=\"https:\/\/guide.fire-emblem-heroes.com\/wp-content\/uploads\/edelgard_flame_emperor_info01.png\" alt=\"\" \/>\r\n                            <\/a>\r\n                        <\/dd>\r\n                        <dt id=\"CHARA_237_010\" class=\"sec_dt\">Cuando Edelgard tom\u00f3 el poder, se impuso a los poderosos nobles del imperio y estableci\u00f3 el mandato absoluto del trono.<\/dt>\r\n                        <dd class=\"sec_dd\">\r\n                            <a href=\"https:\/\/guide.fire-emblem-heroes.com\/wp-content\/uploads\/edelgard_flame_emperor_pop02.png\" class=\"popup-image\">\r\n                                <img decoding=\"async\" src=\"https:\/\/guide.fire-emblem-heroes.com\/wp-content\/uploads\/edelgard_flame_emperor_info02.png\" alt=\"\" \/>\r\n                            <\/a>\r\n                        <\/dd>\r\n                        <dt id=\"CHARA_237_011\" class=\"sec_dt\">Despu\u00e9s declar\u00f3 la guerra a la Iglesia de Seiros, cuya influencia sobre todo F\u00f3dlan era considerable. Luego atac\u00f3 y subyug\u00f3 al monasterio Garreg Mach, la sede de la Iglesia.<\/dt>\r\n                        <dd class=\"sec_dd\">\r\n                            <a href=\"https:\/\/guide.fire-emblem-heroes.com\/wp-content\/uploads\/edelgard_flame_emperor_pop03.png\" class=\"popup-image\">\r\n                                <img decoding=\"async\" src=\"https:\/\/guide.fire-emblem-heroes.com\/wp-content\/uploads\/edelgard_flame_emperor_info03.png\" alt=\"\" \/>\r\n                            <\/a>\r\n                        <\/dd>\r\n                        <dt id=\"CHARA_237_012\" class=\"sec_dt\">Con el monasterio bajo su dominio, Edelgard concentr\u00f3 su atenci\u00f3n en el Sacro Reino de Faerghus y la Alianza de Leicester. Su lucha no terminar\u00eda hasta unificar todo F\u00f3dlan y establecer un nuevo orden mundial&#8230;<\/dt>\r\n                        <dd class=\"sec_dd\">\r\n                            <a href=\"https:\/\/guide.fire-emblem-heroes.com\/wp-content\/uploads\/edelgard_flame_emperor_pop04.png\" class=\"popup-image\">\r\n                                <img decoding=\"async\" src=\"https:\/\/guide.fire-emblem-heroes.com\/wp-content\/uploads\/edelgard_flame_emperor_info04.png\" alt=\"\" \/>\r\n                            <\/a>\r\n                        <\/dd>\r\n                    <\/dl>\r\n                    <h3 id=\"CHARA_237_013\" class=\"sec_h3charatxt\">Personajes relacionados<\/h3>\r\n                    <h4 id=\"CHARA_237_014\" class=\"sec_h4charatxt\">Hubert<\/h4>\r\n                    <p id=\"CHARA_237_015\" class=\"sec_charatxt\">Es el ministro del Consejo Imperial del Imperio de Adrestia e hijo leg\u00edtimo del marqu\u00e9s Vestra. Jur\u00f3 completa lealtad a Edelgard.<\/p>\r\n                <\/section>\r\n            <\/article>\r\n        <\/main>","protected":false},"excerpt":{"rendered":"H\u00e9roes legendarios Emperatriz \u00edgnea Edelgard Aparece en Fire Emblem: Three Houses \u00a1Sharena te contar\u00e1 de ella! Emperatriz \u00edgnea Edelgard El Imperio de Adrestia es la naci\u00f3n m\u00e1s antigua del continente de F\u00f3dlan. En el a\u00f1o imperial 1181, Edelgard, portadora del emblema de fuego y del emblema menor de Seiros, ascendi\u00f3 al trono imperial. Cuando Edelgard [&hellip;]","protected":false},"author":1,"featured_media":18026,"comment_status":"closed","ping_status":"closed","sticky":false,"template":"","format":"standard","meta":{"advanced_seo_description":"","jetpack_seo_html_title":"","jetpack_seo_noindex":false,"jetpack_post_was_ever_published":false,"_jetpack_newsletter_access":"","_jetpack_dont_email_post_to_subs":false,"_jetpack_newsletter_tier_id":0,"_jetpack_memberships_contains_paywalled_content":false,"_locale":"es_MX","_original_post":"https:\/\/guide.fire-emblem-heroes.com\/?p=17992","_jetpack_memberships_contains_paid_content":false,"footnotes":"","jetpack_publicize_message":"","jetpack_publicize_feature_enabled":true,"jetpack_social_post_already_shared":true,"jetpack_social_options":{"image_generator_settings":{"template":"highway","default_image_id":0,"font":"","enabled":false},"version":2},"_wpas_customize_per_network":false},"categories":[1384,1434,1390,1388],"tags":[1395],"class_list":["post-17999","post","type-post","status-publish","format-standard","has-post-thumbnail","hentry","category-character","category-ex_works_three_houses","category-stay_heroes","category-legendary_heroes","tag-heroes-legendarios","es-MX"],"jetpack_publicize_connections":[],"jetpack_featured_media_url":"https:\/\/guide.fire-emblem-heroes.com\/wp-content\/uploads\/edelgard_flame_emperor.png","jetpack_sharing_enabled":false,"jetpack_shortlink":"https:\/\/wp.me\/pa0Mj3-4Gj","jetpack_likes_enabled":false,"amp_enabled":true,"_links":{"self":[{"href":"https:\/\/guide.fire-emblem-heroes.com\/wp-json\/wp\/v2\/posts\/17999","targetHints":{"allow":["GET"]}}],"collection":[{"href":"https:\/\/guide.fire-emblem-heroes.com\/wp-json\/wp\/v2\/posts"}],"about":[{"href":"https:\/\/guide.fire-emblem-heroes.com\/wp-json\/wp\/v2\/types\/post"}],"author":[{"embeddable":true,"href":"https:\/\/guide.fire-emblem-heroes.com\/wp-json\/wp\/v2\/users\/1"}],"replies":[{"embeddable":true,"href":"https:\/\/guide.fire-emblem-heroes.com\/wp-json\/wp\/v2\/comments?post=17999"}],"version-history":[{"count":2,"href":"https:\/\/guide.fire-emblem-heroes.com\/wp-json\/wp\/v2\/posts\/17999\/revisions"}],"predecessor-version":[{"id":18013,"href":"https:\/\/guide.fire-emblem-heroes.com\/wp-json\/wp\/v2\/posts\/17999\/revisions\/18013"}],"wp:featuredmedia":[{"embeddable":true,"href":"https:\/\/guide.fire-emblem-heroes.com\/wp-json\/wp\/v2\/media\/18026"}],"wp:attachment":[{"href":"https:\/\/guide.fire-emblem-heroes.com\/wp-json\/wp\/v2\/media?parent=17999"}],"wp:term":[{"taxonomy":"category","embeddable":true,"href":"https:\/\/guide.fire-emblem-heroes.com\/wp-json\/wp\/v2\/categories?post=17999"},{"taxonomy":"post_tag","embeddable":true,"href":"https:\/\/guide.fire-emblem-heroes.com\/wp-json\/wp\/v2\/tags?post=17999"}],"curies":[{"name":"wp","href":"https:\/\/api.w.org\/{rel}","templated":true}]}}