






{"id":19208,"date":"2020-06-26T12:10:47","date_gmt":"2020-06-26T03:10:47","guid":{"rendered":"https:\/\/guide.fire-emblem-heroes.com\/?p=19208"},"modified":"2020-08-31T12:44:46","modified_gmt":"2020-08-31T03:44:46","slug":"03051001000536-2","status":"publish","type":"post","link":"https:\/\/guide.fire-emblem-heroes.com\/es-MX\/03051001000536-2\/","title":{"rendered":"<span class=\"character_nick\">V\u00e1stago de la luz<\/span><span class=\"character_name\">Seliph<\/span>"},"content":{"rendered":"<main id=\"CHARA_269\" class=\"main_page character\">\r\n            <article>\r\n                <section class=\"sec sec_character\">\r\n                    <ul class=\"sec_ul sec_ul--character slick-box\">\r\n                        <li class=\"sec_li sec_li--character\">\r\n                            <img decoding=\"async\" src=\"https:\/\/guide.fire-emblem-heroes.com\/wp-content\/uploads\/celice_scion_of_light_slide01.png\" alt=\"\" \/>\r\n                        <\/li>\r\n                        <li class=\"sec_li sec_li--character\">\r\n                            <img decoding=\"async\" src=\"https:\/\/guide.fire-emblem-heroes.com\/wp-content\/uploads\/celice_scion_of_light_slide02.png\" alt=\"\" \/>\r\n                        <\/li>\r\n                        <li class=\"sec_li sec_li--character\">\r\n                            <img decoding=\"async\" src=\"https:\/\/guide.fire-emblem-heroes.com\/wp-content\/uploads\/celice_scion_of_light_slide03.png\" alt=\"\" \/>\r\n                        <\/li>\r\n                        <li class=\"sec_li sec_li--character\">\r\n                            <img decoding=\"async\" src=\"https:\/\/guide.fire-emblem-heroes.com\/wp-content\/uploads\/celice_scion_of_light_slide04.png\" alt=\"\" \/>\r\n                        <\/li>\r\n                    <\/ul>\r\n                    <div class=\"sec_charainfoarea flex\">\r\n                        <div class=\"sec_gif\"><img loading=\"lazy\" decoding=\"async\" src=\"https:\/\/guide.fire-emblem-heroes.com\/wp-content\/uploads\/celice_scion_of_light.png\" alt=\"\" width=\"210\" height=\"190\"\/><\/div>\r\n                        <div class=\"sec_charainfo\">\r\n                            <p id=\"CHARA_269_002\" class=\"sec_characate sec_characate--legendary_heroes\">H\u00e9roes legendarios<\/p>\r\n                            <p id=\"CHARA_269_003\" class=\"sec_charanick\">V\u00e1stago de la luz<\/p>\r\n                            <p id=\"CHARA_269_004\" class=\"sec_charaname\">Seliph<\/p>\r\n                            <p id=\"CHARA_269_005\" class=\"sec_charaappearancetxt\">Aparece en<\/p>\r\n                            <p id=\"CHARA_269_006\" class=\"sec_charaappearancetxt\">Fire Emblem: Genealogy of the Holy War<\/p>\r\n                        <\/div>\r\n                    <\/div>\r\n                <\/section>\r\n            <\/article>\r\n            <article>\r\n                <section class=\"sec sec_characterarea\">\r\n                    <div class=\"sec_h2chara\">\r\n                        <p id=\"CHARA_269_007\" class=\"sec_h2charattl\">\u00a1Sharena te contar\u00e1 de \u00e9l!<\/p>\r\n                        <h2 id=\"CHARA_269_008\" class=\"sec_h2charatxt\">V\u00e1stago de la luz Seliph<\/h2>\r\n                    <\/div>\r\n                    <dl class=\"sec_dl flex\">\r\n                        <dt id=\"CHARA_269_009\" class=\"sec_dt\">Seliph es el hijo de Sigurd y Deirdre. Al igual que su padre, hered\u00f3 el poder del cruzado Baldo y, por si fuera poco, \u00a1es un gran espadach\u00edn!<\/dt>\r\n                        <dd class=\"sec_dd\">\r\n                            <a href=\"https:\/\/guide.fire-emblem-heroes.com\/wp-content\/uploads\/celice_scion_of_light_pop01.png\" class=\"popup-image\">\r\n                                <img decoding=\"async\" src=\"https:\/\/guide.fire-emblem-heroes.com\/wp-content\/uploads\/celice_scion_of_light_info01.png\" alt=\"\" \/>\r\n                            <\/a>\r\n                        <\/dd>\r\n                        <dt id=\"CHARA_269_010\" class=\"sec_dt\">Aunque Seliph proviene de familia noble, su infancia estuvo marcada por el conflicto. La secta de Loptr secuestr\u00f3 a su madre, Deirdre, mientras que su padre, Sigurd, perdi\u00f3 la vida tras verse envuelto en la revuelta pol\u00edtica del imperio de Grannvale.<\/dt>\r\n                        <dd class=\"sec_dd\">\r\n                            <a href=\"https:\/\/guide.fire-emblem-heroes.com\/wp-content\/uploads\/celice_scion_of_light_pop02.png\" class=\"popup-image\">\r\n                                <img decoding=\"async\" src=\"https:\/\/guide.fire-emblem-heroes.com\/wp-content\/uploads\/celice_scion_of_light_info02.png\" alt=\"\" \/>\r\n                            <\/a>\r\n                        <\/dd>\r\n                        <dt id=\"CHARA_269_011\" class=\"sec_dt\">Isaach acogi\u00f3 a Seliph cuando solo era un beb\u00e9 y se ocup\u00f3 de cuidarlo hasta que se convirti\u00f3 en el hombre independiente que es hoy en d\u00eda. Fue entonces cuando se dispuso a vengar a su padre y a derribar el nuevo imperio de Grannvale, que dominaba el continente con mano f\u00e9rrea.<\/dt>\r\n                        <dd class=\"sec_dd\">\r\n                            <a href=\"https:\/\/guide.fire-emblem-heroes.com\/wp-content\/uploads\/celice_scion_of_light_pop03.png\" class=\"popup-image\">\r\n                                <img decoding=\"async\" src=\"https:\/\/guide.fire-emblem-heroes.com\/wp-content\/uploads\/celice_scion_of_light_info03.png\" alt=\"\" \/>\r\n                            <\/a>\r\n                        <\/dd>\r\n                        <dt id=\"CHARA_269_012\" class=\"sec_dt\">Luchando junto a su media hermana, Julia, Seliph logr\u00f3 derrotar a Grannvale. Cuando la gente lo vio con Tyrfing, la espada de su padre, \u00a1comenzaron a llamarlo el pr\u00edncipe de la luz!<\/dt>\r\n                        <dd class=\"sec_dd\">\r\n                            <a href=\"https:\/\/guide.fire-emblem-heroes.com\/wp-content\/uploads\/celice_scion_of_light_pop04.png\" class=\"popup-image\">\r\n                                <img decoding=\"async\" src=\"https:\/\/guide.fire-emblem-heroes.com\/wp-content\/uploads\/celice_scion_of_light_info04.png\" alt=\"\" \/>\r\n                            <\/a>\r\n                        <\/dd>\r\n                    <\/dl>\r\n                    <h3 id=\"CHARA_269_013\" class=\"sec_h3charatxt\">Personajes relacionados<\/h3>\r\n                    <h4 id=\"CHARA_269_014\" class=\"sec_h4charatxt\">Sigurd<\/h4>\r\n                    <p id=\"CHARA_269_015\" class=\"sec_charatxt\">Heredero de Chalphy, descendiente del cruzado Baldo y padre de Seliph. Es valiente y tiene un gran sentido de la justicia.<\/p>\r\n                    <h4 id=\"CHARA_269_016\" class=\"sec_h4charatxt\">Deirdre<\/h4>\r\n                    <p id=\"CHARA_269_017\" class=\"sec_charatxt\">Vive escondida en el Bosque del Esp\u00edritu. Perdi\u00f3 la memoria. Es la madre de Seliph.<\/p>\r\n                    <h4 id=\"CHARA_269_018\" class=\"sec_h4charatxt\">Julia<\/h4>\r\n                    <p id=\"CHARA_269_019\" class=\"sec_charatxt\">Es heredera del Libro de Naga. Es media hermana de Seliph con un padre distinto. Es tierna y bondadosa, pero afronta su destino con una gran fuerza interior.<\/p>\r\n                <\/section>\r\n            <\/article>\r\n        <\/main>","protected":false},"excerpt":{"rendered":"H\u00e9roes legendarios V\u00e1stago de la luz Seliph Aparece en Fire Emblem: Genealogy of the Holy War \u00a1Sharena te contar\u00e1 de \u00e9l! V\u00e1stago de la luz Seliph Seliph es el hijo de Sigurd y Deirdre. Al igual que su padre, hered\u00f3 el poder del cruzado Baldo y, por si fuera poco, \u00a1es un gran espadach\u00edn! Aunque [&hellip;]","protected":false},"author":1,"featured_media":19347,"comment_status":"closed","ping_status":"closed","sticky":false,"template":"","format":"standard","meta":{"advanced_seo_description":"","jetpack_seo_html_title":"","jetpack_seo_noindex":false,"_jetpack_newsletter_access":"","_jetpack_dont_email_post_to_subs":false,"_jetpack_newsletter_tier_id":0,"_jetpack_memberships_contains_paywalled_content":false,"_locale":"es_MX","_original_post":"https:\/\/guide.fire-emblem-heroes.com\/?p=19201","_jetpack_memberships_contains_paid_content":false,"footnotes":"","jetpack_publicize_message":"","jetpack_publicize_feature_enabled":true,"jetpack_social_post_already_shared":true,"jetpack_social_options":{"image_generator_settings":{"template":"highway","default_image_id":0,"font":"","enabled":false},"version":2},"_wpas_customize_per_network":false,"jetpack_post_was_ever_published":false},"categories":[1384,1436,1390,1388],"tags":[1395],"class_list":["post-19208","post","type-post","status-publish","format-standard","has-post-thumbnail","hentry","category-character","category-ex_works_genealogy_of_the_holy_war","category-stay_heroes","category-legendary_heroes","tag-heroes-legendarios","es-MX"],"jetpack_publicize_connections":[],"jetpack_featured_media_url":"https:\/\/guide.fire-emblem-heroes.com\/wp-content\/uploads\/celice_scion_of_light.png","jetpack_sharing_enabled":false,"jetpack_shortlink":"https:\/\/wp.me\/pa0Mj3-4ZO","jetpack_likes_enabled":false,"amp_enabled":true,"_links":{"self":[{"href":"https:\/\/guide.fire-emblem-heroes.com\/wp-json\/wp\/v2\/posts\/19208","targetHints":{"allow":["GET"]}}],"collection":[{"href":"https:\/\/guide.fire-emblem-heroes.com\/wp-json\/wp\/v2\/posts"}],"about":[{"href":"https:\/\/guide.fire-emblem-heroes.com\/wp-json\/wp\/v2\/types\/post"}],"author":[{"embeddable":true,"href":"https:\/\/guide.fire-emblem-heroes.com\/wp-json\/wp\/v2\/users\/1"}],"replies":[{"embeddable":true,"href":"https:\/\/guide.fire-emblem-heroes.com\/wp-json\/wp\/v2\/comments?post=19208"}],"version-history":[{"count":2,"href":"https:\/\/guide.fire-emblem-heroes.com\/wp-json\/wp\/v2\/posts\/19208\/revisions"}],"predecessor-version":[{"id":20772,"href":"https:\/\/guide.fire-emblem-heroes.com\/wp-json\/wp\/v2\/posts\/19208\/revisions\/20772"}],"wp:featuredmedia":[{"embeddable":true,"href":"https:\/\/guide.fire-emblem-heroes.com\/wp-json\/wp\/v2\/media\/19347"}],"wp:attachment":[{"href":"https:\/\/guide.fire-emblem-heroes.com\/wp-json\/wp\/v2\/media?parent=19208"}],"wp:term":[{"taxonomy":"category","embeddable":true,"href":"https:\/\/guide.fire-emblem-heroes.com\/wp-json\/wp\/v2\/categories?post=19208"},{"taxonomy":"post_tag","embeddable":true,"href":"https:\/\/guide.fire-emblem-heroes.com\/wp-json\/wp\/v2\/tags?post=19208"}],"curies":[{"name":"wp","href":"https:\/\/api.w.org\/{rel}","templated":true}]}}