






{"id":22748,"date":"2020-12-07T12:18:26","date_gmt":"2020-12-07T03:18:26","guid":{"rendered":"https:\/\/guide.fire-emblem-heroes.com\/?p=22748"},"modified":"2020-12-25T16:07:03","modified_gmt":"2020-12-25T07:07:03","slug":"07003013000598-2","status":"publish","type":"post","link":"https:\/\/guide.fire-emblem-heroes.com\/es-MX\/07003013000598-2\/","title":{"rendered":"<span class=\"character_nick\">El Oscuro<\/span><span class=\"character_name\">Knoll<\/span>"},"content":{"rendered":"<main id=\"CHARA_357\" class=\"main_page character\">\r\n            <article>\r\n                <section class=\"sec sec_character\">\r\n                    <ul class=\"sec_ul sec_ul--character slick-box\">\r\n                        <li class=\"sec_li sec_li--character\">\r\n                            <img decoding=\"async\" src=\"https:\/\/guide.fire-emblem-heroes.com\/wp-content\/uploads\/nord_darkness_watcher_slide01.png\" alt=\"\" \/>\r\n                        <\/li>\r\n                        <li class=\"sec_li sec_li--character\">\r\n                            <img decoding=\"async\" src=\"https:\/\/guide.fire-emblem-heroes.com\/wp-content\/uploads\/nord_darkness_watcher_slide02.png\" alt=\"\" \/>\r\n                        <\/li>\r\n                        <li class=\"sec_li sec_li--character\">\r\n                            <img decoding=\"async\" src=\"https:\/\/guide.fire-emblem-heroes.com\/wp-content\/uploads\/nord_darkness_watcher_slide03.png\" alt=\"\" \/>\r\n                        <\/li>\r\n                        <li class=\"sec_li sec_li--character\">\r\n                            <img decoding=\"async\" src=\"https:\/\/guide.fire-emblem-heroes.com\/wp-content\/uploads\/nord_darkness_watcher_slide04.png\" alt=\"\" \/>\r\n                        <\/li>\r\n                    <\/ul>\r\n                    <div class=\"sec_charainfoarea flex\">\r\n                        <div class=\"sec_gif\"><img loading=\"lazy\" decoding=\"async\" src=\"https:\/\/guide.fire-emblem-heroes.com\/wp-content\/uploads\/nord_darkness_watcher.png\" alt=\"\" width=\"210\" height=\"190\"\/><\/div>\r\n                        <div class=\"sec_charainfo\">\r\n                            <p id=\"CHARA_357_002\" class=\"sec_characate sec_characate--heroes\">H\u00e9roes<\/p>\r\n                            <p id=\"CHARA_357_003\" class=\"sec_charanick\">El Oscuro<\/p>\r\n                            <p id=\"CHARA_357_004\" class=\"sec_charaname\">Knoll<\/p>\r\n                            <p id=\"CHARA_357_005\" class=\"sec_charaappearancetxt\">Aparece en<\/p>\r\n                            <p id=\"CHARA_357_006\" class=\"sec_charaappearancetxt\">Fire Emblem: The Sacred Stones<\/p>\r\n                        <\/div>\r\n                    <\/div>\r\n                <\/section>\r\n            <\/article>\r\n            <article>\r\n                <section class=\"sec sec_characterarea\">\r\n                    <div class=\"sec_h2chara\">\r\n                        <p id=\"CHARA_357_007\" class=\"sec_h2charattl\">\u00a1Sharena te contar\u00e1 de \u00e9l!<\/p>\r\n                        <h2 id=\"CHARA_357_008\" class=\"sec_h2charatxt\">El Oscuro Knoll<\/h2>\r\n                    <\/div>\r\n                    <dl class=\"sec_dl flex\">\r\n                        <dt id=\"CHARA_357_009\" class=\"sec_dt\">Knoll es un hechicero real del imperio de Grado. No solo destaca por su talento con la magia, \u00a1sino que adem\u00e1s es un erudito excepcional!<\/dt>\r\n                        <dd class=\"sec_dd\">\r\n                            <a href=\"https:\/\/guide.fire-emblem-heroes.com\/wp-content\/uploads\/nord_darkness_watcher_pop01.png\" class=\"popup-image\">\r\n                                <img decoding=\"async\" src=\"https:\/\/guide.fire-emblem-heroes.com\/wp-content\/uploads\/nord_darkness_watcher_info01.png\" alt=\"\" \/>\r\n                            <\/a>\r\n                        <\/dd>\r\n                        <dt id=\"CHARA_357_010\" class=\"sec_dt\">Knoll se uni\u00f3 al pr\u00edncipe Lyon para estudiar la Piedra Sagrada de Grado. Aunque en un principio no lo sab\u00edan, no se trataba de una investigaci\u00f3n cualquiera: lo que descubrieron cambiar\u00eda el destino del continente tal y como lo conoc\u00edan.<\/dt>\r\n                        <dd class=\"sec_dd\">\r\n                            <a href=\"https:\/\/guide.fire-emblem-heroes.com\/wp-content\/uploads\/nord_darkness_watcher_pop02.png\" class=\"popup-image\">\r\n                                <img decoding=\"async\" src=\"https:\/\/guide.fire-emblem-heroes.com\/wp-content\/uploads\/nord_darkness_watcher_info02.png\" alt=\"\" \/>\r\n                            <\/a>\r\n                        <\/dd>\r\n                        <dt id=\"CHARA_357_011\" class=\"sec_dt\">Seg\u00fan avanzaban sus investigaciones, Knoll lleg\u00f3 a conocer los verdaderos secretos de la piedra&#8230; \u00a1Y acab\u00f3 en el calabozo por ello!<\/dt>\r\n                        <dd class=\"sec_dd\">\r\n                            <a href=\"https:\/\/guide.fire-emblem-heroes.com\/wp-content\/uploads\/nord_darkness_watcher_pop03.png\" class=\"popup-image\">\r\n                                <img decoding=\"async\" src=\"https:\/\/guide.fire-emblem-heroes.com\/wp-content\/uploads\/nord_darkness_watcher_info03.png\" alt=\"\" \/>\r\n                            <\/a>\r\n                        <\/dd>\r\n                        <dt id=\"CHARA_357_012\" class=\"sec_dt\">M\u00e1s tarde, fue rescatado por el pr\u00edncipe Ephraim de Renais. Knoll pidi\u00f3 unirse a su ej\u00e9rcito con la esperanza de salvar Grado y a Lyon.<\/dt>\r\n                        <dd class=\"sec_dd\">\r\n                            <a href=\"https:\/\/guide.fire-emblem-heroes.com\/wp-content\/uploads\/nord_darkness_watcher_pop04.png\" class=\"popup-image\">\r\n                                <img decoding=\"async\" src=\"https:\/\/guide.fire-emblem-heroes.com\/wp-content\/uploads\/nord_darkness_watcher_info04.png\" alt=\"\" \/>\r\n                            <\/a>\r\n                        <\/dd>\r\n                    <\/dl>\r\n                    <h3 id=\"CHARA_357_013\" class=\"sec_h3charatxt\">Personajes relacionados<\/h3>\r\n                    <h4 id=\"CHARA_357_014\" class=\"sec_h4charatxt\">Lyon<\/h4>\r\n                    <p id=\"CHARA_357_015\" class=\"sec_charatxt\">Pr\u00edncipe de Grado al que no le entusiasma luchar. Es un buen amigo de la infancia de Ephraim y Eirika. Knoll es su vasallo.<\/p>\r\n                    <h4 id=\"CHARA_357_016\" class=\"sec_h4charatxt\">Ephraim<\/h4>\r\n                    <p id=\"CHARA_357_017\" class=\"sec_charatxt\">Pr\u00edncipe de Renais y hermano gemelo de Eirika. Quiere mucho a su hermana. A veces se muestra excesivamente confiado, lo que ha puesto su vida en peligro. Rescata a Knoll cuando el ej\u00e9rcito de Grado lo secuestra.<\/p>\r\n                <\/section>\r\n            <\/article>\r\n        <\/main>","protected":false},"excerpt":{"rendered":"H\u00e9roes El Oscuro Knoll Aparece en Fire Emblem: The Sacred Stones \u00a1Sharena te contar\u00e1 de \u00e9l! El Oscuro Knoll Knoll es un hechicero real del imperio de Grado. No solo destaca por su talento con la magia, \u00a1sino que adem\u00e1s es un erudito excepcional! Knoll se uni\u00f3 al pr\u00edncipe Lyon para estudiar la Piedra Sagrada [&hellip;]","protected":false},"author":1,"featured_media":22948,"comment_status":"closed","ping_status":"closed","sticky":false,"template":"","format":"standard","meta":{"advanced_seo_description":"","jetpack_seo_html_title":"","jetpack_seo_noindex":false,"_jetpack_newsletter_access":"","_jetpack_dont_email_post_to_subs":false,"_jetpack_newsletter_tier_id":0,"_jetpack_memberships_contains_paywalled_content":false,"_locale":"es_MX","_original_post":"https:\/\/guide.fire-emblem-heroes.com\/?p=22741","_jetpack_memberships_contains_paid_content":false,"footnotes":"","jetpack_publicize_message":"","jetpack_publicize_feature_enabled":true,"jetpack_social_post_already_shared":true,"jetpack_social_options":{"image_generator_settings":{"template":"highway","default_image_id":0,"font":"","enabled":false},"version":2},"_wpas_customize_per_network":false,"jetpack_post_was_ever_published":false},"categories":[1384,1428,1415,1390],"tags":[1422],"class_list":["post-22748","post","type-post","status-publish","format-standard","has-post-thumbnail","hentry","category-character","category-ex_works_the_sacred_stones","category-heroes","category-stay_heroes","tag-heroes-2","es-MX"],"jetpack_publicize_connections":[],"jetpack_featured_media_url":"https:\/\/guide.fire-emblem-heroes.com\/wp-content\/uploads\/nord_darkness_watcher.png","jetpack_sharing_enabled":false,"jetpack_shortlink":"https:\/\/wp.me\/pa0Mj3-5UU","jetpack_likes_enabled":false,"amp_enabled":false,"_links":{"self":[{"href":"https:\/\/guide.fire-emblem-heroes.com\/wp-json\/wp\/v2\/posts\/22748","targetHints":{"allow":["GET"]}}],"collection":[{"href":"https:\/\/guide.fire-emblem-heroes.com\/wp-json\/wp\/v2\/posts"}],"about":[{"href":"https:\/\/guide.fire-emblem-heroes.com\/wp-json\/wp\/v2\/types\/post"}],"author":[{"embeddable":true,"href":"https:\/\/guide.fire-emblem-heroes.com\/wp-json\/wp\/v2\/users\/1"}],"replies":[{"embeddable":true,"href":"https:\/\/guide.fire-emblem-heroes.com\/wp-json\/wp\/v2\/comments?post=22748"}],"version-history":[{"count":1,"href":"https:\/\/guide.fire-emblem-heroes.com\/wp-json\/wp\/v2\/posts\/22748\/revisions"}],"predecessor-version":[{"id":22757,"href":"https:\/\/guide.fire-emblem-heroes.com\/wp-json\/wp\/v2\/posts\/22748\/revisions\/22757"}],"wp:featuredmedia":[{"embeddable":true,"href":"https:\/\/guide.fire-emblem-heroes.com\/wp-json\/wp\/v2\/media\/22948"}],"wp:attachment":[{"href":"https:\/\/guide.fire-emblem-heroes.com\/wp-json\/wp\/v2\/media?parent=22748"}],"wp:term":[{"taxonomy":"category","embeddable":true,"href":"https:\/\/guide.fire-emblem-heroes.com\/wp-json\/wp\/v2\/categories?post=22748"},{"taxonomy":"post_tag","embeddable":true,"href":"https:\/\/guide.fire-emblem-heroes.com\/wp-json\/wp\/v2\/tags?post=22748"}],"curies":[{"name":"wp","href":"https:\/\/api.w.org\/{rel}","templated":true}]}}