






{"id":23095,"date":"2020-12-15T13:04:53","date_gmt":"2020-12-15T04:04:53","guid":{"rendered":"https:\/\/guide.fire-emblem-heroes.com\/?p=23095"},"modified":"2021-01-18T16:12:51","modified_gmt":"2021-01-18T07:12:51","slug":"08009010000603-2","status":"publish","type":"post","link":"https:\/\/guide.fire-emblem-heroes.com\/es-MX\/08009010000603-2\/","title":{"rendered":"<span class=\"character_nick\">Soberano maduro<\/span><span class=\"character_name\">Sephiran<\/span>"},"content":{"rendered":"<main id=\"CHARA_367\" class=\"main_page character\">\r\n            <article>\r\n                <section class=\"sec sec_character\">\r\n                    <ul class=\"sec_ul sec_ul--character slick-box\">\r\n                        <li class=\"sec_li sec_li--character\">\r\n                            <img decoding=\"async\" src=\"https:\/\/guide.fire-emblem-heroes.com\/wp-content\/uploads\/sepheran_hoary_sovereign_slide01.png\" alt=\"\" \/>\r\n                        <\/li>\r\n                        <li class=\"sec_li sec_li--character\">\r\n                            <img decoding=\"async\" src=\"https:\/\/guide.fire-emblem-heroes.com\/wp-content\/uploads\/sepheran_hoary_sovereign_slide02.png\" alt=\"\" \/>\r\n                        <\/li>\r\n                        <li class=\"sec_li sec_li--character\">\r\n                            <img decoding=\"async\" src=\"https:\/\/guide.fire-emblem-heroes.com\/wp-content\/uploads\/sepheran_hoary_sovereign_slide03.png\" alt=\"\" \/>\r\n                        <\/li>\r\n                        <li class=\"sec_li sec_li--character\">\r\n                            <img decoding=\"async\" src=\"https:\/\/guide.fire-emblem-heroes.com\/wp-content\/uploads\/sepheran_hoary_sovereign_slide04.png\" alt=\"\" \/>\r\n                        <\/li>\r\n                    <\/ul>\r\n                    <div class=\"sec_charainfoarea flex\">\r\n                        <div class=\"sec_gif\"><img loading=\"lazy\" decoding=\"async\" src=\"https:\/\/guide.fire-emblem-heroes.com\/wp-content\/uploads\/sepheran_hoary_sovereign.png\" alt=\"\" width=\"210\" height=\"190\"\/><\/div>\r\n                        <div class=\"sec_charainfo\">\r\n                            <p id=\"CHARA_367_002\" class=\"sec_characate sec_characate--special_heroes\">H\u00e9roes especiales<\/p>\r\n                            <p id=\"CHARA_367_003\" class=\"sec_charanick\">Soberano maduro<\/p>\r\n                            <p id=\"CHARA_367_004\" class=\"sec_charaname\">Sephiran<\/p>\r\n                            <p id=\"CHARA_367_005\" class=\"sec_charaappearancetxt\">Aparece en<\/p>\r\n                            <p id=\"CHARA_367_006\" class=\"sec_charaappearancetxt\">Fire Emblem: Path of Radiance<\/p>\r\n                        <\/div>\r\n                    <\/div>\r\n                <\/section>\r\n            <\/article>\r\n            <article>\r\n                <section class=\"sec sec_characterarea\">\r\n                    <div class=\"sec_h2chara\">\r\n                        <p id=\"CHARA_367_007\" class=\"sec_h2charattl\">\u00a1Sharena te contar\u00e1 de \u00e9l!<\/p>\r\n                        <h2 id=\"CHARA_367_008\" class=\"sec_h2charatxt\">Soberano maduro Sephiran<\/h2>\r\n                    <\/div>\r\n                    <dl class=\"sec_dl flex\">\r\n                        <dt id=\"CHARA_367_009\" class=\"sec_dt\">Sephiran es el primer ministro del Imperio de Begnion y el antiguo l\u00edder del senado. \u00a1Hoy nos honra con su presencia en la v\u00edspera del festival de invierno!<\/dt>\r\n                        <dd class=\"sec_dd\">\r\n                            <a href=\"https:\/\/guide.fire-emblem-heroes.com\/wp-content\/uploads\/sepheran_hoary_sovereign_pop01.png\" class=\"popup-image\">\r\n                                <img decoding=\"async\" src=\"https:\/\/guide.fire-emblem-heroes.com\/wp-content\/uploads\/sepheran_hoary_sovereign_info01.png\" alt=\"\" \/>\r\n                            <\/a>\r\n                        <\/dd>\r\n                        <dt id=\"CHARA_367_010\" class=\"sec_dt\">Con su solemne t\u00fanica, va a ser sin duda el centro de todas las miradas. \u00a1Me encanta c\u00f3mo contrastan el majestuoso verde y el rojo de su atuendo!<\/dt>\r\n                        <dd class=\"sec_dd\">\r\n                            <a href=\"https:\/\/guide.fire-emblem-heroes.com\/wp-content\/uploads\/sepheran_hoary_sovereign_pop02.png\" class=\"popup-image\">\r\n                                <img decoding=\"async\" src=\"https:\/\/guide.fire-emblem-heroes.com\/wp-content\/uploads\/sepheran_hoary_sovereign_info02.png\" alt=\"\" \/>\r\n                            <\/a>\r\n                        <\/dd>\r\n                        <dt id=\"CHARA_367_011\" class=\"sec_dt\">Su bast\u00f3n tambi\u00e9n tiene una cesta para llevar regalos. \u00bfTendr\u00e1 tambi\u00e9n uno para Sanaki?<\/dt>\r\n                        <dd class=\"sec_dd\">\r\n                            <a href=\"https:\/\/guide.fire-emblem-heroes.com\/wp-content\/uploads\/sepheran_hoary_sovereign_pop03.png\" class=\"popup-image\">\r\n                                <img decoding=\"async\" src=\"https:\/\/guide.fire-emblem-heroes.com\/wp-content\/uploads\/sepheran_hoary_sovereign_info03.png\" alt=\"\" \/>\r\n                            <\/a>\r\n                        <\/dd>\r\n                        <dt id=\"CHARA_367_012\" class=\"sec_dt\">Me agrada mucho el estilo invernal del atuendo de Sephiran. Tengo que reconocer que suelo dejarme llevar un poco por la celebraci\u00f3n, pero tambi\u00e9n es bueno relajarse y disfrutar de los momentos tranquilos del festival.<\/dt>\r\n                        <dd class=\"sec_dd\">\r\n                            <a href=\"https:\/\/guide.fire-emblem-heroes.com\/wp-content\/uploads\/sepheran_hoary_sovereign_pop04.png\" class=\"popup-image\">\r\n                                <img decoding=\"async\" src=\"https:\/\/guide.fire-emblem-heroes.com\/wp-content\/uploads\/sepheran_hoary_sovereign_info04.png\" alt=\"\" \/>\r\n                            <\/a>\r\n                        <\/dd>\r\n                    <\/dl>\r\n                    <h3 id=\"CHARA_367_013\" class=\"sec_h3charatxt\">Personajes relacionados<\/h3>\r\n                    <h4 id=\"CHARA_367_014\" class=\"sec_h4charatxt\">Sanaki<\/h4>\r\n                    <p id=\"CHARA_367_015\" class=\"sec_charatxt\">La joven y aplicada emperatriz de Begnion es conocida como la Ap\u00f3stol, y se le considera la voz de la diosa. Sephiran est\u00e1 a su servicio.<\/p>\r\n                <\/section>\r\n            <\/article>\r\n        <\/main>","protected":false},"excerpt":{"rendered":"H\u00e9roes especiales Soberano maduro Sephiran Aparece en Fire Emblem: Path of Radiance \u00a1Sharena te contar\u00e1 de \u00e9l! Soberano maduro Sephiran Sephiran es el primer ministro del Imperio de Begnion y el antiguo l\u00edder del senado. \u00a1Hoy nos honra con su presencia en la v\u00edspera del festival de invierno! Con su solemne t\u00fanica, va a ser [&hellip;]","protected":false},"author":1,"featured_media":23175,"comment_status":"closed","ping_status":"closed","sticky":false,"template":"","format":"standard","meta":{"advanced_seo_description":"","jetpack_seo_html_title":"","jetpack_seo_noindex":false,"_jetpack_newsletter_access":"","_jetpack_dont_email_post_to_subs":false,"_jetpack_newsletter_tier_id":0,"_jetpack_memberships_contains_paywalled_content":false,"_locale":"es_MX","_original_post":"https:\/\/guide.fire-emblem-heroes.com\/?p=23088","_jetpack_memberships_contains_paid_content":false,"footnotes":"","jetpack_publicize_message":"","jetpack_publicize_feature_enabled":true,"jetpack_social_post_already_shared":true,"jetpack_social_options":{"image_generator_settings":{"template":"highway","default_image_id":0,"font":"","enabled":false},"version":2},"_wpas_customize_per_network":false,"jetpack_post_was_ever_published":false},"categories":[1384,1429,1405,1390],"tags":[1409],"class_list":["post-23095","post","type-post","status-publish","format-standard","has-post-thumbnail","hentry","category-character","category-ex_works_path_of_radiance","category-special_heroes","category-stay_heroes","tag-heroes-especiales","es-MX"],"jetpack_publicize_connections":[],"jetpack_featured_media_url":"https:\/\/guide.fire-emblem-heroes.com\/wp-content\/uploads\/sepheran_hoary_sovereign.png","jetpack_sharing_enabled":false,"jetpack_shortlink":"https:\/\/wp.me\/pa0Mj3-60v","jetpack_likes_enabled":false,"amp_enabled":false,"_links":{"self":[{"href":"https:\/\/guide.fire-emblem-heroes.com\/wp-json\/wp\/v2\/posts\/23095","targetHints":{"allow":["GET"]}}],"collection":[{"href":"https:\/\/guide.fire-emblem-heroes.com\/wp-json\/wp\/v2\/posts"}],"about":[{"href":"https:\/\/guide.fire-emblem-heroes.com\/wp-json\/wp\/v2\/types\/post"}],"author":[{"embeddable":true,"href":"https:\/\/guide.fire-emblem-heroes.com\/wp-json\/wp\/v2\/users\/1"}],"replies":[{"embeddable":true,"href":"https:\/\/guide.fire-emblem-heroes.com\/wp-json\/wp\/v2\/comments?post=23095"}],"version-history":[{"count":1,"href":"https:\/\/guide.fire-emblem-heroes.com\/wp-json\/wp\/v2\/posts\/23095\/revisions"}],"predecessor-version":[{"id":23107,"href":"https:\/\/guide.fire-emblem-heroes.com\/wp-json\/wp\/v2\/posts\/23095\/revisions\/23107"}],"wp:featuredmedia":[{"embeddable":true,"href":"https:\/\/guide.fire-emblem-heroes.com\/wp-json\/wp\/v2\/media\/23175"}],"wp:attachment":[{"href":"https:\/\/guide.fire-emblem-heroes.com\/wp-json\/wp\/v2\/media?parent=23095"}],"wp:term":[{"taxonomy":"category","embeddable":true,"href":"https:\/\/guide.fire-emblem-heroes.com\/wp-json\/wp\/v2\/categories?post=23095"},{"taxonomy":"post_tag","embeddable":true,"href":"https:\/\/guide.fire-emblem-heroes.com\/wp-json\/wp\/v2\/tags?post=23095"}],"curies":[{"name":"wp","href":"https:\/\/api.w.org\/{rel}","templated":true}]}}