






{"id":23653,"date":"2021-01-06T11:11:42","date_gmt":"2021-01-06T02:11:42","guid":{"rendered":"https:\/\/guide.fire-emblem-heroes.com\/?p=23653"},"modified":"2021-01-27T12:56:39","modified_gmt":"2021-01-27T03:56:39","slug":"04040001000615-2","status":"publish","type":"post","link":"https:\/\/guide.fire-emblem-heroes.com\/es-MX\/04040001000615-2\/","title":{"rendered":"<span class=\"character_nick\">Adepto de Manfroy<\/span><span class=\"character_name\">Veld<\/span>"},"content":{"rendered":"<main id=\"CHARA_383\" class=\"main_page character\">\r\n            <article>\r\n                <section class=\"sec sec_character\">\r\n                    <ul class=\"sec_ul sec_ul--character slick-box\">\r\n                        <li class=\"sec_li sec_li--character\">\r\n                            <img decoding=\"async\" src=\"https:\/\/guide.fire-emblem-heroes.com\/wp-content\/uploads\/veld_manfroys_rock_slide01.png\" alt=\"\" \/>\r\n                        <\/li>\r\n                        <li class=\"sec_li sec_li--character\">\r\n                            <img decoding=\"async\" src=\"https:\/\/guide.fire-emblem-heroes.com\/wp-content\/uploads\/veld_manfroys_rock_slide02.png\" alt=\"\" \/>\r\n                        <\/li>\r\n                        <li class=\"sec_li sec_li--character\">\r\n                            <img decoding=\"async\" src=\"https:\/\/guide.fire-emblem-heroes.com\/wp-content\/uploads\/veld_manfroys_rock_slide03.png\" alt=\"\" \/>\r\n                        <\/li>\r\n                        <li class=\"sec_li sec_li--character\">\r\n                            <img decoding=\"async\" src=\"https:\/\/guide.fire-emblem-heroes.com\/wp-content\/uploads\/veld_manfroys_rock_slide04.png\" alt=\"\" \/>\r\n                        <\/li>\r\n                    <\/ul>\r\n                    <div class=\"sec_charainfoarea flex\">\r\n                        <div class=\"sec_gif\"><img loading=\"lazy\" decoding=\"async\" src=\"https:\/\/guide.fire-emblem-heroes.com\/wp-content\/uploads\/veld_manfroys_rock.png\" alt=\"\" width=\"210\" height=\"190\"\/><\/div>\r\n                        <div class=\"sec_charainfo\">\r\n                            <p id=\"CHARA_383_002\" class=\"sec_characate sec_characate--heroes\">H\u00e9roes<\/p>\r\n                            <p id=\"CHARA_383_003\" class=\"sec_charanick\">Adepto de Manfroy<\/p>\r\n                            <p id=\"CHARA_383_004\" class=\"sec_charaname\">Veld<\/p>\r\n                            <p id=\"CHARA_383_005\" class=\"sec_charaappearancetxt\">Aparece en<\/p>\r\n                            <p id=\"CHARA_383_006\" class=\"sec_charaappearancetxt\">Fire Emblem: Thracia 776<\/p>\r\n                        <\/div>\r\n                    <\/div>\r\n                <\/section>\r\n            <\/article>\r\n            <article>\r\n                <section class=\"sec sec_characterarea\">\r\n                    <div class=\"sec_h2chara\">\r\n                        <p id=\"CHARA_383_007\" class=\"sec_h2charattl\">\u00a1Sharena te contar\u00e1 de \u00e9l!<\/p>\r\n                        <h2 id=\"CHARA_383_008\" class=\"sec_h2charatxt\">Adepto de Manfroy Veld<\/h2>\r\n                    <\/div>\r\n                    <dl class=\"sec_dl flex\">\r\n                        <dt id=\"CHARA_383_009\" class=\"sec_dt\">Veld es un miembro de alto rango de la secta de Loptr. \u00a1Es un hombre muy astuto que domina la magia oscura y controla el norte de Thracia tras bambalinas!<\/dt>\r\n                        <dd class=\"sec_dd\">\r\n                            <a href=\"https:\/\/guide.fire-emblem-heroes.com\/wp-content\/uploads\/veld_manfroys_rock_pop01.png\" class=\"popup-image\">\r\n                                <img decoding=\"async\" src=\"https:\/\/guide.fire-emblem-heroes.com\/wp-content\/uploads\/veld_manfroys_rock_info01.png\" alt=\"\" \/>\r\n                            <\/a>\r\n                        <\/dd>\r\n                        <dt id=\"CHARA_383_010\" class=\"sec_dt\">Veld inici\u00f3 la guerra en Thracia, aunque el arzobispo Manfroy fue quien dio la orden. Uno tras otro, los pa\u00edses de Thracia sucumbieron ante las maquinaciones de Veld.<\/dt>\r\n                        <dd class=\"sec_dd\">\r\n                            <a href=\"https:\/\/guide.fire-emblem-heroes.com\/wp-content\/uploads\/veld_manfroys_rock_pop02.png\" class=\"popup-image\">\r\n                                <img decoding=\"async\" src=\"https:\/\/guide.fire-emblem-heroes.com\/wp-content\/uploads\/veld_manfroys_rock_info02.png\" alt=\"\" \/>\r\n                            <\/a>\r\n                        <\/dd>\r\n                        <dt id=\"CHARA_383_011\" class=\"sec_dt\">Cuando el imperio de Grannvale consigui\u00f3 controlar el norte de Thracia, Veld manipul\u00f3 a Raydrick, de Munster, para aumentar la influencia de la secta de Loptr.<\/dt>\r\n                        <dd class=\"sec_dd\">\r\n                            <a href=\"https:\/\/guide.fire-emblem-heroes.com\/wp-content\/uploads\/veld_manfroys_rock_pop03.png\" class=\"popup-image\">\r\n                                <img decoding=\"async\" src=\"https:\/\/guide.fire-emblem-heroes.com\/wp-content\/uploads\/veld_manfroys_rock_info03.png\" alt=\"\" \/>\r\n                            <\/a>\r\n                        <\/dd>\r\n                        <dt id=\"CHARA_383_012\" class=\"sec_dt\">Veld es un hombre malvado al que le gusta urdir estratagemas y manejar los hilos desde la sombra para doblegar hasta a los h\u00e9roes m\u00e1s consumados. \u00a1Aunque se podr\u00eda decir que tiene un historial de logros muy completo, la verdad es que a m\u00ed me dan escalofr\u00edos!<\/dt>\r\n                        <dd class=\"sec_dd\">\r\n                            <a href=\"https:\/\/guide.fire-emblem-heroes.com\/wp-content\/uploads\/veld_manfroys_rock_pop04.png\" class=\"popup-image\">\r\n                                <img decoding=\"async\" src=\"https:\/\/guide.fire-emblem-heroes.com\/wp-content\/uploads\/veld_manfroys_rock_info04.png\" alt=\"\" \/>\r\n                            <\/a>\r\n                        <\/dd>\r\n                    <\/dl>\r\n                    <h3 id=\"CHARA_383_013\" class=\"sec_h3charatxt\">Personajes relacionados<\/h3>\r\n                    <h4 id=\"CHARA_383_014\" class=\"sec_h4charatxt\">Leif<\/h4>\r\n                    <p id=\"CHARA_383_015\" class=\"sec_charatxt\">Hijo de Quan y pr\u00edncipe de Leonster. Se escond\u00eda en Fiana, pero decidi\u00f3 tomar partido cuando las fuerzas imperiales atacaron. Perdi\u00f3 a sus padres como resultado de los ardides de Veld.<\/p>\r\n                    <h4 id=\"CHARA_383_016\" class=\"sec_h4charatxt\">Eyvel<\/h4>\r\n                    <p id=\"CHARA_383_017\" class=\"sec_charatxt\">Se\u00f1ora de Fiana y l\u00edder de los Valientes de Fiana. Acogi\u00f3 a Leif y compa\u00f1\u00eda cuando estos escapaban del imperio de Grannvale. Veld la convirti\u00f3 en piedra.<\/p>\r\n                <\/section>\r\n            <\/article>\r\n        <\/main>","protected":false},"excerpt":{"rendered":"H\u00e9roes Adepto de Manfroy Veld Aparece en Fire Emblem: Thracia 776 \u00a1Sharena te contar\u00e1 de \u00e9l! Adepto de Manfroy Veld Veld es un miembro de alto rango de la secta de Loptr. \u00a1Es un hombre muy astuto que domina la magia oscura y controla el norte de Thracia tras bambalinas! Veld inici\u00f3 la guerra en [&hellip;]","protected":false},"author":1,"featured_media":23742,"comment_status":"closed","ping_status":"closed","sticky":false,"template":"","format":"standard","meta":{"advanced_seo_description":"","jetpack_seo_html_title":"","jetpack_seo_noindex":false,"_jetpack_newsletter_access":"","_jetpack_dont_email_post_to_subs":false,"_jetpack_newsletter_tier_id":0,"_jetpack_memberships_contains_paywalled_content":false,"_locale":"es_MX","_original_post":"https:\/\/guide.fire-emblem-heroes.com\/?p=23646","_jetpack_memberships_contains_paid_content":false,"footnotes":"","jetpack_publicize_message":"","jetpack_publicize_feature_enabled":true,"jetpack_social_post_already_shared":true,"jetpack_social_options":{"image_generator_settings":{"template":"highway","default_image_id":0,"font":"","enabled":false},"version":2},"_wpas_customize_per_network":false,"jetpack_post_was_ever_published":false},"categories":[1384,1438,1415,1390],"tags":[1422],"class_list":["post-23653","post","type-post","status-publish","format-standard","has-post-thumbnail","hentry","category-character","category-ex_works_thracia_776","category-heroes","category-stay_heroes","tag-heroes-2","es-MX"],"jetpack_publicize_connections":[],"jetpack_featured_media_url":"https:\/\/guide.fire-emblem-heroes.com\/wp-content\/uploads\/veld_manfroys_rock.png","jetpack_sharing_enabled":false,"jetpack_shortlink":"https:\/\/wp.me\/pa0Mj3-69v","jetpack_likes_enabled":false,"amp_enabled":false,"_links":{"self":[{"href":"https:\/\/guide.fire-emblem-heroes.com\/wp-json\/wp\/v2\/posts\/23653","targetHints":{"allow":["GET"]}}],"collection":[{"href":"https:\/\/guide.fire-emblem-heroes.com\/wp-json\/wp\/v2\/posts"}],"about":[{"href":"https:\/\/guide.fire-emblem-heroes.com\/wp-json\/wp\/v2\/types\/post"}],"author":[{"embeddable":true,"href":"https:\/\/guide.fire-emblem-heroes.com\/wp-json\/wp\/v2\/users\/1"}],"replies":[{"embeddable":true,"href":"https:\/\/guide.fire-emblem-heroes.com\/wp-json\/wp\/v2\/comments?post=23653"}],"version-history":[{"count":1,"href":"https:\/\/guide.fire-emblem-heroes.com\/wp-json\/wp\/v2\/posts\/23653\/revisions"}],"predecessor-version":[{"id":23666,"href":"https:\/\/guide.fire-emblem-heroes.com\/wp-json\/wp\/v2\/posts\/23653\/revisions\/23666"}],"wp:featuredmedia":[{"embeddable":true,"href":"https:\/\/guide.fire-emblem-heroes.com\/wp-json\/wp\/v2\/media\/23742"}],"wp:attachment":[{"href":"https:\/\/guide.fire-emblem-heroes.com\/wp-json\/wp\/v2\/media?parent=23653"}],"wp:term":[{"taxonomy":"category","embeddable":true,"href":"https:\/\/guide.fire-emblem-heroes.com\/wp-json\/wp\/v2\/categories?post=23653"},{"taxonomy":"post_tag","embeddable":true,"href":"https:\/\/guide.fire-emblem-heroes.com\/wp-json\/wp\/v2\/tags?post=23653"}],"curies":[{"name":"wp","href":"https:\/\/api.w.org\/{rel}","templated":true}]}}