






{"id":24974,"date":"2021-03-15T12:18:11","date_gmt":"2021-03-15T03:18:11","guid":{"rendered":"https:\/\/guide.fire-emblem-heroes.com\/?p=24974"},"modified":"2021-04-16T16:07:29","modified_gmt":"2021-04-16T07:07:29","slug":"01004002000639-2","status":"publish","type":"post","link":"https:\/\/guide.fire-emblem-heroes.com\/es-MX\/01004002000639-2\/","title":{"rendered":"<span class=\"character_nick\">Dragoon vernal<\/span><span class=\"character_name\">Minerva<\/span>"},"content":{"rendered":"<main id=\"CHARA_414\" class=\"main_page character\">\r\n            <article>\r\n                <section class=\"sec sec_character\">\r\n                    <ul class=\"sec_ul sec_ul--character slick-box\">\r\n                        <li class=\"sec_li sec_li--character\">\r\n                            <img decoding=\"async\" src=\"https:\/\/guide.fire-emblem-heroes.com\/wp-content\/uploads\/minerba_verdant_dragoon_slide01.png\" alt=\"\" \/>\r\n                        <\/li>\r\n                        <li class=\"sec_li sec_li--character\">\r\n                            <img decoding=\"async\" src=\"https:\/\/guide.fire-emblem-heroes.com\/wp-content\/uploads\/minerba_verdant_dragoon_slide02.png\" alt=\"\" \/>\r\n                        <\/li>\r\n                        <li class=\"sec_li sec_li--character\">\r\n                            <img decoding=\"async\" src=\"https:\/\/guide.fire-emblem-heroes.com\/wp-content\/uploads\/minerba_verdant_dragoon_slide03.png\" alt=\"\" \/>\r\n                        <\/li>\r\n                        <li class=\"sec_li sec_li--character\">\r\n                            <img decoding=\"async\" src=\"https:\/\/guide.fire-emblem-heroes.com\/wp-content\/uploads\/minerba_verdant_dragoon_slide04.png\" alt=\"\" \/>\r\n                        <\/li>\r\n                    <\/ul>\r\n                    <div class=\"sec_charainfoarea flex\">\r\n                        <div class=\"sec_gif\"><img loading=\"lazy\" decoding=\"async\" src=\"https:\/\/guide.fire-emblem-heroes.com\/wp-content\/uploads\/minerba_verdant_dragoon.png\" alt=\"\" width=\"210\" height=\"190\"\/><\/div>\r\n                        <div class=\"sec_charainfo\">\r\n                            <p id=\"CHARA_414_002\" class=\"sec_characate sec_characate--special_heroes\">H\u00e9roes especiales<\/p>\r\n                            <p id=\"CHARA_414_003\" class=\"sec_charanick\">Dragoon vernal<\/p>\r\n                            <p id=\"CHARA_414_004\" class=\"sec_charaname\">Minerva<\/p>\r\n                            <p id=\"CHARA_414_005\" class=\"sec_charaappearancetxt\">Aparece en<\/p>\r\n                            <p id=\"CHARA_414_006\" class=\"sec_charaappearancetxt\">Fire Emblem: Mystery of the Emblem<\/p>\r\n                        <\/div>\r\n                    <\/div>\r\n                <\/section>\r\n            <\/article>\r\n            <article>\r\n                <section class=\"sec sec_characterarea\">\r\n                    <div class=\"sec_h2chara\">\r\n                        <p id=\"CHARA_414_007\" class=\"sec_h2charattl\">\u00a1Sharena te contar\u00e1 de ella!<\/p>\r\n                        <h2 id=\"CHARA_414_008\" class=\"sec_h2charatxt\">Dragoon vernal Minerva<\/h2>\r\n                    <\/div>\r\n                    <dl class=\"sec_dl flex\">\r\n                        <dt id=\"CHARA_414_009\" class=\"sec_dt\">\u00a1Aqu\u00ed est\u00e1 Minerva, la Dragoon Roja de Medonia! \u00a1Aunque esta vez parece m\u00e1s bien la coneja roja del festival primaveral!<\/dt>\r\n                        <dd class=\"sec_dd\">\r\n                            <a href=\"https:\/\/guide.fire-emblem-heroes.com\/wp-content\/uploads\/minerba_verdant_dragoon_pop01.png\" class=\"popup-image\">\r\n                                <img decoding=\"async\" src=\"https:\/\/guide.fire-emblem-heroes.com\/wp-content\/uploads\/minerba_verdant_dragoon_info01.png\" alt=\"\" \/>\r\n                            <\/a>\r\n                        <\/dd>\r\n                        <dt id=\"CHARA_414_010\" class=\"sec_dt\">Su atuendo para el festival tiene su rojo feroz de siempre y tambi\u00e9n una capa de gasa transparente para darle estilo. \u00a1Es perfecto para una atrevida conejita primaveral que quiere lucir bien!<\/dt>\r\n                        <dd class=\"sec_dd\">\r\n                            <a href=\"https:\/\/guide.fire-emblem-heroes.com\/wp-content\/uploads\/minerba_verdant_dragoon_pop02.png\" class=\"popup-image\">\r\n                                <img decoding=\"async\" src=\"https:\/\/guide.fire-emblem-heroes.com\/wp-content\/uploads\/minerba_verdant_dragoon_info02.png\" alt=\"\" \/>\r\n                            <\/a>\r\n                        <\/dd>\r\n                        <dt id=\"CHARA_414_011\" class=\"sec_dt\">Lo que m\u00e1s destaca es la lanza que lleva, \u00a1tiene un dise\u00f1o con un conejito orej\u00f3n en la punta! Y, como adem\u00e1s lleva un gorro con orejas de conejo, \u00a1parece que hayan dos conejitos en lugar de uno!<\/dt>\r\n                        <dd class=\"sec_dd\">\r\n                            <a href=\"https:\/\/guide.fire-emblem-heroes.com\/wp-content\/uploads\/minerba_verdant_dragoon_pop03.png\" class=\"popup-image\">\r\n                                <img decoding=\"async\" src=\"https:\/\/guide.fire-emblem-heroes.com\/wp-content\/uploads\/minerba_verdant_dragoon_info03.png\" alt=\"\" \/>\r\n                            <\/a>\r\n                        <\/dd>\r\n                        <dt id=\"CHARA_414_012\" class=\"sec_dt\">Parece que Minerva se est\u00e1 divirtiendo mucho en el festival primaveral. S\u00e9 que quiere mucho a su hermana, Mar\u00eda y seguro que ahora mismo est\u00e1 pensando en lo bien que se la pasar\u00edan si estuviera aqu\u00ed.<\/dt>\r\n                        <dd class=\"sec_dd\">\r\n                            <a href=\"https:\/\/guide.fire-emblem-heroes.com\/wp-content\/uploads\/minerba_verdant_dragoon_pop04.png\" class=\"popup-image\">\r\n                                <img decoding=\"async\" src=\"https:\/\/guide.fire-emblem-heroes.com\/wp-content\/uploads\/minerba_verdant_dragoon_info04.png\" alt=\"\" \/>\r\n                            <\/a>\r\n                        <\/dd>\r\n                    <\/dl>\r\n                    <h3 id=\"CHARA_414_013\" class=\"sec_h3charatxt\">Personajes relacionados<\/h3>\r\n                    <h4 id=\"CHARA_414_014\" class=\"sec_h4charatxt\">Michalis<\/h4>\r\n                    <p id=\"CHARA_414_015\" class=\"sec_charatxt\">Rey de Medonia cuya ambici\u00f3n de poder lo llev\u00f3 a asesinar a su propio padre. Es hermano de Minerva y Mar\u00eda.<\/p>\r\n                    <h4 id=\"CHARA_414_016\" class=\"sec_h4charatxt\">Mar\u00eda<\/h4>\r\n                    <p id=\"CHARA_414_017\" class=\"sec_charatxt\">Princesa de Medonia y hermana peque\u00f1a de Minerva y Michalis, a quienes adora.<\/p>\r\n                <\/section>\r\n            <\/article>\r\n        <\/main>","protected":false},"excerpt":{"rendered":"H\u00e9roes especiales Dragoon vernal Minerva Aparece en Fire Emblem: Mystery of the Emblem \u00a1Sharena te contar\u00e1 de ella! Dragoon vernal Minerva \u00a1Aqu\u00ed est\u00e1 Minerva, la Dragoon Roja de Medonia! \u00a1Aunque esta vez parece m\u00e1s bien la coneja roja del festival primaveral! Su atuendo para el festival tiene su rojo feroz de siempre y tambi\u00e9n una [&hellip;]","protected":false},"author":1,"featured_media":25078,"comment_status":"closed","ping_status":"closed","sticky":false,"template":"","format":"standard","meta":{"advanced_seo_description":"","jetpack_seo_html_title":"","jetpack_seo_noindex":false,"_jetpack_newsletter_access":"","_jetpack_dont_email_post_to_subs":false,"_jetpack_newsletter_tier_id":0,"_jetpack_memberships_contains_paywalled_content":false,"_locale":"es_MX","_original_post":"https:\/\/guide.fire-emblem-heroes.com\/?p=24967","_jetpack_memberships_contains_paid_content":false,"footnotes":"","jetpack_publicize_message":"","jetpack_publicize_feature_enabled":true,"jetpack_social_post_already_shared":true,"jetpack_social_options":{"image_generator_settings":{"template":"highway","default_image_id":0,"font":"","enabled":false},"version":2},"_wpas_customize_per_network":false,"jetpack_post_was_ever_published":false},"categories":[1384,1424,1405,1390],"tags":[1409],"class_list":["post-24974","post","type-post","status-publish","format-standard","has-post-thumbnail","hentry","category-character","category-ex_works_mystery_of_the_emblem","category-special_heroes","category-stay_heroes","tag-heroes-especiales","es-MX"],"jetpack_publicize_connections":[],"jetpack_featured_media_url":"https:\/\/guide.fire-emblem-heroes.com\/wp-content\/uploads\/minerba_verdant_dragoon.png","jetpack_sharing_enabled":false,"jetpack_shortlink":"https:\/\/wp.me\/pa0Mj3-6uO","jetpack_likes_enabled":false,"amp_enabled":false,"_links":{"self":[{"href":"https:\/\/guide.fire-emblem-heroes.com\/wp-json\/wp\/v2\/posts\/24974","targetHints":{"allow":["GET"]}}],"collection":[{"href":"https:\/\/guide.fire-emblem-heroes.com\/wp-json\/wp\/v2\/posts"}],"about":[{"href":"https:\/\/guide.fire-emblem-heroes.com\/wp-json\/wp\/v2\/types\/post"}],"author":[{"embeddable":true,"href":"https:\/\/guide.fire-emblem-heroes.com\/wp-json\/wp\/v2\/users\/1"}],"replies":[{"embeddable":true,"href":"https:\/\/guide.fire-emblem-heroes.com\/wp-json\/wp\/v2\/comments?post=24974"}],"version-history":[{"count":1,"href":"https:\/\/guide.fire-emblem-heroes.com\/wp-json\/wp\/v2\/posts\/24974\/revisions"}],"predecessor-version":[{"id":24983,"href":"https:\/\/guide.fire-emblem-heroes.com\/wp-json\/wp\/v2\/posts\/24974\/revisions\/24983"}],"wp:featuredmedia":[{"embeddable":true,"href":"https:\/\/guide.fire-emblem-heroes.com\/wp-json\/wp\/v2\/media\/25078"}],"wp:attachment":[{"href":"https:\/\/guide.fire-emblem-heroes.com\/wp-json\/wp\/v2\/media?parent=24974"}],"wp:term":[{"taxonomy":"category","embeddable":true,"href":"https:\/\/guide.fire-emblem-heroes.com\/wp-json\/wp\/v2\/categories?post=24974"},{"taxonomy":"post_tag","embeddable":true,"href":"https:\/\/guide.fire-emblem-heroes.com\/wp-json\/wp\/v2\/tags?post=24974"}],"curies":[{"name":"wp","href":"https:\/\/api.w.org\/{rel}","templated":true}]}}