






{"id":25037,"date":"2021-03-15T12:55:54","date_gmt":"2021-03-15T03:55:54","guid":{"rendered":"https:\/\/guide.fire-emblem-heroes.com\/?p=25037"},"modified":"2021-04-16T13:54:09","modified_gmt":"2021-04-16T04:54:09","slug":"07007002000642-2","status":"publish","type":"post","link":"https:\/\/guide.fire-emblem-heroes.com\/es-MX\/07007002000642-2\/","title":{"rendered":"<span class=\"character_nick\">Sabio vernal<\/span><span class=\"character_name\">Saleh<\/span>"},"content":{"rendered":"<main id=\"CHARA_417\" class=\"main_page character\">\r\n            <article>\r\n                <section class=\"sec sec_character\">\r\n                    <ul class=\"sec_ul sec_ul--character slick-box\">\r\n                        <li class=\"sec_li sec_li--character\">\r\n                            <img decoding=\"async\" src=\"https:\/\/guide.fire-emblem-heroes.com\/wp-content\/uploads\/salef_vernal_sage_slide01.png\" alt=\"\" \/>\r\n                        <\/li>\r\n                        <li class=\"sec_li sec_li--character\">\r\n                            <img decoding=\"async\" src=\"https:\/\/guide.fire-emblem-heroes.com\/wp-content\/uploads\/salef_vernal_sage_slide02.png\" alt=\"\" \/>\r\n                        <\/li>\r\n                        <li class=\"sec_li sec_li--character\">\r\n                            <img decoding=\"async\" src=\"https:\/\/guide.fire-emblem-heroes.com\/wp-content\/uploads\/salef_vernal_sage_slide03.png\" alt=\"\" \/>\r\n                        <\/li>\r\n                        <li class=\"sec_li sec_li--character\">\r\n                            <img decoding=\"async\" src=\"https:\/\/guide.fire-emblem-heroes.com\/wp-content\/uploads\/salef_vernal_sage_slide04.png\" alt=\"\" \/>\r\n                        <\/li>\r\n                    <\/ul>\r\n                    <div class=\"sec_charainfoarea flex\">\r\n                        <div class=\"sec_gif\"><img loading=\"lazy\" decoding=\"async\" src=\"https:\/\/guide.fire-emblem-heroes.com\/wp-content\/uploads\/salef_vernal_sage.png\" alt=\"\" width=\"210\" height=\"190\"\/><\/div>\r\n                        <div class=\"sec_charainfo\">\r\n                            <p id=\"CHARA_417_002\" class=\"sec_characate sec_characate--special_heroes\">H\u00e9roes especiales<\/p>\r\n                            <p id=\"CHARA_417_003\" class=\"sec_charanick\">Sabio vernal<\/p>\r\n                            <p id=\"CHARA_417_004\" class=\"sec_charaname\">Saleh<\/p>\r\n                            <p id=\"CHARA_417_005\" class=\"sec_charaappearancetxt\">Aparece en<\/p>\r\n                            <p id=\"CHARA_417_006\" class=\"sec_charaappearancetxt\">Fire Emblem: The Sacred Stones<\/p>\r\n                        <\/div>\r\n                    <\/div>\r\n                <\/section>\r\n            <\/article>\r\n            <article>\r\n                <section class=\"sec sec_characterarea\">\r\n                    <div class=\"sec_h2chara\">\r\n                        <p id=\"CHARA_417_007\" class=\"sec_h2charattl\">\u00a1Sharena te contar\u00e1 de \u00e9l!<\/p>\r\n                        <h2 id=\"CHARA_417_008\" class=\"sec_h2charatxt\">Sabio vernal Saleh<\/h2>\r\n                    <\/div>\r\n                    <dl class=\"sec_dl flex\">\r\n                        <dt id=\"CHARA_417_009\" class=\"sec_dt\">Al este de Magvel, hay un bosque vasto llamado el Bosque Oscuro. All\u00ed se encuentra el pueblo de Caer Pelyn, y Saleh es su guardi\u00e1n. \u00a1Pero hoy ser\u00e1 el guardi\u00e1n del festival primaveral!<\/dt>\r\n                        <dd class=\"sec_dd\">\r\n                            <a href=\"https:\/\/guide.fire-emblem-heroes.com\/wp-content\/uploads\/salef_vernal_sage_pop01.png\" class=\"popup-image\">\r\n                                <img decoding=\"async\" src=\"https:\/\/guide.fire-emblem-heroes.com\/wp-content\/uploads\/salef_vernal_sage_info01.png\" alt=\"\" \/>\r\n                            <\/a>\r\n                        <\/dd>\r\n                        <dt id=\"CHARA_417_010\" class=\"sec_dt\">Saleh suele dar la impresi\u00f3n de ser un intelectual tranquilo y sereno, \u00a1pero hoy se ve muy diferente con ese traje! Personifica el estilo del festival perfectamente con esas orejas de conejo y esa bufanda elegante.<\/dt>\r\n                        <dd class=\"sec_dd\">\r\n                            <a href=\"https:\/\/guide.fire-emblem-heroes.com\/wp-content\/uploads\/salef_vernal_sage_pop02.png\" class=\"popup-image\">\r\n                                <img decoding=\"async\" src=\"https:\/\/guide.fire-emblem-heroes.com\/wp-content\/uploads\/salef_vernal_sage_info02.png\" alt=\"\" \/>\r\n                            <\/a>\r\n                        <\/dd>\r\n                        <dt id=\"CHARA_417_011\" class=\"sec_dt\">\u00bfY acaso puede haber un festival primaveral sin huevos pintados? Eso explica el ins\u00f3lito dise\u00f1o del hacha de Saleh, \u00a1es como un huevo que se abre para revelar una espada! \u00bfQu\u00e9 otro tipo de regalos podr\u00e1n contener los dem\u00e1s huevos del festival?<\/dt>\r\n                        <dd class=\"sec_dd\">\r\n                            <a href=\"https:\/\/guide.fire-emblem-heroes.com\/wp-content\/uploads\/salef_vernal_sage_pop03.png\" class=\"popup-image\">\r\n                                <img decoding=\"async\" src=\"https:\/\/guide.fire-emblem-heroes.com\/wp-content\/uploads\/salef_vernal_sage_info03.png\" alt=\"\" \/>\r\n                            <\/a>\r\n                        <\/dd>\r\n                        <dt id=\"CHARA_417_012\" class=\"sec_dt\">Saleh puede ser un poco serio y reservado, as\u00ed que seguro que este cambio de imagen tan alegre le ayudar\u00e1 a ser m\u00e1s sociable. \u00a1A Myrrh y Ewan en particular les va a encantar su nueva imagen!<\/dt>\r\n                        <dd class=\"sec_dd\">\r\n                            <a href=\"https:\/\/guide.fire-emblem-heroes.com\/wp-content\/uploads\/salef_vernal_sage_pop04.png\" class=\"popup-image\">\r\n                                <img decoding=\"async\" src=\"https:\/\/guide.fire-emblem-heroes.com\/wp-content\/uploads\/salef_vernal_sage_info04.png\" alt=\"\" \/>\r\n                            <\/a>\r\n                        <\/dd>\r\n                    <\/dl>\r\n                    <h3 id=\"CHARA_417_013\" class=\"sec_h3charatxt\">Personajes relacionados<\/h3>\r\n                    <h4 id=\"CHARA_417_014\" class=\"sec_h4charatxt\">Myrrh<\/h4>\r\n                    <p id=\"CHARA_417_015\" class=\"sec_charatxt\">Manakete cuya apariencia infantil esconde un esp\u00edritu muy viejo. Es t\u00edmida, pero tiene un estrecho v\u00ednculo con Ephraim. Es venerada en el pueblo de Caer Pelyn, donde vive Saleh.<\/p>\r\n                    <h4 id=\"CHARA_417_016\" class=\"sec_h4charatxt\">Ewan<\/h4>\r\n                    <p id=\"CHARA_417_017\" class=\"sec_charatxt\">Miembro de los mercenarios de Gerik y hermano de Tethys. Le profesa una gran veneraci\u00f3n a Saleh, su maestro.<\/p>\r\n                <\/section>\r\n            <\/article>\r\n        <\/main>","protected":false},"excerpt":{"rendered":"H\u00e9roes especiales Sabio vernal Saleh Aparece en Fire Emblem: The Sacred Stones \u00a1Sharena te contar\u00e1 de \u00e9l! Sabio vernal Saleh Al este de Magvel, hay un bosque vasto llamado el Bosque Oscuro. All\u00ed se encuentra el pueblo de Caer Pelyn, y Saleh es su guardi\u00e1n. \u00a1Pero hoy ser\u00e1 el guardi\u00e1n del festival primaveral! Saleh suele [&hellip;]","protected":false},"author":1,"featured_media":25104,"comment_status":"closed","ping_status":"closed","sticky":false,"template":"","format":"standard","meta":{"advanced_seo_description":"","jetpack_seo_html_title":"","jetpack_seo_noindex":false,"_jetpack_newsletter_access":"","_jetpack_dont_email_post_to_subs":false,"_jetpack_newsletter_tier_id":0,"_jetpack_memberships_contains_paywalled_content":false,"_locale":"es_MX","_original_post":"https:\/\/guide.fire-emblem-heroes.com\/?p=25030","_jetpack_memberships_contains_paid_content":false,"footnotes":"","jetpack_publicize_message":"","jetpack_publicize_feature_enabled":true,"jetpack_social_post_already_shared":true,"jetpack_social_options":{"image_generator_settings":{"template":"highway","default_image_id":0,"font":"","enabled":false},"version":2},"_wpas_customize_per_network":false,"jetpack_post_was_ever_published":false},"categories":[1384,1428,1405,1390],"tags":[1409],"class_list":["post-25037","post","type-post","status-publish","format-standard","has-post-thumbnail","hentry","category-character","category-ex_works_the_sacred_stones","category-special_heroes","category-stay_heroes","tag-heroes-especiales","es-MX"],"jetpack_publicize_connections":[],"jetpack_featured_media_url":"https:\/\/guide.fire-emblem-heroes.com\/wp-content\/uploads\/salef_vernal_sage.png","jetpack_sharing_enabled":false,"jetpack_shortlink":"https:\/\/wp.me\/pa0Mj3-6vP","jetpack_likes_enabled":false,"amp_enabled":false,"_links":{"self":[{"href":"https:\/\/guide.fire-emblem-heroes.com\/wp-json\/wp\/v2\/posts\/25037","targetHints":{"allow":["GET"]}}],"collection":[{"href":"https:\/\/guide.fire-emblem-heroes.com\/wp-json\/wp\/v2\/posts"}],"about":[{"href":"https:\/\/guide.fire-emblem-heroes.com\/wp-json\/wp\/v2\/types\/post"}],"author":[{"embeddable":true,"href":"https:\/\/guide.fire-emblem-heroes.com\/wp-json\/wp\/v2\/users\/1"}],"replies":[{"embeddable":true,"href":"https:\/\/guide.fire-emblem-heroes.com\/wp-json\/wp\/v2\/comments?post=25037"}],"version-history":[{"count":1,"href":"https:\/\/guide.fire-emblem-heroes.com\/wp-json\/wp\/v2\/posts\/25037\/revisions"}],"predecessor-version":[{"id":25047,"href":"https:\/\/guide.fire-emblem-heroes.com\/wp-json\/wp\/v2\/posts\/25037\/revisions\/25047"}],"wp:featuredmedia":[{"embeddable":true,"href":"https:\/\/guide.fire-emblem-heroes.com\/wp-json\/wp\/v2\/media\/25104"}],"wp:attachment":[{"href":"https:\/\/guide.fire-emblem-heroes.com\/wp-json\/wp\/v2\/media?parent=25037"}],"wp:term":[{"taxonomy":"category","embeddable":true,"href":"https:\/\/guide.fire-emblem-heroes.com\/wp-json\/wp\/v2\/categories?post=25037"},{"taxonomy":"post_tag","embeddable":true,"href":"https:\/\/guide.fire-emblem-heroes.com\/wp-json\/wp\/v2\/tags?post=25037"}],"curies":[{"name":"wp","href":"https:\/\/api.w.org\/{rel}","templated":true}]}}