






{"id":27958,"date":"2021-08-03T12:58:28","date_gmt":"2021-08-03T03:58:28","guid":{"rendered":"https:\/\/guide.fire-emblem-heroes.com\/?p=27958"},"modified":"2021-09-03T16:12:58","modified_gmt":"2021-09-03T07:12:58","slug":"09008008000693-2","status":"publish","type":"post","link":"https:\/\/guide.fire-emblem-heroes.com\/es-MX\/09008008000693-2\/","title":{"rendered":"<span class=\"character_nick\">Alas oce\u00e1nicas<\/span><span class=\"character_name\">Vika<\/span>"},"content":{"rendered":"<main id=\"CHARA_493\" class=\"main_page character\">\r\n            <article>\r\n                <section class=\"sec sec_character\">\r\n                    <ul class=\"sec_ul sec_ul--character slick-box\">\r\n                        <li class=\"sec_li sec_li--character\">\r\n                            <img decoding=\"async\" src=\"https:\/\/guide.fire-emblem-heroes.com\/wp-content\/uploads\/wiese_sea-dark_wing_slide01.png\" alt=\"\" \/>\r\n                        <\/li>\r\n                        <li class=\"sec_li sec_li--character\">\r\n                            <img decoding=\"async\" src=\"https:\/\/guide.fire-emblem-heroes.com\/wp-content\/uploads\/wiese_sea-dark_wing_slide02.png\" alt=\"\" \/>\r\n                        <\/li>\r\n                        <li class=\"sec_li sec_li--character\">\r\n                            <img decoding=\"async\" src=\"https:\/\/guide.fire-emblem-heroes.com\/wp-content\/uploads\/wiese_sea-dark_wing_slide03.png\" alt=\"\" \/>\r\n                        <\/li>\r\n                        <li class=\"sec_li sec_li--character\">\r\n                            <img decoding=\"async\" src=\"https:\/\/guide.fire-emblem-heroes.com\/wp-content\/uploads\/wiese_sea-dark_wing_slide04.png\" alt=\"\" \/>\r\n                        <\/li>\r\n                    <\/ul>\r\n                    <div class=\"sec_charainfoarea flex\">\r\n                        <div class=\"sec_gif\"><img loading=\"lazy\" decoding=\"async\" src=\"https:\/\/guide.fire-emblem-heroes.com\/wp-content\/uploads\/wiese_sea-dark_wing.png\" alt=\"\" width=\"210\" height=\"190\"\/><\/div>\r\n                        <div class=\"sec_charainfo\">\r\n                            <p id=\"CHARA_493_002\" class=\"sec_characate sec_characate--special_heroes\">H\u00e9roes especiales<\/p>\r\n                            <p id=\"CHARA_493_003\" class=\"sec_charanick\">Alas oce\u00e1nicas<\/p>\r\n                            <p id=\"CHARA_493_004\" class=\"sec_charaname\">Vika<\/p>\r\n                            <p id=\"CHARA_493_005\" class=\"sec_charaappearancetxt\">Aparece en<\/p>\r\n                            <p id=\"CHARA_493_006\" class=\"sec_charaappearancetxt\">Fire Emblem: Radiant Dawn<\/p>\r\n                        <\/div>\r\n                    <\/div>\r\n                <\/section>\r\n            <\/article>\r\n            <article>\r\n                <section class=\"sec sec_characterarea\">\r\n                    <div class=\"sec_h2chara\">\r\n                        <p id=\"CHARA_493_007\" class=\"sec_h2charattl\">\u00a1Sharena te contar\u00e1 de ella!<\/p>\r\n                        <h2 id=\"CHARA_493_008\" class=\"sec_h2charatxt\">Alas oce\u00e1nicas Vika<\/h2>\r\n                    <\/div>\r\n                    <dl class=\"sec_dl flex\">\r\n                        <dt id=\"CHARA_493_009\" class=\"sec_dt\">\u00a1Hoy les presento a Vika, del ej\u00e9rcito de liberaci\u00f3n laguz! \u00a1Es una laguz cuervo que viene desde Tellius para unirse al festival pirata!<\/dt>\r\n                        <dd class=\"sec_dd\">\r\n                            <a href=\"https:\/\/guide.fire-emblem-heroes.com\/wp-content\/uploads\/wiese_sea-dark_wing_pop01.png\" class=\"popup-image\">\r\n                                <img decoding=\"async\" src=\"https:\/\/guide.fire-emblem-heroes.com\/wp-content\/uploads\/wiese_sea-dark_wing_info01.png\" alt=\"\" \/>\r\n                            <\/a>\r\n                        <\/dd>\r\n                        <dt id=\"CHARA_493_010\" class=\"sec_dt\">Algo que me llama la atenci\u00f3n de Vika es su aspecto audaz y ecl\u00e9ctico. No le importan nada las apariencias. A\u00fan as\u00ed, \u00a1se ve tan natural en su atuendo de pirata!<\/dt>\r\n                        <dd class=\"sec_dd\">\r\n                            <a href=\"https:\/\/guide.fire-emblem-heroes.com\/wp-content\/uploads\/wiese_sea-dark_wing_pop02.png\" class=\"popup-image\">\r\n                                <img decoding=\"async\" src=\"https:\/\/guide.fire-emblem-heroes.com\/wp-content\/uploads\/wiese_sea-dark_wing_info02.png\" alt=\"\" \/>\r\n                            <\/a>\r\n                        <\/dd>\r\n                        <dt id=\"CHARA_493_011\" class=\"sec_dt\">Como ver\u00e1s, tambi\u00e9n lleva un telescopio en la mano. Vika puede volar muy alto \u00a1y localizar tesoros desde grandes distancias con ese peque\u00f1o instrumento tan pr\u00e1ctico!<\/dt>\r\n                        <dd class=\"sec_dd\">\r\n                            <a href=\"https:\/\/guide.fire-emblem-heroes.com\/wp-content\/uploads\/wiese_sea-dark_wing_pop03.png\" class=\"popup-image\">\r\n                                <img decoding=\"async\" src=\"https:\/\/guide.fire-emblem-heroes.com\/wp-content\/uploads\/wiese_sea-dark_wing_info03.png\" alt=\"\" \/>\r\n                            <\/a>\r\n                        <\/dd>\r\n                        <dt id=\"CHARA_493_012\" class=\"sec_dt\">Vika no suele socializar mucho, pero se nota que la est\u00e1 pasando bien. Yo dir\u00eda que ya encontr\u00f3 el verdadero tesoro del festival pirata: \u00a1pasar un buen rato junto a todos!<\/dt>\r\n                        <dd class=\"sec_dd\">\r\n                            <a href=\"https:\/\/guide.fire-emblem-heroes.com\/wp-content\/uploads\/wiese_sea-dark_wing_pop04.png\" class=\"popup-image\">\r\n                                <img decoding=\"async\" src=\"https:\/\/guide.fire-emblem-heroes.com\/wp-content\/uploads\/wiese_sea-dark_wing_info04.png\" alt=\"\" \/>\r\n                            <\/a>\r\n                        <\/dd>\r\n                    <\/dl>\r\n                    <h3 id=\"CHARA_493_013\" class=\"sec_h3charatxt\">Personajes relacionados<\/h3>\r\n                    <h4 id=\"CHARA_493_014\" class=\"sec_h4charatxt\">Tormod<\/h4>\r\n                    <p id=\"CHARA_493_015\" class=\"sec_charatxt\">Mago que lidera el ej\u00e9rcito de liberaci\u00f3n laguz y amigo de Vika.<\/p>\r\n                    <h4 id=\"CHARA_493_016\" class=\"sec_h4charatxt\">Micaiah<\/h4>\r\n                    <p id=\"CHARA_493_017\" class=\"sec_charatxt\">Miembro de la Brigada del Alba de cabello de plata y misteriosos poderes. No tienen lazos de sangre, pero es una hermana para Sothe. Recibi\u00f3 el valioso \u00edcono de Ashera que pertenec\u00eda a Vika como regalo.<\/p>\r\n                    <h4 id=\"CHARA_493_018\" class=\"sec_h4charatxt\">Oliver<\/h4>\r\n                    <p id=\"CHARA_493_019\" class=\"sec_charatxt\">Miembro del Senado de Begnion. Adora todo aquello que es hermoso y se esfuerza al m\u00e1ximo por preservar las artes. Se fij\u00f3 en Vika.<\/p>\r\n                <\/section>\r\n            <\/article>\r\n        <\/main>","protected":false},"excerpt":{"rendered":"H\u00e9roes especiales Alas oce\u00e1nicas Vika Aparece en Fire Emblem: Radiant Dawn \u00a1Sharena te contar\u00e1 de ella! Alas oce\u00e1nicas Vika \u00a1Hoy les presento a Vika, del ej\u00e9rcito de liberaci\u00f3n laguz! \u00a1Es una laguz cuervo que viene desde Tellius para unirse al festival pirata! Algo que me llama la atenci\u00f3n de Vika es su aspecto audaz y [&hellip;]","protected":false},"author":1,"featured_media":28076,"comment_status":"closed","ping_status":"closed","sticky":false,"template":"","format":"standard","meta":{"advanced_seo_description":"","jetpack_seo_html_title":"","jetpack_seo_noindex":false,"_jetpack_newsletter_access":"","_jetpack_dont_email_post_to_subs":false,"_jetpack_newsletter_tier_id":0,"_jetpack_memberships_contains_paywalled_content":false,"_locale":"es_MX","_original_post":"https:\/\/guide.fire-emblem-heroes.com\/?p=27951","_jetpack_memberships_contains_paid_content":false,"footnotes":"","jetpack_publicize_message":"","jetpack_publicize_feature_enabled":true,"jetpack_social_post_already_shared":true,"jetpack_social_options":{"image_generator_settings":{"template":"highway","default_image_id":0,"font":"","enabled":false},"version":2},"_wpas_customize_per_network":false,"jetpack_post_was_ever_published":false},"categories":[1384,1405,1390,1430],"tags":[1409],"class_list":["post-27958","post","type-post","status-publish","format-standard","has-post-thumbnail","hentry","category-character","category-special_heroes","category-stay_heroes","category-ex_works_radiant_dawn","tag-heroes-especiales","es-MX"],"jetpack_publicize_connections":[],"jetpack_featured_media_url":"https:\/\/guide.fire-emblem-heroes.com\/wp-content\/uploads\/wiese_sea-dark_wing.png","jetpack_sharing_enabled":false,"jetpack_shortlink":"https:\/\/wp.me\/pa0Mj3-7gW","jetpack_likes_enabled":false,"amp_enabled":false,"_links":{"self":[{"href":"https:\/\/guide.fire-emblem-heroes.com\/wp-json\/wp\/v2\/posts\/27958","targetHints":{"allow":["GET"]}}],"collection":[{"href":"https:\/\/guide.fire-emblem-heroes.com\/wp-json\/wp\/v2\/posts"}],"about":[{"href":"https:\/\/guide.fire-emblem-heroes.com\/wp-json\/wp\/v2\/types\/post"}],"author":[{"embeddable":true,"href":"https:\/\/guide.fire-emblem-heroes.com\/wp-json\/wp\/v2\/users\/1"}],"replies":[{"embeddable":true,"href":"https:\/\/guide.fire-emblem-heroes.com\/wp-json\/wp\/v2\/comments?post=27958"}],"version-history":[{"count":1,"href":"https:\/\/guide.fire-emblem-heroes.com\/wp-json\/wp\/v2\/posts\/27958\/revisions"}],"predecessor-version":[{"id":27968,"href":"https:\/\/guide.fire-emblem-heroes.com\/wp-json\/wp\/v2\/posts\/27958\/revisions\/27968"}],"wp:featuredmedia":[{"embeddable":true,"href":"https:\/\/guide.fire-emblem-heroes.com\/wp-json\/wp\/v2\/media\/28076"}],"wp:attachment":[{"href":"https:\/\/guide.fire-emblem-heroes.com\/wp-json\/wp\/v2\/media?parent=27958"}],"wp:term":[{"taxonomy":"category","embeddable":true,"href":"https:\/\/guide.fire-emblem-heroes.com\/wp-json\/wp\/v2\/categories?post=27958"},{"taxonomy":"post_tag","embeddable":true,"href":"https:\/\/guide.fire-emblem-heroes.com\/wp-json\/wp\/v2\/tags?post=27958"}],"curies":[{"name":"wp","href":"https:\/\/api.w.org\/{rel}","templated":true}]}}