






{"id":28536,"date":"2021-09-03T13:32:13","date_gmt":"2021-09-03T04:32:13","guid":{"rendered":"https:\/\/guide.fire-emblem-heroes.com\/?p=28536"},"modified":"2021-10-07T16:31:11","modified_gmt":"2021-10-07T07:31:11","slug":"03010001000704-2","status":"publish","type":"post","link":"https:\/\/guide.fire-emblem-heroes.com\/es-MX\/03010001000704-2\/","title":{"rendered":"<span class=\"character_nick\">Hijo del viento<\/span><span class=\"character_name\">Lewyn<\/span>"},"content":{"rendered":"<main id=\"CHARA_509\" class=\"main_page character\">\r\n            <article>\r\n                <section class=\"sec sec_character\">\r\n                    <ul class=\"sec_ul sec_ul--character slick-box\">\r\n                        <li class=\"sec_li sec_li--character\">\r\n                            <img decoding=\"async\" src=\"https:\/\/guide.fire-emblem-heroes.com\/wp-content\/uploads\/levn_wind-song_scion_slide01.png\" alt=\"\" \/>\r\n                        <\/li>\r\n                        <li class=\"sec_li sec_li--character\">\r\n                            <img decoding=\"async\" src=\"https:\/\/guide.fire-emblem-heroes.com\/wp-content\/uploads\/levn_wind-song_scion_slide02.png\" alt=\"\" \/>\r\n                        <\/li>\r\n                        <li class=\"sec_li sec_li--character\">\r\n                            <img decoding=\"async\" src=\"https:\/\/guide.fire-emblem-heroes.com\/wp-content\/uploads\/levn_wind-song_scion_slide03.png\" alt=\"\" \/>\r\n                        <\/li>\r\n                        <li class=\"sec_li sec_li--character\">\r\n                            <img decoding=\"async\" src=\"https:\/\/guide.fire-emblem-heroes.com\/wp-content\/uploads\/levn_wind-song_scion_slide04.png\" alt=\"\" \/>\r\n                        <\/li>\r\n                    <\/ul>\r\n                    <div class=\"sec_charainfoarea flex\">\r\n                        <div class=\"sec_gif\"><img loading=\"lazy\" decoding=\"async\" src=\"https:\/\/guide.fire-emblem-heroes.com\/wp-content\/uploads\/levn_wind-song_scion.png\" alt=\"\" width=\"210\" height=\"190\"\/><\/div>\r\n                        <div class=\"sec_charainfo\">\r\n                            <p id=\"CHARA_509_002\" class=\"sec_characate sec_characate--special_heroes\">H\u00e9roes especiales<\/p>\r\n                            <p id=\"CHARA_509_003\" class=\"sec_charanick\">Hijo del viento<\/p>\r\n                            <p id=\"CHARA_509_004\" class=\"sec_charaname\">Lewyn<\/p>\r\n                            <p id=\"CHARA_509_005\" class=\"sec_charaappearancetxt\">Aparece en<\/p>\r\n                            <p id=\"CHARA_509_006\" class=\"sec_charaappearancetxt\">Fire Emblem: Genealogy of the Holy War<\/p>\r\n                        <\/div>\r\n                    <\/div>\r\n                <\/section>\r\n            <\/article>\r\n            <article>\r\n                <section class=\"sec sec_characterarea\">\r\n                    <div class=\"sec_h2chara\">\r\n                        <p id=\"CHARA_509_007\" class=\"sec_h2charattl\">\u00a1Sharena te contar\u00e1 de \u00e9l!<\/p>\r\n                        <h2 id=\"CHARA_509_008\" class=\"sec_h2charatxt\">Hijo del viento Lewyn<\/h2>\r\n                    <\/div>\r\n                    <dl class=\"sec_dl flex\">\r\n                        <dt id=\"CHARA_509_009\" class=\"sec_dt\">\u00a1Un elegante invitado de Silesse vino para asistir al D\u00eda de los Doce! \u00a1As\u00ed es, es Lewyn, vestido con un atuendo especial!<\/dt>\r\n                        <dd class=\"sec_dd\">\r\n                            <a href=\"https:\/\/guide.fire-emblem-heroes.com\/wp-content\/uploads\/levn_wind-song_scion_pop01.png\" class=\"popup-image\">\r\n                                <img decoding=\"async\" src=\"https:\/\/guide.fire-emblem-heroes.com\/wp-content\/uploads\/levn_wind-song_scion_info01.png\" alt=\"\" \/>\r\n                            <\/a>\r\n                        <\/dd>\r\n                        <dt id=\"CHARA_509_010\" class=\"sec_dt\">Este conjunto tan sofisticado se basa en el atuendo de Ced, el antepasado de Lewyn. Fue uno de los doce cruzados y usaba el grimorio de viento Forseti.<\/dt>\r\n                        <dd class=\"sec_dd\">\r\n                            <a href=\"https:\/\/guide.fire-emblem-heroes.com\/wp-content\/uploads\/levn_wind-song_scion_pop02.png\" class=\"popup-image\">\r\n                                <img decoding=\"async\" src=\"https:\/\/guide.fire-emblem-heroes.com\/wp-content\/uploads\/levn_wind-song_scion_info02.png\" alt=\"\" \/>\r\n                            <\/a>\r\n                        <\/dd>\r\n                        <dt id=\"CHARA_509_011\" class=\"sec_dt\">El pa\u00f1uelo verde que lleva Lewyn evoca una suave brisa y los accesorios met\u00e1licos que lo complementan reflejan la luz. En una ocasi\u00f3n, Lewyn gui\u00f3 a Seliph, el V\u00e1stago de la Luz, \u00a1as\u00ed que dir\u00eda que es una elecci\u00f3n bastante apropiada!<\/dt>\r\n                        <dd class=\"sec_dd\">\r\n                            <a href=\"https:\/\/guide.fire-emblem-heroes.com\/wp-content\/uploads\/levn_wind-song_scion_pop03.png\" class=\"popup-image\">\r\n                                <img decoding=\"async\" src=\"https:\/\/guide.fire-emblem-heroes.com\/wp-content\/uploads\/levn_wind-song_scion_info03.png\" alt=\"\" \/>\r\n                            <\/a>\r\n                        <\/dd>\r\n                        <dt id=\"CHARA_509_012\" class=\"sec_dt\">Lewyn tiene una actitud relajada y madura que lo hace parecer mayor comparado con los dem\u00e1s. \u00a1Espero que contin\u00fae cuidando de los h\u00e9roes m\u00e1s j\u00f3venes durante el festival!<\/dt>\r\n                        <dd class=\"sec_dd\">\r\n                            <a href=\"https:\/\/guide.fire-emblem-heroes.com\/wp-content\/uploads\/levn_wind-song_scion_pop04.png\" class=\"popup-image\">\r\n                                <img decoding=\"async\" src=\"https:\/\/guide.fire-emblem-heroes.com\/wp-content\/uploads\/levn_wind-song_scion_info04.png\" alt=\"\" \/>\r\n                            <\/a>\r\n                        <\/dd>\r\n                    <\/dl>\r\n                    <h3 id=\"CHARA_509_013\" class=\"sec_h3charatxt\">Personajes relacionados<\/h3>\r\n                    <h4 id=\"CHARA_509_014\" class=\"sec_h4charatxt\">Seliph<\/h4>\r\n                    <p id=\"CHARA_509_015\" class=\"sec_charatxt\">Aunque en su d\u00eda salv\u00f3 a todo un continente, al heredero de la espada sagrada Tyrfing no le gusta luchar. Es hermanastro de Julia. Lewyn lo ayud\u00f3 en su misi\u00f3n de liberar el continente.<\/p>\r\n                    <h4 id=\"CHARA_509_016\" class=\"sec_h4charatxt\">Julia<\/h4>\r\n                    <p id=\"CHARA_509_017\" class=\"sec_charatxt\">Heredera del Libro de Naga y media hermana de Seliph, esta dulce muchacha se enfrenta a su destino con sorprendente entereza. Lewyn la cuid\u00f3 cuando ella perdi\u00f3 la memoria.<\/p>\r\n                <\/section>\r\n            <\/article>\r\n        <\/main>","protected":false},"excerpt":{"rendered":"H\u00e9roes especiales Hijo del viento Lewyn Aparece en Fire Emblem: Genealogy of the Holy War \u00a1Sharena te contar\u00e1 de \u00e9l! Hijo del viento Lewyn \u00a1Un elegante invitado de Silesse vino para asistir al D\u00eda de los Doce! \u00a1As\u00ed es, es Lewyn, vestido con un atuendo especial! Este conjunto tan sofisticado se basa en el atuendo [&hellip;]","protected":false},"author":1,"featured_media":28584,"comment_status":"closed","ping_status":"closed","sticky":false,"template":"","format":"standard","meta":{"advanced_seo_description":"","jetpack_seo_html_title":"","jetpack_seo_noindex":false,"_jetpack_newsletter_access":"","_jetpack_dont_email_post_to_subs":false,"_jetpack_newsletter_tier_id":0,"_jetpack_memberships_contains_paywalled_content":false,"_locale":"es_MX","_original_post":"https:\/\/guide.fire-emblem-heroes.com\/?p=28529","_jetpack_memberships_contains_paid_content":false,"footnotes":"","jetpack_publicize_message":"","jetpack_publicize_feature_enabled":true,"jetpack_social_post_already_shared":true,"jetpack_social_options":{"image_generator_settings":{"template":"highway","default_image_id":0,"font":"","enabled":false},"version":2},"_wpas_customize_per_network":false,"jetpack_post_was_ever_published":false},"categories":[1384,1436,1405,1390],"tags":[1409],"class_list":["post-28536","post","type-post","status-publish","format-standard","has-post-thumbnail","hentry","category-character","category-ex_works_genealogy_of_the_holy_war","category-special_heroes","category-stay_heroes","tag-heroes-especiales","es-MX"],"jetpack_publicize_connections":[],"jetpack_featured_media_url":"https:\/\/guide.fire-emblem-heroes.com\/wp-content\/uploads\/levn_wind-song_scion.png","jetpack_sharing_enabled":false,"jetpack_shortlink":"https:\/\/wp.me\/pa0Mj3-7qg","jetpack_likes_enabled":false,"amp_enabled":false,"_links":{"self":[{"href":"https:\/\/guide.fire-emblem-heroes.com\/wp-json\/wp\/v2\/posts\/28536","targetHints":{"allow":["GET"]}}],"collection":[{"href":"https:\/\/guide.fire-emblem-heroes.com\/wp-json\/wp\/v2\/posts"}],"about":[{"href":"https:\/\/guide.fire-emblem-heroes.com\/wp-json\/wp\/v2\/types\/post"}],"author":[{"embeddable":true,"href":"https:\/\/guide.fire-emblem-heroes.com\/wp-json\/wp\/v2\/users\/1"}],"replies":[{"embeddable":true,"href":"https:\/\/guide.fire-emblem-heroes.com\/wp-json\/wp\/v2\/comments?post=28536"}],"version-history":[{"count":1,"href":"https:\/\/guide.fire-emblem-heroes.com\/wp-json\/wp\/v2\/posts\/28536\/revisions"}],"predecessor-version":[{"id":28544,"href":"https:\/\/guide.fire-emblem-heroes.com\/wp-json\/wp\/v2\/posts\/28536\/revisions\/28544"}],"wp:featuredmedia":[{"embeddable":true,"href":"https:\/\/guide.fire-emblem-heroes.com\/wp-json\/wp\/v2\/media\/28584"}],"wp:attachment":[{"href":"https:\/\/guide.fire-emblem-heroes.com\/wp-json\/wp\/v2\/media?parent=28536"}],"wp:term":[{"taxonomy":"category","embeddable":true,"href":"https:\/\/guide.fire-emblem-heroes.com\/wp-json\/wp\/v2\/categories?post=28536"},{"taxonomy":"post_tag","embeddable":true,"href":"https:\/\/guide.fire-emblem-heroes.com\/wp-json\/wp\/v2\/tags?post=28536"}],"curies":[{"name":"wp","href":"https:\/\/api.w.org\/{rel}","templated":true}]}}