






{"id":30303,"date":"2021-12-03T11:55:20","date_gmt":"2021-12-03T02:55:20","guid":{"rendered":"https:\/\/guide.fire-emblem-heroes.com\/?p=30303"},"modified":"2021-12-24T17:25:53","modified_gmt":"2021-12-24T08:25:53","slug":"10049004000739-2","status":"publish","type":"post","link":"https:\/\/guide.fire-emblem-heroes.com\/es-MX\/10049004000739-2\/","title":{"rendered":"<span class=\"character_nick\">H\u00e9roe radiante<\/span><span class=\"character_name\">Priam<\/span>"},"content":{"rendered":"<main id=\"CHARA_552\" class=\"main_page character\">\r\n            <article>\r\n                <section class=\"sec sec_character\">\r\n                    <ul class=\"sec_ul sec_ul--character slick-box\">\r\n                        <li class=\"sec_li sec_li--character\">\r\n                            <img decoding=\"async\" src=\"https:\/\/guide.fire-emblem-heroes.com\/wp-content\/uploads\/paris_radiant_hero_slide01.png\" alt=\"\" \/>\r\n                        <\/li>\r\n                        <li class=\"sec_li sec_li--character\">\r\n                            <img decoding=\"async\" src=\"https:\/\/guide.fire-emblem-heroes.com\/wp-content\/uploads\/paris_radiant_hero_slide02.png\" alt=\"\" \/>\r\n                        <\/li>\r\n                        <li class=\"sec_li sec_li--character\">\r\n                            <img decoding=\"async\" src=\"https:\/\/guide.fire-emblem-heroes.com\/wp-content\/uploads\/paris_radiant_hero_slide03.png\" alt=\"\" \/>\r\n                        <\/li>\r\n                        <li class=\"sec_li sec_li--character\">\r\n                            <img decoding=\"async\" src=\"https:\/\/guide.fire-emblem-heroes.com\/wp-content\/uploads\/paris_radiant_hero_slide04.png\" alt=\"\" \/>\r\n                        <\/li>\r\n                    <\/ul>\r\n                    <div class=\"sec_charainfoarea flex\">\r\n                        <div class=\"sec_gif\"><img loading=\"lazy\" decoding=\"async\" src=\"https:\/\/guide.fire-emblem-heroes.com\/wp-content\/uploads\/paris_radiant_hero.png\" alt=\"\" width=\"210\" height=\"190\"\/><\/div>\r\n                        <div class=\"sec_charainfo\">\r\n                            <p id=\"CHARA_552_002\" class=\"sec_characate sec_characate--heroes\">H\u00e9roes<\/p>\r\n                            <p id=\"CHARA_552_003\" class=\"sec_charanick\">H\u00e9roe radiante<\/p>\r\n                            <p id=\"CHARA_552_004\" class=\"sec_charaname\">Priam<\/p>\r\n                            <p id=\"CHARA_552_005\" class=\"sec_charaappearancetxt\">Aparece en<\/p>\r\n                            <p id=\"CHARA_552_006\" class=\"sec_charaappearancetxt\">Fire Emblem Awakening<\/p>\r\n                        <\/div>\r\n                    <\/div>\r\n                <\/section>\r\n            <\/article>\r\n            <article>\r\n                <section class=\"sec sec_characterarea\">\r\n                    <div class=\"sec_h2chara\">\r\n                        <p id=\"CHARA_552_007\" class=\"sec_h2charattl\">\u00a1Sharena te contar\u00e1 de \u00e9l!<\/p>\r\n                        <h2 id=\"CHARA_552_008\" class=\"sec_h2charatxt\">H\u00e9roe radiante Priam<\/h2>\r\n                    <\/div>\r\n                    <dl class=\"sec_dl flex\">\r\n                        <dt id=\"CHARA_552_009\" class=\"sec_dt\">\u00a1Aqu\u00ed est\u00e1 Priam, un h\u00e9roe que vive para la emoci\u00f3n de la batalla! Es un poderoso espadach\u00edn que viaja por el mundo en busca de oponentes dignos.<\/dt>\r\n                        <dd class=\"sec_dd\">\r\n                            <a href=\"https:\/\/guide.fire-emblem-heroes.com\/wp-content\/uploads\/paris_radiant_hero_pop01.png\" class=\"popup-image\">\r\n                                <img decoding=\"async\" src=\"https:\/\/guide.fire-emblem-heroes.com\/wp-content\/uploads\/paris_radiant_hero_info01.png\" alt=\"\" \/>\r\n                            <\/a>\r\n                        <\/dd>\r\n                        <dt id=\"CHARA_552_010\" class=\"sec_dt\">En Ylisse, hay leyendas de un H\u00e9roe Resplandeciente que reconcili\u00f3 a razas enfrentadas y desafi\u00f3 a un dios, \u00a1y Priam dice ser su descendiente!<\/dt>\r\n                        <dd class=\"sec_dd\">\r\n                            <a href=\"https:\/\/guide.fire-emblem-heroes.com\/wp-content\/uploads\/paris_radiant_hero_pop02.png\" class=\"popup-image\">\r\n                                <img decoding=\"async\" src=\"https:\/\/guide.fire-emblem-heroes.com\/wp-content\/uploads\/paris_radiant_hero_info02.png\" alt=\"\" \/>\r\n                            <\/a>\r\n                        <\/dd>\r\n                        <dt id=\"CHARA_552_011\" class=\"sec_dt\">Chrom escuch\u00f3 rumores sobre Priam y lo invit\u00f3 a unirse a su ej\u00e9rcito. Por supuesto, Priam respondi\u00f3 ret\u00e1ndolo en combate. \u00a1Solo se unir\u00eda a su ej\u00e9rcito si Chrom lograba derrotarlo!<\/dt>\r\n                        <dd class=\"sec_dd\">\r\n                            <a href=\"https:\/\/guide.fire-emblem-heroes.com\/wp-content\/uploads\/paris_radiant_hero_pop03.png\" class=\"popup-image\">\r\n                                <img decoding=\"async\" src=\"https:\/\/guide.fire-emblem-heroes.com\/wp-content\/uploads\/paris_radiant_hero_info03.png\" alt=\"\" \/>\r\n                            <\/a>\r\n                        <\/dd>\r\n                        <dt id=\"CHARA_552_012\" class=\"sec_dt\">Priam es igual a su legendario antepasado hasta en su voraz apetito por la carne. Y ahora, con la antigua espada Ragnell en la mano, \u00a1seguro que tambi\u00e9n va a causar furor en Askr!<\/dt>\r\n                        <dd class=\"sec_dd\">\r\n                            <a href=\"https:\/\/guide.fire-emblem-heroes.com\/wp-content\/uploads\/paris_radiant_hero_pop04.png\" class=\"popup-image\">\r\n                                <img decoding=\"async\" src=\"https:\/\/guide.fire-emblem-heroes.com\/wp-content\/uploads\/paris_radiant_hero_info04.png\" alt=\"\" \/>\r\n                            <\/a>\r\n                        <\/dd>\r\n                    <\/dl>\r\n                    <h3 id=\"CHARA_552_013\" class=\"sec_h3charatxt\">Personajes relacionados<\/h3>\r\n                    <h4 id=\"CHARA_552_014\" class=\"sec_h4charatxt\">Ike<\/h4>\r\n                    <p id=\"CHARA_552_015\" class=\"sec_charatxt\">Joven bondadoso de car\u00e1cter estoico que lidera el grupo de mercenarios de su padre. Como H\u00e9roe Resplandeciente, blandi\u00f3 la espada Ragnell para salvar a Tellius de un destino fatal.<\/p>\r\n                    <h4 id=\"CHARA_552_016\" class=\"sec_h4charatxt\">Chrom<\/h4>\r\n                    <p id=\"CHARA_552_017\" class=\"sec_charatxt\">Pr\u00edncipe de Ylisse y descendiente del rey heroico. Dirige a los Custodios. Cuando se enter\u00f3 de los rumores sobre Priam, viaj\u00f3 al continente de Valm para reclutarlo.<\/p>\r\n                <\/section>\r\n            <\/article>\r\n        <\/main>","protected":false},"excerpt":{"rendered":"H\u00e9roes H\u00e9roe radiante Priam Aparece en Fire Emblem Awakening \u00a1Sharena te contar\u00e1 de \u00e9l! H\u00e9roe radiante Priam \u00a1Aqu\u00ed est\u00e1 Priam, un h\u00e9roe que vive para la emoci\u00f3n de la batalla! Es un poderoso espadach\u00edn que viaja por el mundo en busca de oponentes dignos. En Ylisse, hay leyendas de un H\u00e9roe Resplandeciente que reconcili\u00f3 a [&hellip;]","protected":false},"author":1,"featured_media":30474,"comment_status":"closed","ping_status":"closed","sticky":false,"template":"","format":"standard","meta":{"advanced_seo_description":"","jetpack_seo_html_title":"","jetpack_seo_noindex":false,"_jetpack_newsletter_access":"","_jetpack_dont_email_post_to_subs":false,"_jetpack_newsletter_tier_id":0,"_jetpack_memberships_contains_paywalled_content":false,"_locale":"es_MX","_original_post":"https:\/\/guide.fire-emblem-heroes.com\/?p=30296","_jetpack_memberships_contains_paid_content":false,"footnotes":"","jetpack_publicize_message":"","jetpack_publicize_feature_enabled":true,"jetpack_social_post_already_shared":true,"jetpack_social_options":{"image_generator_settings":{"template":"highway","default_image_id":0,"font":"","enabled":false},"version":2},"_wpas_customize_per_network":false,"jetpack_post_was_ever_published":false},"categories":[1384,1415,1431,1390],"tags":[1422],"class_list":["post-30303","post","type-post","status-publish","format-standard","has-post-thumbnail","hentry","category-character","category-heroes","category-ex_works_awakening","category-stay_heroes","tag-heroes-2","es-MX"],"jetpack_publicize_connections":[],"jetpack_featured_media_url":"https:\/\/guide.fire-emblem-heroes.com\/wp-content\/uploads\/paris_radiant_hero.png","jetpack_sharing_enabled":false,"jetpack_shortlink":"https:\/\/wp.me\/pa0Mj3-7SL","jetpack_likes_enabled":false,"amp_enabled":false,"_links":{"self":[{"href":"https:\/\/guide.fire-emblem-heroes.com\/wp-json\/wp\/v2\/posts\/30303","targetHints":{"allow":["GET"]}}],"collection":[{"href":"https:\/\/guide.fire-emblem-heroes.com\/wp-json\/wp\/v2\/posts"}],"about":[{"href":"https:\/\/guide.fire-emblem-heroes.com\/wp-json\/wp\/v2\/types\/post"}],"author":[{"embeddable":true,"href":"https:\/\/guide.fire-emblem-heroes.com\/wp-json\/wp\/v2\/users\/1"}],"replies":[{"embeddable":true,"href":"https:\/\/guide.fire-emblem-heroes.com\/wp-json\/wp\/v2\/comments?post=30303"}],"version-history":[{"count":1,"href":"https:\/\/guide.fire-emblem-heroes.com\/wp-json\/wp\/v2\/posts\/30303\/revisions"}],"predecessor-version":[{"id":30314,"href":"https:\/\/guide.fire-emblem-heroes.com\/wp-json\/wp\/v2\/posts\/30303\/revisions\/30314"}],"wp:featuredmedia":[{"embeddable":true,"href":"https:\/\/guide.fire-emblem-heroes.com\/wp-json\/wp\/v2\/media\/30474"}],"wp:attachment":[{"href":"https:\/\/guide.fire-emblem-heroes.com\/wp-json\/wp\/v2\/media?parent=30303"}],"wp:term":[{"taxonomy":"category","embeddable":true,"href":"https:\/\/guide.fire-emblem-heroes.com\/wp-json\/wp\/v2\/categories?post=30303"},{"taxonomy":"post_tag","embeddable":true,"href":"https:\/\/guide.fire-emblem-heroes.com\/wp-json\/wp\/v2\/tags?post=30303"}],"curies":[{"name":"wp","href":"https:\/\/api.w.org\/{rel}","templated":true}]}}