






{"id":33587,"date":"2022-04-26T12:12:16","date_gmt":"2022-04-26T03:12:16","guid":{"rendered":"https:\/\/guide.fire-emblem-heroes.com\/?p=33587"},"modified":"2023-01-26T13:14:35","modified_gmt":"2023-01-26T04:14:35","slug":"01099001000798-2","status":"publish","type":"post","link":"https:\/\/guide.fire-emblem-heroes.com\/es-MX\/01099001000798-2\/","title":{"rendered":"<span class=\"character_nick\">Drag\u00f3n de tierra<\/span><span class=\"character_name\">Medeus<\/span>"},"content":{"rendered":"<main id=\"CHARA_631\" class=\"main_page character\">\r\n            <article>\r\n                <section class=\"sec sec_character\">\r\n                    <ul class=\"sec_ul sec_ul--character slick-box\">\r\n                        <li class=\"sec_li sec_li--character\">\r\n                            <img decoding=\"async\" src=\"https:\/\/guide.fire-emblem-heroes.com\/wp-content\/uploads\/medius_earth-dragon_king_slide01.png\" alt=\"\" \/>\r\n                        <\/li>\r\n                        <li class=\"sec_li sec_li--character\">\r\n                            <img decoding=\"async\" src=\"https:\/\/guide.fire-emblem-heroes.com\/wp-content\/uploads\/medius_earth-dragon_king_slide02.png\" alt=\"\" \/>\r\n                        <\/li>\r\n                        <li class=\"sec_li sec_li--character\">\r\n                            <img decoding=\"async\" src=\"https:\/\/guide.fire-emblem-heroes.com\/wp-content\/uploads\/medius_earth-dragon_king_slide03.png\" alt=\"\" \/>\r\n                        <\/li>\r\n                        <li class=\"sec_li sec_li--character\">\r\n                            <img decoding=\"async\" src=\"https:\/\/guide.fire-emblem-heroes.com\/wp-content\/uploads\/medius_earth-dragon_king_slide04.png\" alt=\"\" \/>\r\n                        <\/li>\r\n                    <\/ul>\r\n                    <div class=\"sec_charainfoarea flex\">\r\n                        <div class=\"sec_gif\"><img loading=\"lazy\" decoding=\"async\" src=\"https:\/\/guide.fire-emblem-heroes.com\/wp-content\/uploads\/medius_earth-dragon_king.png\" alt=\"\" width=\"210\" height=\"190\"\/><\/div>\r\n                        <div class=\"sec_charainfo\">\r\n                            <p id=\"CHARA_631_002\" class=\"sec_characate sec_characate--mythic_heroes\">H\u00e9roes m\u00edticos<\/p>\r\n                            <p id=\"CHARA_631_003\" class=\"sec_charanick\">Drag\u00f3n de tierra<\/p>\r\n                            <p id=\"CHARA_631_004\" class=\"sec_charaname\">Medeus<\/p>\r\n                            <p id=\"CHARA_631_005\" class=\"sec_charaappearancetxt\">Aparece en<\/p>\r\n                            <p id=\"CHARA_631_006\" class=\"sec_charaappearancetxt\">Fire Emblem: Mystery of the Emblem<\/p>\r\n                        <\/div>\r\n                    <\/div>\r\n                <\/section>\r\n            <\/article>\r\n            <article>\r\n                <section class=\"sec sec_characterarea\">\r\n                    <div class=\"sec_h2chara\">\r\n                        <p id=\"CHARA_631_007\" class=\"sec_h2charattl\">\u00a1Sharena te contar\u00e1 de \u00e9l!<\/p>\r\n                        <h2 id=\"CHARA_631_008\" class=\"sec_h2charatxt\">Drag\u00f3n de tierra Medeus<\/h2>\r\n                    <\/div>\r\n                    <dl class=\"sec_dl flex\">\r\n                        <dt id=\"CHARA_631_009\" class=\"sec_dt\">Medeus es el rey de los poderosos dragones de tierra. Apoy\u00f3 la decisi\u00f3n de Naga, la reina de los dragones divinos, y eligi\u00f3 vivir entre los humanos como un manakete.<\/dt>\r\n                        <dd class=\"sec_dd\">\r\n                            <a href=\"https:\/\/guide.fire-emblem-heroes.com\/wp-content\/uploads\/medius_earth-dragon_king_pop01.png\" class=\"popup-image\">\r\n                                <img decoding=\"async\" src=\"https:\/\/guide.fire-emblem-heroes.com\/wp-content\/uploads\/medius_earth-dragon_king_info01.png\" alt=\"\" \/>\r\n                            <\/a>\r\n                        <\/dd>\r\n                        <dt id=\"CHARA_631_010\" class=\"sec_dt\">Los dragones de tierra hab\u00edan enloquecido, por eso fueron sellados para proteger a la humanidad. Encargado de proteger el sello, Medeus velaba por la paz en el mundo desde el Templo de Raman. Pero un d\u00eda, un ladr\u00f3n saque\u00f3 ese santuario&#8230;<\/dt>\r\n                        <dd class=\"sec_dd\">\r\n                            <a href=\"https:\/\/guide.fire-emblem-heroes.com\/wp-content\/uploads\/medius_earth-dragon_king_pop02.png\" class=\"popup-image\">\r\n                                <img decoding=\"async\" src=\"https:\/\/guide.fire-emblem-heroes.com\/wp-content\/uploads\/medius_earth-dragon_king_info02.png\" alt=\"\" \/>\r\n                            <\/a>\r\n                        <\/dd>\r\n                        <dt id=\"CHARA_631_011\" class=\"sec_dt\">Enfurecido por la traici\u00f3n, Medeus estableci\u00f3 el Imperio de Doluna, bajo el cual subyug\u00f3 a la humanidad. Sin embargo, los humanos resistieron su opresi\u00f3n, y finalmente fue derrotado por el h\u00e9roe Anri.<\/dt>\r\n                        <dd class=\"sec_dd\">\r\n                            <a href=\"https:\/\/guide.fire-emblem-heroes.com\/wp-content\/uploads\/medius_earth-dragon_king_pop03.png\" class=\"popup-image\">\r\n                                <img decoding=\"async\" src=\"https:\/\/guide.fire-emblem-heroes.com\/wp-content\/uploads\/medius_earth-dragon_king_info03.png\" alt=\"\" \/>\r\n                            <\/a>\r\n                        <\/dd>\r\n                        <dt id=\"CHARA_631_012\" class=\"sec_dt\">Pasaron unos cien a\u00f1os desde entonces, y ahora el revivido Medeus trata de subyugar a la humanidad una vez m\u00e1s. \u00bfQu\u00e9 ser\u00e1 de su mundo? \u00a1Estoy preocupada por lo que pueda pasar!<\/dt>\r\n                        <dd class=\"sec_dd\">\r\n                            <a href=\"https:\/\/guide.fire-emblem-heroes.com\/wp-content\/uploads\/medius_earth-dragon_king_pop04.png\" class=\"popup-image\">\r\n                                <img decoding=\"async\" src=\"https:\/\/guide.fire-emblem-heroes.com\/wp-content\/uploads\/medius_earth-dragon_king_info04.png\" alt=\"\" \/>\r\n                            <\/a>\r\n                        <\/dd>\r\n                    <\/dl>\r\n                    <h3 id=\"CHARA_631_013\" class=\"sec_h3charatxt\">Personajes relacionados<\/h3>\r\n                    <h4 id=\"CHARA_631_014\" class=\"sec_h4charatxt\">Gharnef<\/h4>\r\n                    <p id=\"CHARA_631_015\" class=\"sec_charatxt\">Disc\u00edpulo de Gotoh, el Sabio Blanco. Ide\u00f3 un plan para resucitar al Drag\u00f3n de las Sombras, Medeus, y convertirse as\u00ed en amo y se\u00f1or del mundo.<\/p>\r\n                    <h4 id=\"CHARA_631_016\" class=\"sec_h4charatxt\">Naga<\/h4>\r\n                    <p id=\"CHARA_631_017\" class=\"sec_charatxt\">Seg\u00fan se cuenta, salv\u00f3 al mundo de sumirse en el caos. Gobierna sobre los dragones divinos y adopta gran variedad de formas en presencia de los humanos. Confina a los dragones de tierra corruptos y conf\u00eda su custodia a Medeus.<\/p>\r\n                    <h4 id=\"CHARA_631_018\" class=\"sec_h4charatxt\">Marth<\/h4>\r\n                    <p id=\"CHARA_631_019\" class=\"sec_charatxt\">Pr\u00edncipe de Altea y bisnieto de Marcelus. Hered\u00f3 la espada del legendario h\u00e9roe Anri y, con ella, la responsabilidad que representa para su portador. Lucha por poner fin a las ambiciones de Medeus cuando resucita.<\/p>\r\n                <\/section>\r\n            <\/article>\r\n        <\/main>","protected":false},"excerpt":{"rendered":"H\u00e9roes m\u00edticos Drag\u00f3n de tierra Medeus Aparece en Fire Emblem: Mystery of the Emblem \u00a1Sharena te contar\u00e1 de \u00e9l! Drag\u00f3n de tierra Medeus Medeus es el rey de los poderosos dragones de tierra. Apoy\u00f3 la decisi\u00f3n de Naga, la reina de los dragones divinos, y eligi\u00f3 vivir entre los humanos como un manakete. Los dragones [&hellip;]","protected":false},"author":1,"featured_media":33730,"comment_status":"closed","ping_status":"closed","sticky":false,"template":"","format":"standard","meta":{"advanced_seo_description":"","jetpack_seo_html_title":"","jetpack_seo_noindex":false,"_jetpack_newsletter_access":"","_jetpack_dont_email_post_to_subs":false,"_jetpack_newsletter_tier_id":0,"_jetpack_memberships_contains_paywalled_content":false,"_locale":"es_MX","_original_post":"https:\/\/guide.fire-emblem-heroes.com\/?p=33580","_jetpack_memberships_contains_paid_content":false,"footnotes":"","jetpack_publicize_message":"","jetpack_publicize_feature_enabled":true,"jetpack_social_post_already_shared":false,"jetpack_social_options":{"image_generator_settings":{"template":"highway","default_image_id":0,"font":"","enabled":false},"version":2},"_wpas_customize_per_network":false,"jetpack_post_was_ever_published":false},"categories":[1384,1385,1424,1390],"tags":[1401],"class_list":["post-33587","post","type-post","status-publish","format-standard","has-post-thumbnail","hentry","category-character","category-mythic_heroes","category-ex_works_mystery_of_the_emblem","category-stay_heroes","tag-heroes-miticos","es-MX"],"jetpack_publicize_connections":[],"jetpack_featured_media_url":"https:\/\/guide.fire-emblem-heroes.com\/wp-content\/uploads\/medius_earth-dragon_king.png","jetpack_sharing_enabled":false,"jetpack_shortlink":"https:\/\/wp.me\/pa0Mj3-8JJ","jetpack_likes_enabled":false,"amp_enabled":false,"_links":{"self":[{"href":"https:\/\/guide.fire-emblem-heroes.com\/wp-json\/wp\/v2\/posts\/33587","targetHints":{"allow":["GET"]}}],"collection":[{"href":"https:\/\/guide.fire-emblem-heroes.com\/wp-json\/wp\/v2\/posts"}],"about":[{"href":"https:\/\/guide.fire-emblem-heroes.com\/wp-json\/wp\/v2\/types\/post"}],"author":[{"embeddable":true,"href":"https:\/\/guide.fire-emblem-heroes.com\/wp-json\/wp\/v2\/users\/1"}],"replies":[{"embeddable":true,"href":"https:\/\/guide.fire-emblem-heroes.com\/wp-json\/wp\/v2\/comments?post=33587"}],"version-history":[{"count":1,"href":"https:\/\/guide.fire-emblem-heroes.com\/wp-json\/wp\/v2\/posts\/33587\/revisions"}],"predecessor-version":[{"id":33596,"href":"https:\/\/guide.fire-emblem-heroes.com\/wp-json\/wp\/v2\/posts\/33587\/revisions\/33596"}],"wp:featuredmedia":[{"embeddable":true,"href":"https:\/\/guide.fire-emblem-heroes.com\/wp-json\/wp\/v2\/media\/33730"}],"wp:attachment":[{"href":"https:\/\/guide.fire-emblem-heroes.com\/wp-json\/wp\/v2\/media?parent=33587"}],"wp:term":[{"taxonomy":"category","embeddable":true,"href":"https:\/\/guide.fire-emblem-heroes.com\/wp-json\/wp\/v2\/categories?post=33587"},{"taxonomy":"post_tag","embeddable":true,"href":"https:\/\/guide.fire-emblem-heroes.com\/wp-json\/wp\/v2\/tags?post=33587"}],"curies":[{"name":"wp","href":"https:\/\/api.w.org\/{rel}","templated":true}]}}