






{"id":37891,"date":"2022-10-28T11:18:37","date_gmt":"2022-10-28T02:18:37","guid":{"rendered":"https:\/\/guide.fire-emblem-heroes.com\/?p=37891"},"modified":"2022-11-14T16:29:56","modified_gmt":"2022-11-14T07:29:56","slug":"12011003000868-2","status":"publish","type":"post","link":"https:\/\/guide.fire-emblem-heroes.com\/es-MX\/12011003000868-2\/","title":{"rendered":"<span class=\"character_nick\">Guarda del ciclo<\/span><span class=\"character_name\">Arval<\/span>"},"content":{"rendered":"<main id=\"CHARA_726\" class=\"main_page character\">\r\n            <article>\r\n                <section class=\"sec sec_character\">\r\n                    <ul class=\"sec_ul sec_ul--character slick-box\">\r\n                        <li class=\"sec_li sec_li--character\">\r\n                            <img decoding=\"async\" src=\"https:\/\/guide.fire-emblem-heroes.com\/wp-content\/uploads\/larva_cycle_keeper_slide01.png\" alt=\"\" \/>\r\n                        <\/li>\r\n                        <li class=\"sec_li sec_li--character\">\r\n                            <img decoding=\"async\" src=\"https:\/\/guide.fire-emblem-heroes.com\/wp-content\/uploads\/larva_cycle_keeper_slide02.png\" alt=\"\" \/>\r\n                        <\/li>\r\n                        <li class=\"sec_li sec_li--character\">\r\n                            <img decoding=\"async\" src=\"https:\/\/guide.fire-emblem-heroes.com\/wp-content\/uploads\/larva_cycle_keeper_slide03.png\" alt=\"\" \/>\r\n                        <\/li>\r\n                        <li class=\"sec_li sec_li--character\">\r\n                            <img decoding=\"async\" src=\"https:\/\/guide.fire-emblem-heroes.com\/wp-content\/uploads\/larva_cycle_keeper_slide04.png\" alt=\"\" \/>\r\n                        <\/li>\r\n                    <\/ul>\r\n                    <div class=\"sec_charainfoarea flex\">\r\n                        <div class=\"sec_gif\"><img loading=\"lazy\" decoding=\"async\" src=\"https:\/\/guide.fire-emblem-heroes.com\/wp-content\/uploads\/larva_cycle_keeper.png\" alt=\"\" width=\"210\" height=\"190\"\/><\/div>\r\n                        <div class=\"sec_charainfo\">\r\n                            <p id=\"CHARA_726_002\" class=\"sec_characate sec_characate--mythic_heroes\">H\u00e9roes m\u00edticos<\/p>\r\n                            <p id=\"CHARA_726_003\" class=\"sec_charanick\">Guarda del ciclo<\/p>\r\n                            <p id=\"CHARA_726_004\" class=\"sec_charaname\">Arval<\/p>\r\n                            <p id=\"CHARA_726_005\" class=\"sec_charaappearancetxt\">Aparece en<\/p>\r\n                            <p id=\"CHARA_726_006\" class=\"sec_charaappearancetxt\">Fire Emblem Warriors: Three Hopes<\/p>\r\n                        <\/div>\r\n                    <\/div>\r\n                <\/section>\r\n            <\/article>\r\n            <article>\r\n                <section class=\"sec sec_characterarea\">\r\n                    <div class=\"sec_h2chara\">\r\n                        <p id=\"CHARA_726_007\" class=\"sec_h2charattl\">\u00a1Sharena te contar\u00e1 de \u00e9l!<\/p>\r\n                        <h2 id=\"CHARA_726_008\" class=\"sec_h2charatxt\">Guarda del ciclo Arval<\/h2>\r\n                    <\/div>\r\n                    <dl class=\"sec_dl flex\">\r\n                        <dt id=\"CHARA_726_009\" class=\"sec_dt\">\u00a1Arval es uno de los h\u00e9roes m\u00e1s misteriosos que he encontrado hasta ahora! Por lo que s\u00e9, viene desde F\u00f3dlan, pero no s\u00e9 m\u00e1s&#8230; \u00bfPero qui\u00e9n es realmente?<\/dt>\r\n                        <dd class=\"sec_dd\">\r\n                            <a href=\"https:\/\/guide.fire-emblem-heroes.com\/wp-content\/uploads\/larva_cycle_keeper_pop01.png\" class=\"popup-image\">\r\n                                <img decoding=\"async\" src=\"https:\/\/guide.fire-emblem-heroes.com\/wp-content\/uploads\/larva_cycle_keeper_info01.png\" alt=\"\" \/>\r\n                            <\/a>\r\n                        <\/dd>\r\n                        <dt id=\"CHARA_726_010\" class=\"sec_dt\">Parece que apareci\u00f3 en F\u00f3dlan en el a\u00f1o imperial 1179&#8230; en la mente de Shez, que hab\u00eda sufrido heridas graves en una batalla con otro mercenario.<\/dt>\r\n                        <dd class=\"sec_dd\">\r\n                            <a href=\"https:\/\/guide.fire-emblem-heroes.com\/wp-content\/uploads\/larva_cycle_keeper_pop02.png\" class=\"popup-image\">\r\n                                <img decoding=\"async\" src=\"https:\/\/guide.fire-emblem-heroes.com\/wp-content\/uploads\/larva_cycle_keeper_info02.png\" alt=\"\" \/>\r\n                            <\/a>\r\n                        <\/dd>\r\n                        <dt id=\"CHARA_726_011\" class=\"sec_dt\">Arval le concedi\u00f3 a Shez un nuevo poder, y juntos entraron en el conflicto que se avecinaba en F\u00f3dlan. Con la fuerza y la sabidur\u00eda de Arval, Shez logr\u00f3 superar todo tipo de situaciones peligrosas.<\/dt>\r\n                        <dd class=\"sec_dd\">\r\n                            <a href=\"https:\/\/guide.fire-emblem-heroes.com\/wp-content\/uploads\/larva_cycle_keeper_pop03.png\" class=\"popup-image\">\r\n                                <img decoding=\"async\" src=\"https:\/\/guide.fire-emblem-heroes.com\/wp-content\/uploads\/larva_cycle_keeper_info03.png\" alt=\"\" \/>\r\n                            <\/a>\r\n                        <\/dd>\r\n                        <dt id=\"CHARA_726_012\" class=\"sec_dt\">Por m\u00e1s nerviosa que me sienta por no saber su verdadera identidad e intenciones, \u00a1parece que Arval tampoco recuerda mucho! Si alg\u00fan d\u00eda recupera sus recuerdos, \u00a1espero que pueda darme una pista!<\/dt>\r\n                        <dd class=\"sec_dd\">\r\n                            <a href=\"https:\/\/guide.fire-emblem-heroes.com\/wp-content\/uploads\/larva_cycle_keeper_pop04.png\" class=\"popup-image\">\r\n                                <img decoding=\"async\" src=\"https:\/\/guide.fire-emblem-heroes.com\/wp-content\/uploads\/larva_cycle_keeper_info04.png\" alt=\"\" \/>\r\n                            <\/a>\r\n                        <\/dd>\r\n                    <\/dl>\r\n                    <h3 id=\"CHARA_726_013\" class=\"sec_h3charatxt\">Personajes relacionados<\/h3>\r\n                    <h4 id=\"CHARA_726_014\" class=\"sec_h4charatxt\">Shez<\/h4>\r\n                    <p id=\"CHARA_726_015\" class=\"sec_charatxt\">Mercenario que vagaba por F\u00f3dlan. Suele ser racional, pero en su interior yace un deseo ferviente.<\/p>\r\n                <\/section>\r\n            <\/article>\r\n        <\/main>","protected":false},"excerpt":{"rendered":"H\u00e9roes m\u00edticos Guarda del ciclo Arval Aparece en Fire Emblem Warriors: Three Hopes \u00a1Sharena te contar\u00e1 de \u00e9l! Guarda del ciclo Arval \u00a1Arval es uno de los h\u00e9roes m\u00e1s misteriosos que he encontrado hasta ahora! Por lo que s\u00e9, viene desde F\u00f3dlan, pero no s\u00e9 m\u00e1s&#8230; \u00bfPero qui\u00e9n es realmente? Parece que apareci\u00f3 en F\u00f3dlan [&hellip;]","protected":false},"author":1,"featured_media":38082,"comment_status":"closed","ping_status":"closed","sticky":false,"template":"","format":"standard","meta":{"advanced_seo_description":"","jetpack_seo_html_title":"","jetpack_seo_noindex":false,"_jetpack_newsletter_access":"","_jetpack_dont_email_post_to_subs":false,"_jetpack_newsletter_tier_id":0,"_jetpack_memberships_contains_paywalled_content":false,"_locale":"es_MX","_original_post":"https:\/\/guide.fire-emblem-heroes.com\/?p=37884","_jetpack_memberships_contains_paid_content":false,"footnotes":"","jetpack_publicize_message":"","jetpack_publicize_feature_enabled":true,"jetpack_social_post_already_shared":false,"jetpack_social_options":{"image_generator_settings":{"template":"highway","default_image_id":0,"font":"","enabled":false},"version":2},"_wpas_customize_per_network":false,"jetpack_post_was_ever_published":false},"categories":[1384,1495,1385,1390],"tags":[1401],"class_list":["post-37891","post","type-post","status-publish","format-standard","has-post-thumbnail","hentry","category-character","category-ex_works_three_hopes","category-mythic_heroes","category-stay_heroes","tag-heroes-miticos","es-MX"],"jetpack_publicize_connections":[],"jetpack_featured_media_url":"https:\/\/guide.fire-emblem-heroes.com\/wp-content\/uploads\/larva_cycle_keeper.png","jetpack_sharing_enabled":false,"jetpack_shortlink":"https:\/\/wp.me\/pa0Mj3-9R9","jetpack_likes_enabled":false,"amp_enabled":false,"_links":{"self":[{"href":"https:\/\/guide.fire-emblem-heroes.com\/wp-json\/wp\/v2\/posts\/37891","targetHints":{"allow":["GET"]}}],"collection":[{"href":"https:\/\/guide.fire-emblem-heroes.com\/wp-json\/wp\/v2\/posts"}],"about":[{"href":"https:\/\/guide.fire-emblem-heroes.com\/wp-json\/wp\/v2\/types\/post"}],"author":[{"embeddable":true,"href":"https:\/\/guide.fire-emblem-heroes.com\/wp-json\/wp\/v2\/users\/1"}],"replies":[{"embeddable":true,"href":"https:\/\/guide.fire-emblem-heroes.com\/wp-json\/wp\/v2\/comments?post=37891"}],"version-history":[{"count":1,"href":"https:\/\/guide.fire-emblem-heroes.com\/wp-json\/wp\/v2\/posts\/37891\/revisions"}],"predecessor-version":[{"id":37899,"href":"https:\/\/guide.fire-emblem-heroes.com\/wp-json\/wp\/v2\/posts\/37891\/revisions\/37899"}],"wp:featuredmedia":[{"embeddable":true,"href":"https:\/\/guide.fire-emblem-heroes.com\/wp-json\/wp\/v2\/media\/38082"}],"wp:attachment":[{"href":"https:\/\/guide.fire-emblem-heroes.com\/wp-json\/wp\/v2\/media?parent=37891"}],"wp:term":[{"taxonomy":"category","embeddable":true,"href":"https:\/\/guide.fire-emblem-heroes.com\/wp-json\/wp\/v2\/categories?post=37891"},{"taxonomy":"post_tag","embeddable":true,"href":"https:\/\/guide.fire-emblem-heroes.com\/wp-json\/wp\/v2\/tags?post=37891"}],"curies":[{"name":"wp","href":"https:\/\/api.w.org\/{rel}","templated":true}]}}