






{"id":40217,"date":"2023-01-13T12:23:24","date_gmt":"2023-01-13T03:23:24","guid":{"rendered":"https:\/\/guide.fire-emblem-heroes.com\/?p=40217"},"modified":"2023-02-07T16:01:28","modified_gmt":"2023-02-07T07:01:28","slug":"14002002000899-2","status":"publish","type":"post","link":"https:\/\/guide.fire-emblem-heroes.com\/es-MX\/14002002000899-2\/","title":{"rendered":"<span class=\"character_nick\">Flor protectora<\/span><span class=\"character_name\">Alfred<\/span>"},"content":{"rendered":"<main id=\"CHARA_777\" class=\"main_page character\">\r\n            <article>\r\n                <section class=\"sec sec_character\">\r\n                    <ul class=\"sec_ul sec_ul--character slick-box\">\r\n                        <li class=\"sec_li sec_li--character\">\r\n                            <img decoding=\"async\" src=\"https:\/\/guide.fire-emblem-heroes.com\/wp-content\/uploads\/alfred_floral_protector_slide01.png\" alt=\"\" \/>\r\n                        <\/li>\r\n                        <li class=\"sec_li sec_li--character\">\r\n                            <img decoding=\"async\" src=\"https:\/\/guide.fire-emblem-heroes.com\/wp-content\/uploads\/alfred_floral_protector_slide02.png\" alt=\"\" \/>\r\n                        <\/li>\r\n                        <li class=\"sec_li sec_li--character\">\r\n                            <img decoding=\"async\" src=\"https:\/\/guide.fire-emblem-heroes.com\/wp-content\/uploads\/alfred_floral_protector_slide03.png\" alt=\"\" \/>\r\n                        <\/li>\r\n                        <li class=\"sec_li sec_li--character\">\r\n                            <img decoding=\"async\" src=\"https:\/\/guide.fire-emblem-heroes.com\/wp-content\/uploads\/alfred_floral_protector_slide04.png\" alt=\"\" \/>\r\n                        <\/li>\r\n                    <\/ul>\r\n                    <div class=\"sec_charainfoarea flex\">\r\n                        <div class=\"sec_gif\"><img loading=\"lazy\" decoding=\"async\" src=\"https:\/\/guide.fire-emblem-heroes.com\/wp-content\/uploads\/alfred_floral_protector.png\" alt=\"\" width=\"210\" height=\"190\"\/><\/div>\r\n                        <div class=\"sec_charainfo\">\r\n                            <p id=\"CHARA_777_002\" class=\"sec_characate sec_characate--rearmed_heroes\">H\u00e9roes misteriosos<\/p>\r\n                            <p id=\"CHARA_777_003\" class=\"sec_charanick\">Flor protectora<\/p>\r\n                            <p id=\"CHARA_777_004\" class=\"sec_charaname\">Alfred<\/p>\r\n                            <p id=\"CHARA_777_005\" class=\"sec_charaappearancetxt\">Aparece en<\/p>\r\n                            <p id=\"CHARA_777_006\" class=\"sec_charaappearancetxt\">Fire Emblem Engage<\/p>\r\n                        <\/div>\r\n                    <\/div>\r\n                <\/section>\r\n            <\/article>\r\n            <article>\r\n                <section class=\"sec sec_characterarea\">\r\n                    <div class=\"sec_h2chara\">\r\n                        <p id=\"CHARA_777_007\" class=\"sec_h2charattl\">\u00a1Sharena te contar\u00e1 de \u00e9l!<\/p>\r\n                        <h2 id=\"CHARA_777_008\" class=\"sec_h2charatxt\">Flor protectora Alfred<\/h2>\r\n                    <\/div>\r\n                    <dl class=\"sec_dl flex\">\r\n                        <dt id=\"CHARA_777_009\" class=\"sec_dt\">\u00a1Este es Alfred, el pr\u00edncipe heredero de Firene! \u00a1Este h\u00e9roe tan atractivo es el paradigma del pr\u00edncipe perfecto!<\/dt>\r\n                        <dd class=\"sec_dd\">\r\n                            <a href=\"https:\/\/guide.fire-emblem-heroes.com\/wp-content\/uploads\/alfred_floral_protector_pop01.png\" class=\"popup-image\">\r\n                                <img decoding=\"async\" src=\"https:\/\/guide.fire-emblem-heroes.com\/wp-content\/uploads\/alfred_floral_protector_info01.png\" alt=\"\" \/>\r\n                            <\/a>\r\n                        <\/dd>\r\n                        <dt id=\"CHARA_777_010\" class=\"sec_dt\">Aunque no parece especialmente fuerte, en realidad es valeroso e intr\u00e9pido. \u00a1Es muy positivo y muy decidido!<\/dt>\r\n                        <dd class=\"sec_dd\">\r\n                            <a href=\"https:\/\/guide.fire-emblem-heroes.com\/wp-content\/uploads\/alfred_floral_protector_pop02.png\" class=\"popup-image\">\r\n                                <img decoding=\"async\" src=\"https:\/\/guide.fire-emblem-heroes.com\/wp-content\/uploads\/alfred_floral_protector_info02.png\" alt=\"\" \/>\r\n                            <\/a>\r\n                        <\/dd>\r\n                        <dt id=\"CHARA_777_011\" class=\"sec_dt\">Adem\u00e1s, le encanta hacer ejercicio y entrenar su musculatura. De hecho, dicen que la lanza espectacular que lleva fue hecha para ser m\u00e1s pesada que lo normal, \u00a1nunca se pierde un entrenamiento!<\/dt>\r\n                        <dd class=\"sec_dd\">\r\n                            <a href=\"https:\/\/guide.fire-emblem-heroes.com\/wp-content\/uploads\/alfred_floral_protector_pop03.png\" class=\"popup-image\">\r\n                                <img decoding=\"async\" src=\"https:\/\/guide.fire-emblem-heroes.com\/wp-content\/uploads\/alfred_floral_protector_info03.png\" alt=\"\" \/>\r\n                            <\/a>\r\n                        <\/dd>\r\n                        <dt id=\"CHARA_777_012\" class=\"sec_dt\">Qu\u00e9 bueno que haya tantos h\u00e9roes en Askr orgullosos de sus m\u00fasculos. \u00a1Seguro que Alfred se llevar\u00e1 muy bien con ellos!<\/dt>\r\n                        <dd class=\"sec_dd\">\r\n                            <a href=\"https:\/\/guide.fire-emblem-heroes.com\/wp-content\/uploads\/alfred_floral_protector_pop04.png\" class=\"popup-image\">\r\n                                <img decoding=\"async\" src=\"https:\/\/guide.fire-emblem-heroes.com\/wp-content\/uploads\/alfred_floral_protector_info04.png\" alt=\"\" \/>\r\n                            <\/a>\r\n                        <\/dd>\r\n                    <\/dl>\r\n                    <h3 id=\"CHARA_777_013\" class=\"sec_h3charatxt\">Personajes relacionados<\/h3>\r\n                    <h4 id=\"CHARA_777_014\" class=\"sec_h4charatxt\">C\u00e9line<\/h4>\r\n                    <p id=\"CHARA_777_015\" class=\"sec_charatxt\">Princesa de Firene y hermana menor de Alfred. Es muy gentil y adora el t\u00e9.<\/p>\r\n                    <h4 id=\"CHARA_777_016\" class=\"sec_h4charatxt\">Etie<\/h4>\r\n                    <p id=\"CHARA_777_017\" class=\"sec_charatxt\">Caballero real de Firene y vasalla del pr\u00edncipe Alfred. Dama noble que aprovecha cualquier oportunidad para hacer ejercicio f\u00edsico.<\/p>\r\n                <\/section>\r\n            <\/article>\r\n        <\/main>","protected":false},"excerpt":{"rendered":"H\u00e9roes misteriosos Flor protectora Alfred Aparece en Fire Emblem Engage \u00a1Sharena te contar\u00e1 de \u00e9l! Flor protectora Alfred \u00a1Este es Alfred, el pr\u00edncipe heredero de Firene! \u00a1Este h\u00e9roe tan atractivo es el paradigma del pr\u00edncipe perfecto! Aunque no parece especialmente fuerte, en realidad es valeroso e intr\u00e9pido. \u00a1Es muy positivo y muy decidido! Adem\u00e1s, le [&hellip;]","protected":false},"author":1,"featured_media":40330,"comment_status":"closed","ping_status":"closed","sticky":false,"template":"","format":"standard","meta":{"advanced_seo_description":"","jetpack_seo_html_title":"","jetpack_seo_noindex":false,"_jetpack_newsletter_access":"","_jetpack_dont_email_post_to_subs":false,"_jetpack_newsletter_tier_id":0,"_jetpack_memberships_contains_paywalled_content":false,"_locale":"es_MX","_original_post":"https:\/\/guide.fire-emblem-heroes.com\/?p=40210","_jetpack_memberships_contains_paid_content":false,"footnotes":"","jetpack_publicize_message":"","jetpack_publicize_feature_enabled":true,"jetpack_social_post_already_shared":false,"jetpack_social_options":{"image_generator_settings":{"template":"highway","default_image_id":0,"font":"","enabled":false},"version":2},"_wpas_customize_per_network":false,"jetpack_post_was_ever_published":false},"categories":[1512,1384,1496,1390],"tags":[1500],"class_list":["post-40217","post","type-post","status-publish","format-standard","has-post-thumbnail","hentry","category-ex_works_engage","category-character","category-rearmed_heroes","category-stay_heroes","tag-heroes-misteriosos","es-MX"],"jetpack_publicize_connections":[],"jetpack_featured_media_url":"https:\/\/guide.fire-emblem-heroes.com\/wp-content\/uploads\/alfred_floral_protector.png","jetpack_sharing_enabled":false,"jetpack_shortlink":"https:\/\/wp.me\/pa0Mj3-asF","jetpack_likes_enabled":false,"amp_enabled":false,"_links":{"self":[{"href":"https:\/\/guide.fire-emblem-heroes.com\/wp-json\/wp\/v2\/posts\/40217","targetHints":{"allow":["GET"]}}],"collection":[{"href":"https:\/\/guide.fire-emblem-heroes.com\/wp-json\/wp\/v2\/posts"}],"about":[{"href":"https:\/\/guide.fire-emblem-heroes.com\/wp-json\/wp\/v2\/types\/post"}],"author":[{"embeddable":true,"href":"https:\/\/guide.fire-emblem-heroes.com\/wp-json\/wp\/v2\/users\/1"}],"replies":[{"embeddable":true,"href":"https:\/\/guide.fire-emblem-heroes.com\/wp-json\/wp\/v2\/comments?post=40217"}],"version-history":[{"count":3,"href":"https:\/\/guide.fire-emblem-heroes.com\/wp-json\/wp\/v2\/posts\/40217\/revisions"}],"predecessor-version":[{"id":40317,"href":"https:\/\/guide.fire-emblem-heroes.com\/wp-json\/wp\/v2\/posts\/40217\/revisions\/40317"}],"wp:featuredmedia":[{"embeddable":true,"href":"https:\/\/guide.fire-emblem-heroes.com\/wp-json\/wp\/v2\/media\/40330"}],"wp:attachment":[{"href":"https:\/\/guide.fire-emblem-heroes.com\/wp-json\/wp\/v2\/media?parent=40217"}],"wp:term":[{"taxonomy":"category","embeddable":true,"href":"https:\/\/guide.fire-emblem-heroes.com\/wp-json\/wp\/v2\/categories?post=40217"},{"taxonomy":"post_tag","embeddable":true,"href":"https:\/\/guide.fire-emblem-heroes.com\/wp-json\/wp\/v2\/tags?post=40217"}],"curies":[{"name":"wp","href":"https:\/\/api.w.org\/{rel}","templated":true}]}}